{"id":608691,"date":"2025-12-19T03:07:12","date_gmt":"2025-12-19T03:07:12","guid":{"rendered":"https:\/\/www.europesays.com\/fr\/608691\/"},"modified":"2025-12-19T03:07:12","modified_gmt":"2025-12-19T03:07:12","slug":"qui-est-xavier-piechaczyk-propose-par-emmanuel-macron-pour-prendre-la-tete-de-la-ratp","status":"publish","type":"post","link":"https:\/\/www.europesays.com\/fr\/608691\/","title":{"rendered":"Qui est Xavier Piechaczyk, propos\u00e9 par Emmanuel Macron pour prendre la t\u00eate de la RATP\u00a0?"},"content":{"rendered":"<p>                    Par<br \/>\n        <strong><br \/>\n            <a href=\"https:\/\/actu.fr\/auteur\/ines-cussac-actu-fr\" title=\"Consulter tous les articles de In\u00e8s Cussac\" target=\"_blank\" rel=\"noopener\">In\u00e8s Cussac<\/a><br \/>\n                    <\/strong><\/p>\n<p>        Publi\u00e9 le<\/p>\n<p>            18 d\u00e9c. 2025 \u00e0 18h15        <\/p>\n<p>Du RTE \u00e0 la RATP. Emmanuel Macron a enfin tranch\u00e9 en nommant celui qui pourrait <a href=\"https:\/\/actu.fr\/ile-de-france\/paris_75056\/paris-qui-pour-succeder-a-jean-castex-a-la-tete-de-la-ratp-emmanuel-macron-pourrait-choisir-parmi-ces-noms_63573089.html\" target=\"_blank\" rel=\"noopener\">succ\u00e9der \u00e0 Jean Castex<\/a> \u00e0 la t\u00eate de la R\u00e9gie autonome des transports parisiens (<a href=\"https:\/\/actu.fr\/tag\/ratp\" target=\"_blank\" rel=\"noopener\">RATP<\/a>). Le processus avait \u00e9t\u00e9 lanc\u00e9 fin novembre et quelques noms avaient fuit\u00e9, dont celui de <strong>Xavier Piechaczyk<\/strong>, pr\u00e9sident du directoire du R\u00e9seau de transport d\u2019\u00e9lectricit\u00e9 (RTE). L\u2019\u00c9lys\u00e9e a partag\u00e9 cette d\u00e9cision dans un communiqu\u00e9 publi\u00e9 ce jeudi 18\u00a0d\u00e9cembre 2025.<\/p>\n<p class=\" wall-content\">La pr\u00e9sidente de l\u2019Assembl\u00e9e nationale et le pr\u00e9sident du S\u00e9nat, Ya\u00ebl Braun-Pivet et G\u00e9rard Larcher, sont d\u00e9sormais saisis de ce projet de nomination. Les commissions de ces deux assembl\u00e9es doivent encore se prononcer pour valider ou non l\u2019arriv\u00e9e de Xavier Piechaczyk.<\/p>\n<p>Proche d\u2019Emmanuel Macron<\/p>\n<p class=\" wall-content\">\u00c0 la t\u00eate du gestionnaire national du r\u00e9seau de transport d\u2019\u00e9lectricit\u00e9, il est en poste depuis 2020 et reconduit depuis le mois de juin dernier, son mandat \u00e9tant arriv\u00e9 \u00e0 \u00e9ch\u00e9ance.\u00a0Jusque-l\u00e0, Xavier Piechaczyk a connu peu de m\u00e9diatisations. \u00c0\u00a056\u00a0ans, il s\u2019est pr\u00e9sent\u00e9 au grand public lors de la crise \u00e9nerg\u00e9tique de l\u2019hiver 2022-2023, alors qu\u2019une p\u00e9nurie d\u2019\u00e9lectricit\u00e9 \u00e9tait \u00e0 craindre.<\/p>\n<p class=\" wall-content\">Ing\u00e9nieur en chef des ponts, des eaux et des for\u00eats ainsi que docteur en sciences politiques, il est aussi dipl\u00f4m\u00e9 de l\u2019\u00c9cole nationale des travaux publics de l\u2019\u00c9tat et de l\u2019\u00c9cole nationale des ponts et chauss\u00e9es. D\u2019apr\u00e8s <a href=\"https:\/\/www.lemonde.fr\/economie\/article\/2025\/12\/18\/macron-propose-xavier-piechaczyk-a-la-tete-de-la-ratp_6658549_3234.html\" target=\"_blank\" rel=\"noopener\">Le Monde<\/a>, Xavier Piechaczyk \u00e9tait \u00e9galement pressenti pour prendre la suite de Jean-Pierre Farandou \u00e0 la SNCF.<\/p>\n<p class=\" wall-content\">Il est r\u00e9put\u00e9 proche d\u2019Emmanuel Macron, l\u2019ayant d\u00e9j\u00e0 crois\u00e9 alors que ce dernier \u00e9tait secr\u00e9taire g\u00e9n\u00e9ral adjoint de l\u2019\u00c9lys\u00e9e de 2012 \u00e0 2014. L\u2019\u00e9ventuel futur pr\u00e9sident de la RATP \u00e9tait alors conseiller transport du premier ministre de Fran\u00e7ois Hollande, Jean-Marc Ayrault, puis du pr\u00e9sident lui-m\u00eame.<\/p>\n<p>Une complexe entr\u00e9e en mati\u00e8re<\/p>\n<p class=\" wall-content\">Quelques d\u00e9fis attendent d\u00e9j\u00e0 Xavier Piechaczyk. Apr\u00e8s les bus, le r\u00e9seau de transport de la r\u00e9gion francilienne g\u00e9r\u00e9 par \u00cele-de-France Mobilit\u00e9s (IDFM) pr\u00e9voit aussi d\u2019ouvrir \u00e0 la concurrence tous les autres transports collectifs, d\u2019ici 2040. Il verra aussi l\u2019arriv\u00e9e du m\u00e9tro dans les tunnels de la ligne 15 \u00e0 18 du m\u00e9tro du <a href=\"https:\/\/actu.fr\/tag\/grand-paris-express\" target=\"_blank\" rel=\"noopener\">Grand Paris express<\/a>. Le futur pr\u00e9sident de la RATP devra \u00e9galement se charger de l\u2019expansion de la RATP \u00e0 l\u2019\u00e9tranger. Ces importants changements de mod\u00e8le de la R\u00e9gie pr\u00e9sentent<\/p>\n<p>Votre r\u00e9gion, votre actu !<\/p>\n<p>Recevez chaque jour les infos qui comptent pour vous.<\/p>\n<p>\t<a href=\"https:\/\/actu.fr\/newsletter\" class=\"ac-btn ac-btn--corner ac-btn--medium ac-btn--blue800\" target=\"_blank\" rel=\"noopener\">S&rsquo;incrire<\/a><\/p>\n<p class=\" wall-content\">L\u2019arriv\u00e9e de Xavier Piechaczyk pourrait se faire au plus t\u00f4t \u00e0 la fin du mois de janvier\u00a02026. Quelques semaines seulement avant le lancement des n\u00e9gociations annuelles obligatoires (NAO). Une p\u00e9riode charni\u00e8re puisqu\u2019elle n\u00e9cessite de trouver un terrain d\u2019entente avec les organisations syndicales.<\/p>\n<p class=\" wall-content\">Personnalisez votre actualit\u00e9 en ajoutant vos villes et m\u00e9dias en favori avec <a href=\"https:\/\/moncompte.actu.fr\" title=\"D\u00e9couvez Mon Actu\" rel=\"nofollow noopener\" data-trk=\"{&quot;cta&quot;:{&quot;action&quot;:&quot;https:\\\/\\\/moncompte.actu.fr&quot;,&quot;category&quot;:&quot;mon compte&quot;,&quot;from&quot;:&quot;article footer&quot;,&quot;name&quot;:&quot;Mon actu&quot;,&quot;type&quot;:&quot;cta&quot;}}\" target=\"_blank\">Mon Actu<\/a>.<\/p>\n","protected":false},"excerpt":{"rendered":"Par In\u00e8s Cussac Publi\u00e9 le 18 d\u00e9c. 2025 \u00e0 18h15 Du RTE \u00e0 la RATP. Emmanuel Macron a&hellip;\n","protected":false},"author":2,"featured_media":608692,"comment_status":"","ping_status":"","sticky":false,"template":"","format":"standard","meta":{"footnotes":""},"categories":[1888],"tags":[1111,1928,11,1927,1073,1777,674,1011,27,12,1926,626,1925,625,25,104],"class_list":{"0":"post-608691","1":"post","2":"type-post","3":"status-publish","4":"format-standard","5":"has-post-thumbnail","7":"category-paris","8":"tag-actu","9":"tag-actu-paris","10":"tag-actualites","11":"tag-actualites-paris","12":"tag-emmanuel-macron","13":"tag-eu","14":"tag-europe","15":"tag-fr","16":"tag-france","17":"tag-news","18":"tag-news-paris","19":"tag-paris","20":"tag-paris-news","21":"tag-ratp","22":"tag-republique-francaise","23":"tag-societe"},"share_on_mastodon":{"url":"https:\/\/pubeurope.com\/@fr\/115744030351598142","error":""},"_links":{"self":[{"href":"https:\/\/www.europesays.com\/fr\/wp-json\/wp\/v2\/posts\/608691","targetHints":{"allow":["GET"]}}],"collection":[{"href":"https:\/\/www.europesays.com\/fr\/wp-json\/wp\/v2\/posts"}],"about":[{"href":"https:\/\/www.europesays.com\/fr\/wp-json\/wp\/v2\/types\/post"}],"author":[{"embeddable":true,"href":"https:\/\/www.europesays.com\/fr\/wp-json\/wp\/v2\/users\/2"}],"replies":[{"embeddable":true,"href":"https:\/\/www.europesays.com\/fr\/wp-json\/wp\/v2\/comments?post=608691"}],"version-history":[{"count":0,"href":"https:\/\/www.europesays.com\/fr\/wp-json\/wp\/v2\/posts\/608691\/revisions"}],"wp:featuredmedia":[{"embeddable":true,"href":"https:\/\/www.europesays.com\/fr\/wp-json\/wp\/v2\/media\/608692"}],"wp:attachment":[{"href":"https:\/\/www.europesays.com\/fr\/wp-json\/wp\/v2\/media?parent=608691"}],"wp:term":[{"taxonomy":"category","embeddable":true,"href":"https:\/\/www.europesays.com\/fr\/wp-json\/wp\/v2\/categories?post=608691"},{"taxonomy":"post_tag","embeddable":true,"href":"https:\/\/www.europesays.com\/fr\/wp-json\/wp\/v2\/tags?post=608691"}],"curies":[{"name":"wp","href":"https:\/\/api.w.org\/{rel}","templated":true}]}}