{"id":608699,"date":"2025-12-19T03:11:13","date_gmt":"2025-12-19T03:11:13","guid":{"rendered":"https:\/\/www.europesays.com\/fr\/608699\/"},"modified":"2025-12-19T03:11:13","modified_gmt":"2025-12-19T03:11:13","slug":"poutine-attendu-pour-sa-conference-annuelle-devant-la-presse-et-les-citoyens","status":"publish","type":"post","link":"https:\/\/www.europesays.com\/fr\/608699\/","title":{"rendered":"Poutine attendu pour sa confe\u0301rence annuelle devant la presse et les citoyens"},"content":{"rendered":"<p>Publi\u00e9 le 19 d\u00e9c. 2025 \u00e0 03:52<\/p>\n<p>Moscou (AFP) &#8211; Le pr\u00e9sident russe Vladimir Poutine doit r\u00e9pondre vendredi aux journalistes et citoyens et dresser le bilan de l&rsquo;ann\u00e9e, au moment o\u00f9 une intense activit\u00e9 diplomatique est d\u00e9ploy\u00e9e pour trouver une issue \u00e0 la guerre en Ukraine lanc\u00e9e par Moscou il y a pr\u00e8s de quatre ans.<\/p>\n<p>M. Poutine, 73 ans et au pouvoir depuis un quart de si\u00e8cle, est r\u00f4d\u00e9 \u00e0 cette grande conf\u00e9rence annuelle, exercice m\u00e9diatique qui dure g\u00e9n\u00e9ralement plusieurs heures et est retransmis en direct \u00e0 la t\u00e9l\u00e9vision.<\/p>\n<p>Le pr\u00e9sident russe s&rsquo;exprime \u00e0 cette occasion sur un vaste spectre de sujets allant de la g\u00e9opolitique et l&rsquo;\u00e9conomie aux pr\u00e9occupations concr\u00e8tes de la population et probl\u00e8mes locaux.<\/p>\n<p>Comme les ann\u00e9es pr\u00e9c\u00e9dentes, il est tr\u00e8s attendu sur l&rsquo;offensive russe en Ukraine, qui entrera en f\u00e9vrier dans sa cinqui\u00e8me ann\u00e9e, mais aussi sur ses relations avec le pr\u00e9sident am\u00e9ricain Donald Trump, revenu au pouvoir en janvier, ou encore l&rsquo;escalade des tensions avec les Europ\u00e9ens.<\/p>\n<p>Mercredi, M. Poutine a une nouvelle fois martel\u00e9 que les objectifs de la Russie en Ukraine seraient \u00ab\u00a0sans aucun doute atteints\u00a0\u00bb, que ce soit par la voie diplomatique ou par des moyens militaires.Il a aussi eu un ton tr\u00e8s dur envers les dirigeants europ\u00e9ens, qu&rsquo;il a qualifi\u00e9s de \u00ab\u00a0porcelets\u00a0\u00bb qui ambitionnent de provoquer \u00ab\u00a0l&rsquo;effondrement\u00a0\u00bb de la Russie.<\/p>\n<p>Alors que les Etats-Unis multiplient les efforts diplomatiques ces derni\u00e8res semaines pour \u00e9laborer un plan visant \u00e0 mettre fin \u00e0 la guerre, les forces russes ont acc\u00e9l\u00e9r\u00e9 cette ann\u00e9e leurs conqu\u00eates sur le front en Ukraine, dont elles contr\u00f4lent environ 19% du territoire.<\/p>\n<p>&#8211; \u00ab\u00a0Quand arrivera la paix?\u00a0\u00bb &#8211;<\/p>\n<p>Le conflit reste une pr\u00e9occupation majeure des Russes.Selon une enqu\u00eate d&rsquo;opinion du centre ind\u00e9pendant Levada de mi-d\u00e9cembre, 21% des sond\u00e9s souhaitent demander vendredi \u00e0 Vladimir Poutine quand \u00ab\u00a0l&rsquo;op\u00e9ration militaire sp\u00e9ciale\u00a0\u00bb en Ukraine, selon les termes en vigueur en Russie, prendra fin.<\/p>\n<p>Selon cet institut, d\u00e9clar\u00e9 \u00ab\u00a0agent de l&rsquo;\u00e9tranger\u00a0\u00bb par les autorit\u00e9s, 16% des sond\u00e9s aimeraient par ailleurs savoir quand les conditions de vie vont s&rsquo;am\u00e9liorer, alors que la Russie est vis\u00e9e par des sanctions occidentales massives et confront\u00e9e \u00e0 une forte inflation.<\/p>\n<p>\u00ab\u00a0Si j&rsquo;avais la possibilit\u00e9 de poser une question au pr\u00e9sident, je lui demanderais quand la paix arrivera pour tous.Ce serait le bonheur !\u00a0\u00bb, a d\u00e9clar\u00e9 \u00e0 l&rsquo;AFP Anna, une retrait\u00e9 de 65 ans, interrog\u00e9e dans les rues de Moscou.<\/p>\n<p>Grigori, logisticien de 62 ans, voudrait lui aussi \u00ab\u00a0entendre des nouvelles positives sur la fin du conflit\u00a0\u00bb, mais aussi sur \u00ab\u00a0une baisse des taux d&rsquo;int\u00e9r\u00eat des pr\u00eats hypoth\u00e9caires\u00a0\u00bb, qui atteignent des niveaux records en Russie et freinent les investissements.<\/p>\n<p>Si l&rsquo;\u00e9conomie du pays a jusqu&rsquo;ici tenu bon face aux restrictions visant notamment ses exportations d&rsquo;hydrocarbures, les difficult\u00e9s qu&rsquo;elle traverse s&rsquo;expriment via des p\u00e9nuries de main d&rsquo;oeuvre, un co\u00fbt prohibitif des cr\u00e9dits bancaires et une hausse des prix \u00e0 la consommation.<\/p>\n<p>Apr\u00e8s deux ann\u00e9es de croissance port\u00e9es par l&rsquo;effort de guerre, l&rsquo;\u00e9conomie russe montre ainsi des signes de ralentissement.La Banque centrale table sur une croissance du PIB comprise entre 0,5% et 1% pour 2025, contre 4,3% en 2024 et 4,1% en 2023.<\/p>\n<p>&#8211; Dol\u00e9ances &#8211;<\/p>\n<p>Cette grande conf\u00e9rence de presse annuelle est aussi l&rsquo;occasion pour Vladimir Poutine d&rsquo;\u00e9couter pl\u00e9thore de dol\u00e9ances locales de la population \u00e0 travers les r\u00e9gions du plus vaste pays au monde, comme la v\u00e9tust\u00e9 des h\u00f4pitaux, le manque d&rsquo;\u00e9coles ou l&rsquo;\u00e9tat des routes.\u00a0<\/p>\n<p>Selon le porte-parole du Kremlin, Dmitri Peskov, M. Poutine s&rsquo;est pr\u00e9par\u00e9 mercredi \u00ab\u00a0jusque tard dans la nuit\u00a0\u00bb \u00e0 cette conf\u00e9rence en \u00e9pluchant les questions des citoyens, ainsi que toute la journ\u00e9e de jeudi.<\/p>\n<p>Selon M. Peskov, plus de deux millions de questions ont \u00e9t\u00e9 pos\u00e9es au pr\u00e9sident, qui sont tri\u00e9es avec l&rsquo;aide de l&rsquo;intelligence artificielle.Les questions sociales \u00ab\u00a0occupent la premi\u00e8re place\u00a0\u00bb, a-t-il affirm\u00e9 au journal Izvestia.<\/p>\n<p>Ce programme \u00e9tait autrefois divis\u00e9 en deux parties: la grande conf\u00e9rence de presse annuelle avec la participation de m\u00e9dias occidentaux et la \u00ab\u00a0Ligne directe\u00a0\u00bb de questions-r\u00e9ponses avec les citoyens.Depuis 2023, les deux \u00e9missions ont \u00e9t\u00e9 fusionn\u00e9es.<\/p>\n<p>Le face-\u00e0-face de Vladimir Poutine avec la presse porte g\u00e9n\u00e9ralement sur la politique et les grands dossiers internationaux.<\/p>\n<p>La session de questions-r\u00e9ponses avec la population offre, elle, \u00e0 Vladimir Poutine l&rsquo;occasion de promettre de r\u00e9gler des probl\u00e8mes de particuliers, de r\u00e9primander des responsables r\u00e9gionaux et parfois, de faire des confidences sur sa vie priv\u00e9e.<\/p>\n<p>Ces deux \u00e9v\u00e8nements, organis\u00e9s quasi chaque ann\u00e9e depuis 2001, sont les deux grand-messes t\u00e9l\u00e9vis\u00e9es annuelles du pr\u00e9sident russe.<\/p>\n<p>En 2022, elles n&rsquo;avaient pas eu lieu, alors que l&rsquo;arm\u00e9e russe venait d&rsquo;essuyer des revers importants en Ukraine.<\/p>\n","protected":false},"excerpt":{"rendered":"Publi\u00e9 le 19 d\u00e9c. 2025 \u00e0 03:52 Moscou (AFP) &#8211; Le pr\u00e9sident russe Vladimir Poutine doit r\u00e9pondre vendredi&hellip;\n","protected":false},"author":2,"featured_media":608700,"comment_status":"","ping_status":"","sticky":false,"template":"","format":"standard","meta":{"footnotes":""},"categories":[1591],"tags":[11,1887,12,1885,1886,132],"class_list":{"0":"post-608699","1":"post","2":"type-post","3":"status-publish","4":"format-standard","5":"has-post-thumbnail","7":"category-russie","8":"tag-actualites","9":"tag-federation-de-russie","10":"tag-news","11":"tag-russia","12":"tag-russian-federation","13":"tag-russie"},"share_on_mastodon":{"url":"https:\/\/pubeurope.com\/@fr\/115744046059144783","error":""},"_links":{"self":[{"href":"https:\/\/www.europesays.com\/fr\/wp-json\/wp\/v2\/posts\/608699","targetHints":{"allow":["GET"]}}],"collection":[{"href":"https:\/\/www.europesays.com\/fr\/wp-json\/wp\/v2\/posts"}],"about":[{"href":"https:\/\/www.europesays.com\/fr\/wp-json\/wp\/v2\/types\/post"}],"author":[{"embeddable":true,"href":"https:\/\/www.europesays.com\/fr\/wp-json\/wp\/v2\/users\/2"}],"replies":[{"embeddable":true,"href":"https:\/\/www.europesays.com\/fr\/wp-json\/wp\/v2\/comments?post=608699"}],"version-history":[{"count":0,"href":"https:\/\/www.europesays.com\/fr\/wp-json\/wp\/v2\/posts\/608699\/revisions"}],"wp:featuredmedia":[{"embeddable":true,"href":"https:\/\/www.europesays.com\/fr\/wp-json\/wp\/v2\/media\/608700"}],"wp:attachment":[{"href":"https:\/\/www.europesays.com\/fr\/wp-json\/wp\/v2\/media?parent=608699"}],"wp:term":[{"taxonomy":"category","embeddable":true,"href":"https:\/\/www.europesays.com\/fr\/wp-json\/wp\/v2\/categories?post=608699"},{"taxonomy":"post_tag","embeddable":true,"href":"https:\/\/www.europesays.com\/fr\/wp-json\/wp\/v2\/tags?post=608699"}],"curies":[{"name":"wp","href":"https:\/\/api.w.org\/{rel}","templated":true}]}}