{"id":608741,"date":"2025-12-19T03:41:14","date_gmt":"2025-12-19T03:41:14","guid":{"rendered":"https:\/\/www.europesays.com\/fr\/608741\/"},"modified":"2025-12-19T03:41:14","modified_gmt":"2025-12-19T03:41:14","slug":"le-cineaste-christian-de-chalonge-est-decede-actualites","status":"publish","type":"post","link":"https:\/\/www.europesays.com\/fr\/608741\/","title":{"rendered":"Le cin\u00e9aste Christian de Chalonge est d\u00e9c\u00e9d\u00e9 : Actualit\u00e9s"},"content":{"rendered":"<p class=\"lead \">Le cin\u00e9aste Christian de Chalonge, C\u00e9sar du meilleur r\u00e9alisateur en 1979, est d\u00e9c\u00e9d\u00e9 \u00e0 Saint-Denis le 6 d\u00e9cembre \u00e0 88 ans, a annonc\u00e9 son \u00e9pouse Dominique Garnier au journal Le Monde, qui a publi\u00e9 jeudi son avis de d\u00e9c\u00e8s.<\/p>\n<p class=\"lead \">Il avait connu le succ\u00e8s d\u00e8s son troisi\u00e8me film, \u00ab\u00a0L&rsquo;argent des autres\u00a0\u00bb, pour lequel il avait d\u00e9croch\u00e9 le C\u00e9sar du meilleur film et celui du meilleur r\u00e9alisateur en 1979.<\/p>\n<p class=\"lead \">Ce film avec Michel Serrault, Catherine Deneuve et Jean-Louis Trintignant, raconte l&rsquo;histoire d&rsquo;un fond\u00e9 de pouvoir dans une grande banque, licenci\u00e9 \u00e0 tort pour n\u00e9gligence, et confront\u00e9 aux d\u00e9rives du syst\u00e8me bancaire.<\/p>\n<p class=\"lead \">Inspir\u00e9 du scandale de la Garantie Fonci\u00e8re qui \u00e9clate en 1971, le film met en sc\u00e8ne une syndicaliste nomm\u00e9e Arlette Rivi\u00e8re, en r\u00e9f\u00e9rence \u00e0 Arlette Laguiller, syndicaliste au Cr\u00e9dit Lyonnais \u00e0 l&rsquo;\u00e9poque et candidate d&rsquo;extr\u00eame-gauche \u00e0 l&rsquo;\u00e9lection pr\u00e9sidentielle de 1974.<\/p>\n<p class=\"lead \">C&rsquo;est le d\u00e9but d&rsquo;une longue collaboration entre Christian de Chalonge et son acteur f\u00e9tiche, Michel Serrault, avec qui il tournera cinq films.<\/p>\n<p class=\"lead \">Le r\u00e9alisateur le retrouve dans \u00ab\u00a0Malevil\u00a0\u00bb (1981), avec Jacques Villeret, film de science-fiction post-apocalyptique sur des rescap\u00e9s d&rsquo;une explosion nucl\u00e9aire organisant leur vie dans la cave d&rsquo;un ch\u00e2teau.<\/p>\n<p class=\"lead \">Dans \u00ab\u00a0Docteur Petiot\u00a0\u00bb (1990), il offrira \u00e0 Michel Serrault l&rsquo;un de ses r\u00f4les les plus marquants, inspir\u00e9 d&rsquo;un tueur en s\u00e9rie fran\u00e7ais. Le m\u00e9decin Marcel Petiot fut condamn\u00e9 \u00e0 mort en 1946 pour 24 assassinats de juifs et de r\u00e9sistants pendant l&rsquo;occupation.<\/p>\n<p class=\"lead \">Christian de Chalonge a sorti neuf films au cin\u00e9ma entre la fin des ann\u00e9es 1960 et la fin des ann\u00e9es 1990. Il terminera sa carri\u00e8re en r\u00e9alisant plusieurs t\u00e9l\u00e9films, notamment des adaptations de pi\u00e8ces de Moli\u00e8re ainsi que plusieurs \u00e9pisodes de la s\u00e9rie Maigret, le commissaire cr\u00e9\u00e9 par Georges Simenon.<\/p>\n<p class=\"small font-weight-bold text-gray3 \"> publi\u00e9 le 18 d\u00e9cembre \u00e0 20h25, AFP<\/p>\n<p>                             Partager<\/p>\n","protected":false},"excerpt":{"rendered":"Le cin\u00e9aste Christian de Chalonge, C\u00e9sar du meilleur r\u00e9alisateur en 1979, est d\u00e9c\u00e9d\u00e9 \u00e0 Saint-Denis le 6 d\u00e9cembre&hellip;\n","protected":false},"author":2,"featured_media":608742,"comment_status":"","ping_status":"","sticky":false,"template":"","format":"standard","meta":{"footnotes":""},"categories":[8],"tags":[1971,1972,58,59,1011,27,18],"class_list":{"0":"post-608741","1":"post","2":"type-post","3":"status-publish","4":"format-standard","5":"has-post-thumbnail","7":"category-divertissement","8":"tag-clbrits","9":"tag-cinma","10":"tag-divertissement","11":"tag-entertainment","12":"tag-fr","13":"tag-france","14":"tag-mort"},"share_on_mastodon":{"url":"https:\/\/pubeurope.com\/@fr\/115744164067947818","error":""},"_links":{"self":[{"href":"https:\/\/www.europesays.com\/fr\/wp-json\/wp\/v2\/posts\/608741","targetHints":{"allow":["GET"]}}],"collection":[{"href":"https:\/\/www.europesays.com\/fr\/wp-json\/wp\/v2\/posts"}],"about":[{"href":"https:\/\/www.europesays.com\/fr\/wp-json\/wp\/v2\/types\/post"}],"author":[{"embeddable":true,"href":"https:\/\/www.europesays.com\/fr\/wp-json\/wp\/v2\/users\/2"}],"replies":[{"embeddable":true,"href":"https:\/\/www.europesays.com\/fr\/wp-json\/wp\/v2\/comments?post=608741"}],"version-history":[{"count":0,"href":"https:\/\/www.europesays.com\/fr\/wp-json\/wp\/v2\/posts\/608741\/revisions"}],"wp:featuredmedia":[{"embeddable":true,"href":"https:\/\/www.europesays.com\/fr\/wp-json\/wp\/v2\/media\/608742"}],"wp:attachment":[{"href":"https:\/\/www.europesays.com\/fr\/wp-json\/wp\/v2\/media?parent=608741"}],"wp:term":[{"taxonomy":"category","embeddable":true,"href":"https:\/\/www.europesays.com\/fr\/wp-json\/wp\/v2\/categories?post=608741"},{"taxonomy":"post_tag","embeddable":true,"href":"https:\/\/www.europesays.com\/fr\/wp-json\/wp\/v2\/tags?post=608741"}],"curies":[{"name":"wp","href":"https:\/\/api.w.org\/{rel}","templated":true}]}}