{"id":608743,"date":"2025-12-19T03:42:25","date_gmt":"2025-12-19T03:42:25","guid":{"rendered":"https:\/\/www.europesays.com\/fr\/608743\/"},"modified":"2025-12-19T03:42:25","modified_gmt":"2025-12-19T03:42:25","slug":"le-prix-le-plus-bas-jamais-vu","status":"publish","type":"post","link":"https:\/\/www.europesays.com\/fr\/608743\/","title":{"rendered":"le prix le plus bas jamais vu\u00a0!"},"content":{"rendered":"<p>                    <b>Si vous d\u00e9sirez vous offrir un MacBook Air dot\u00e9 de 16 Go de m\u00e9moire unifi\u00e9 au tarif le plus bas, c&rsquo;est le moment de craquer gr\u00e2ce \u00e0 une int\u00e9ressante promotion, avec un prix encore plus bas que pour le Black Friday.<\/b><\/p>\n<p>                                                                                                                                                        <img decoding=\"async\" src=\"https:\/\/www.europesays.com\/fr\/wp-content\/uploads\/2025\/12\/6bc50beca8_macbook-air-m2-16-promo-prix-le-plus-bas-soldes-idee-cadeau-noel.webp.webp\" alt=\"MacBook Air M2 16 promo prix le plus bas soldes id\u00e9e cadeau No\u00ebl\" width=\"1200\" height=\"671\" loading=\"lazy\"\/>        <\/p>\n<p>Le MacBook Air M2 \u00e0 724\u20ac<\/p>\n<p>Le MacBook Air M2 d&rsquo;entr\u00e9e de gamme avec une puce M2 dot\u00e9e de 8 c\u0153urs CPU et de 8 c\u0153urs GPU, 16 Go de m\u00e9moire unifi\u00e9e et de 256 Go de stockage SSD est <b>une machine qui devrait satisfaire de nombreux utilisateurs en qu\u00eate d&rsquo;une machine pour la majorit\u00e9 des usages du quotidien<\/b>. Le design est moderne et identique aux dernier mod\u00e8les en date, la puce M2 est largement capable d&rsquo;offrir un comportement fluide, y compris pour des applications exigeantes, comme du montage vid\u00e9o occasionnel, de la retouche photo, ou encore de la M.A.O sur des projets raisonnables. <\/p>\n<p><b>Les 16 Go de m\u00e9moire unifi\u00e9e permettront quant \u00e0 eux d&rsquo;\u00eatre \u00e0 l&rsquo;aise en multit\u00e2che et d&rsquo;affronter l&rsquo;avenir sereinement <\/b>(les MacBook Air M3 et M4 sont \u00e9galement dot\u00e9s de 16 Go de RAM). Enfin, le MacBook Air M2 sera \u00e9videment compatible avec de nombreuses mises \u00e0 jour, dont macOS 26 Tahoe qui sera disponible cet automne. <\/p>\n<p>Un tr\u00e8s bon rapport qualit\u00e9\/prix<\/p>\n<p>A ce tarif, vous disposerez d&rsquo;un Mac moderne (le design risque de ne pas changer avant plusieurs g\u00e9n\u00e9rations), <b>avec une puissance largement suffisante pour de nombreux usages<\/b>, le tout dans un format totalement silencieux car d\u00e9pourvu de ventilation active. Seul le stockage peut s&rsquo;av\u00e9rer trop juste en fonction de votre utilisation, avec toutefois la possibilit\u00e9 d&rsquo;ajouter du stockage externe gr\u00e2ce aux ports Thunderbolt. <b>Si le budget le permet, le MacBook Air M4 est d\u00e9sormais propos\u00e9 \u00e0 partir de 942 euros.<\/b><\/p>\n","protected":false},"excerpt":{"rendered":"Si vous d\u00e9sirez vous offrir un MacBook Air dot\u00e9 de 16 Go de m\u00e9moire unifi\u00e9 au tarif le&hellip;\n","protected":false},"author":2,"featured_media":608744,"comment_status":"","ping_status":"","sticky":false,"template":"","format":"standard","meta":{"footnotes":""},"categories":[7],"tags":[733,1011,27,6049,40386,60639,43,40,41,39,42,44],"class_list":{"0":"post-608743","1":"post","2":"type-post","3":"status-publish","4":"format-standard","5":"has-post-thumbnail","7":"category-sciences-et-technologies","8":"tag-apple","9":"tag-fr","10":"tag-france","11":"tag-mac","12":"tag-macbook","13":"tag-macbookairm2","14":"tag-science","15":"tag-science-and-technology","16":"tag-sciences","17":"tag-sciences-et-technologies","18":"tag-technologies","19":"tag-technology"},"share_on_mastodon":{"url":"https:\/\/pubeurope.com\/@fr\/115744168663804717","error":""},"_links":{"self":[{"href":"https:\/\/www.europesays.com\/fr\/wp-json\/wp\/v2\/posts\/608743","targetHints":{"allow":["GET"]}}],"collection":[{"href":"https:\/\/www.europesays.com\/fr\/wp-json\/wp\/v2\/posts"}],"about":[{"href":"https:\/\/www.europesays.com\/fr\/wp-json\/wp\/v2\/types\/post"}],"author":[{"embeddable":true,"href":"https:\/\/www.europesays.com\/fr\/wp-json\/wp\/v2\/users\/2"}],"replies":[{"embeddable":true,"href":"https:\/\/www.europesays.com\/fr\/wp-json\/wp\/v2\/comments?post=608743"}],"version-history":[{"count":0,"href":"https:\/\/www.europesays.com\/fr\/wp-json\/wp\/v2\/posts\/608743\/revisions"}],"wp:featuredmedia":[{"embeddable":true,"href":"https:\/\/www.europesays.com\/fr\/wp-json\/wp\/v2\/media\/608744"}],"wp:attachment":[{"href":"https:\/\/www.europesays.com\/fr\/wp-json\/wp\/v2\/media?parent=608743"}],"wp:term":[{"taxonomy":"category","embeddable":true,"href":"https:\/\/www.europesays.com\/fr\/wp-json\/wp\/v2\/categories?post=608743"},{"taxonomy":"post_tag","embeddable":true,"href":"https:\/\/www.europesays.com\/fr\/wp-json\/wp\/v2\/tags?post=608743"}],"curies":[{"name":"wp","href":"https:\/\/api.w.org\/{rel}","templated":true}]}}