{"id":608747,"date":"2025-12-19T03:44:13","date_gmt":"2025-12-19T03:44:13","guid":{"rendered":"https:\/\/www.europesays.com\/fr\/608747\/"},"modified":"2025-12-19T03:44:13","modified_gmt":"2025-12-19T03:44:13","slug":"donald-trump-classifie-la-marijuana-en-drogue-moins-dangereuse-mais-rejette-sa-depenalisation-federale","status":"publish","type":"post","link":"https:\/\/www.europesays.com\/fr\/608747\/","title":{"rendered":"Donald Trump classifie la marijuana en drogue moins dangereuse mais rejette sa d\u00e9p\u00e9nalisation f\u00e9d\u00e9rale"},"content":{"rendered":"<p>                      <img loading=\"lazy\" decoding=\"async\" src=\"https:\/\/www.europesays.com\/fr\/wp-content\/uploads\/2025\/12\/2386801_ftp-1-8ash9ux73au5-5712300-01-06.jpg\" alt=\"Du cannabis expos\u00e9 dans une boutique \u00e0 Cherokee, en Caroline du Nord, le 2\u00a0novembre\u00a02024. \"   width=\"664\" height=\"443\"\/>    Du cannabis expos\u00e9 dans une boutique \u00e0 Cherokee, en Caroline du Nord, le 2\u00a0novembre\u00a02024.  YASUYOSHI CHIBA \/ AFP                          <\/p>\n<p class=\"article__paragraph  \">Donald Trump a sign\u00e9 un d\u00e9cret, jeudi 18\u00a0d\u00e9cembre, permettant de reclasser la marijuana comme substance addictive moins dangereuse. Cette d\u00e9cision est cens\u00e9e encourager la recherche m\u00e9dicale sans ouvrir dans l\u2019imm\u00e9diat sur une d\u00e9p\u00e9nalisation au niveau f\u00e9d\u00e9ral.<\/p>\n<p class=\"article__paragraph  \">Le pr\u00e9sident am\u00e9ricain a assur\u00e9 que \u00ab\u00a0les gens [le] suppliaient\u00a0\u00bb de prendre cette d\u00e9cision, \u00e9voquant en particulier des personnes souffrant de douleurs chroniques. Ce \u00ab\u00a0n\u2019est en rien une d\u00e9p\u00e9nalisation\u00a0\u00bb de la marijuana pour des usages autres que m\u00e9dicaux, a-t-il pr\u00e9cis\u00e9 avant de signer le d\u00e9cret. \u00ab\u00a0J\u2019ai toujours dit \u00e0 mes enfants, ne prenez pas de drogues, ne buvez pas, ne fumez pas\u00a0\u00bb, a ajout\u00e9 Donald Trump.<\/p>\n<p class=\"article__paragraph  \">Dans le d\u00e9tail, la marijuana doit passer de la cat\u00e9gorie 1, la plus \u00e9lev\u00e9e de la nomenclature, \u00e0 la cat\u00e9gorie 3. La premi\u00e8re comprend notamment l\u2019h\u00e9ro\u00efne, le LSD ou l\u2019ecstasy, tandis que l\u2019autre regroupe des substances pr\u00e9sentant un risque de d\u00e9pendance mod\u00e9r\u00e9 \u00e0 faible comme certains m\u00e9dicaments \u00e0 la cod\u00e9ine. Cette proposition de reclassement sera n\u00e9anmoins soumise \u00e0 la d\u00e9cision de l\u2019Agence antidrogue am\u00e9ricaine (DEA).<\/p>\n<p>                                       Lire aussi |  Article r\u00e9serv\u00e9 \u00e0 nos abonn\u00e9s  <a href=\"https:\/\/www.lemonde.fr\/societe\/article\/2025\/09\/11\/alcool-tabac-cannabis-des-comportements-a-risque-en-recul-chez-les-jeunes-de-16-ans_6640377_3224.html\" class=\"js-article-read-also catcher--favoris__link\" data-premium=\"1\" id=\"article-title-3437461\" target=\"_blank\" rel=\"noopener\">Des comportements \u00e0 risque en recul chez les jeunes de 16\u00a0ans, que ce soit pour l\u2019alcool, le tabac ou le cannabis<\/a>    <\/p>\n<p>   Lire plus tard  <\/p>\n<p class=\"article__paragraph  \">Il s\u2019agit d\u2019une d\u00e9cision \u00ab\u00a0de bon sens\u00a0\u00bb, a dit une haute responsable du gouvernement dans un \u00e9change avec la presse. Elle a rappel\u00e9 que la marijuana et les produits \u00e0 base de CBD (une mol\u00e9cule extraite du cannabis r\u00e9put\u00e9e pour ses vertus relaxantes) \u00e9taient d\u00e9j\u00e0 utilis\u00e9s aux Etats-Unis par de nombreux patients souffrant de douleurs chroniques.<\/p>\n<p class=\"article__paragraph  \">La majorit\u00e9 des Etats am\u00e9ricains autorisent en effet la consommation \u00e0 des fins m\u00e9dicales du cannabis et plus de vingt d\u2019entre eux ont \u00e9galement l\u00e9galis\u00e9 son usage r\u00e9cr\u00e9atif. Cette annonce devrait notamment permettre de faire davantage de recherches sur les risques d\u2019addiction li\u00e9s \u00e0 ces substances, a pr\u00e9cis\u00e9 la responsable.<\/p>\n<p>                    Des contraintes moindres pour les entreprises du secteur                    <\/p>\n<p class=\"article__paragraph  \">Par ailleurs, \u00ab\u00a0des millions\u00a0\u00bb de b\u00e9n\u00e9ficiaires de l\u2019assurance-sant\u00e9 publique des plus de 65\u00a0ans (ou Medicare) pourront se voir prescrire gratuitement \u00e0 partir du printemps prochain des produits \u00e0 base de CBD, a annonc\u00e9 Mehmet Oz, qui pilote ce r\u00e9gime d\u2019assurance-sant\u00e9.<\/p>\n<p class=\"article__paragraph  \">Bien que pr\u00e8s des trois quarts des Am\u00e9ricains vivent dans un Etat o\u00f9 cette drogue est l\u00e9gale, cette nouvelle classification maintiendra \u00ab\u00a0la criminalisation au niveau f\u00e9d\u00e9ral\u00a0\u00bb, a relev\u00e9 dans un communiqu\u00e9 Cat Packer, une responsable de l\u2019organisation CRCC, une coalition de responsables locaux impliqu\u00e9s sur ces questions. Cette annonce \u00ab\u00a0est loin de r\u00e9pondre aux r\u00e9formes\u00a0\u00bb n\u00e9cessaires, a-t-elle regrett\u00e9, assurant que \u00ab\u00a0le peuple am\u00e9ricain soutient massivement la l\u00e9galisation et la fin de la criminalisation f\u00e9d\u00e9rale du cannabis\u00a0\u00bb.<\/p>\n<p> Le Monde M\u00e9morable  <\/p>\n<p> <a href=\"https:\/\/www.lemonde.fr\/memorable\/?rfextension=inread\" class=\"inread__link js-services-inread-link\" target=\"_blank\" rel=\"noopener\">  <\/p>\n<p>Testez votre culture g\u00e9n\u00e9rale avec la r\u00e9daction du \u00ab Monde \u00bb<\/p>\n<p>Testez votre culture g\u00e9n\u00e9rale avec la r\u00e9daction du \u00ab Monde \u00bb<\/p>\n<p>D\u00e9couvrir<\/p>\n<p> <\/a>      <\/p>\n<p> Newsletter  <\/p>\n<p> <a href=\"https:\/\/www.lemonde.fr\/newsletters\/a-la-une\/\" class=\"inread__link js-services-inread-link\" target=\"_blank\" rel=\"noopener\">  <\/p>\n<p>\u00ab A la une \u00bb<\/p>\n<p>Chaque matin, parcourez l&rsquo;essentiel de l&rsquo;actualit\u00e9 du jour avec les derniers titres du \u00ab Monde \u00bb<\/p>\n<p>S&rsquo;inscrire<\/p>\n<p> <\/a>          <\/p>\n<p> Le Monde Application  <\/p>\n<p> <a href=\"https:\/\/lamatinale.onelink.me\/gKMy\/ahw2ubr3\" class=\"inread__link js-services-inread-link\" target=\"_blank\" rel=\"noopener\">  <\/p>\n<p>La Matinale du Monde<\/p>\n<p>Chaque matin, retrouvez notre s\u00e9lection de 20 articles \u00e0 ne pas manquer <\/p>\n<p>T\u00e9l\u00e9charger l&rsquo;application<\/p>\n<p> <\/a>      <\/p>\n<p> Newsletter abonn\u00e9s  <\/p>\n<p> <a href=\"https:\/\/www.lemonde.fr\/newsletters\/international\/\" class=\"inread__link js-services-inread-link\" target=\"_blank\" rel=\"noopener\">  <\/p>\n<p>\u00ab International \u00bb<\/p>\n<p>L\u2019essentiel de l\u2019actualit\u00e9 internationale de la semaine<\/p>\n<p>S&rsquo;inscrire<\/p>\n<p> <\/a>             <\/p>\n<p class=\"article__paragraph  \">Cette mesure pourrait toutefois avoir d\u2019importantes r\u00e9percussions \u00e9conomiques en all\u00e9geant les contraintes des entreprises cultivant ou commercialisant du cannabis.<\/p>\n<p class=\"article__paragraph  \">Le cannabis, qui est un d\u00e9riv\u00e9 du chanvre, avait \u00e9t\u00e9 class\u00e9 en cat\u00e9gorie 1 en\u00a01970, sous l\u2019influence du pr\u00e9sident r\u00e9publicain Richard Nixon qui avait d\u00e9clar\u00e9 une \u00ab\u00a0guerre totale contre les drogues illicites\u00a0\u00bb. L\u2019ancien pr\u00e9sident d\u00e9mocrate Joe Biden avait pouss\u00e9 pour une telle mesure mais ce changement avait \u00e9chou\u00e9 \u00e0 se concr\u00e9tiser.<\/p>\n<p>                                       Lire aussi (2023) :  Article r\u00e9serv\u00e9 \u00e0 nos abonn\u00e9s  <a href=\"https:\/\/www.lemonde.fr\/economie\/article\/2023\/10\/01\/le-cannabis-une-plante-incontournable-des-pharmacopees-anciennes_6191896_3234.html\" class=\"js-article-read-also catcher--favoris__link\" data-premium=\"1\" id=\"article-title-3340623\" target=\"_blank\" rel=\"noopener\">Le cannabis, une plante incontournable des pharmacop\u00e9es anciennes<\/a>    <\/p>\n<p>   Lire plus tard  <\/p>\n<p class=\"author__detail\">  Le Monde avec AFP  <\/p>\n<p>                <a href=\"https:\/\/www.lemonde.fr\/syndication\/\" class=\"reuse__content\" title=\"R\u00e9utiliser ce contenu\" target=\"_blank\" rel=\"noopener\">R\u00e9utiliser ce contenu<\/a>      <\/p>\n","protected":false},"excerpt":{"rendered":"Du cannabis expos\u00e9 dans une boutique \u00e0 Cherokee, en Caroline du Nord, le 2\u00a0novembre\u00a02024. YASUYOSHI CHIBA \/ AFP&hellip;\n","protected":false},"author":2,"featured_media":608748,"comment_status":"","ping_status":"","sticky":false,"template":"","format":"standard","meta":{"footnotes":""},"categories":[5],"tags":[11,1011,27,14,12,28],"class_list":{"0":"post-608747","1":"post","2":"type-post","3":"status-publish","4":"format-standard","5":"has-post-thumbnail","7":"category-international","8":"tag-actualites","9":"tag-fr","10":"tag-france","11":"tag-international","12":"tag-news","13":"tag-world"},"share_on_mastodon":{"url":"https:\/\/pubeurope.com\/@fr\/115744176449520351","error":""},"_links":{"self":[{"href":"https:\/\/www.europesays.com\/fr\/wp-json\/wp\/v2\/posts\/608747","targetHints":{"allow":["GET"]}}],"collection":[{"href":"https:\/\/www.europesays.com\/fr\/wp-json\/wp\/v2\/posts"}],"about":[{"href":"https:\/\/www.europesays.com\/fr\/wp-json\/wp\/v2\/types\/post"}],"author":[{"embeddable":true,"href":"https:\/\/www.europesays.com\/fr\/wp-json\/wp\/v2\/users\/2"}],"replies":[{"embeddable":true,"href":"https:\/\/www.europesays.com\/fr\/wp-json\/wp\/v2\/comments?post=608747"}],"version-history":[{"count":0,"href":"https:\/\/www.europesays.com\/fr\/wp-json\/wp\/v2\/posts\/608747\/revisions"}],"wp:featuredmedia":[{"embeddable":true,"href":"https:\/\/www.europesays.com\/fr\/wp-json\/wp\/v2\/media\/608748"}],"wp:attachment":[{"href":"https:\/\/www.europesays.com\/fr\/wp-json\/wp\/v2\/media?parent=608747"}],"wp:term":[{"taxonomy":"category","embeddable":true,"href":"https:\/\/www.europesays.com\/fr\/wp-json\/wp\/v2\/categories?post=608747"},{"taxonomy":"post_tag","embeddable":true,"href":"https:\/\/www.europesays.com\/fr\/wp-json\/wp\/v2\/tags?post=608747"}],"curies":[{"name":"wp","href":"https:\/\/api.w.org\/{rel}","templated":true}]}}