{"id":608755,"date":"2025-12-19T03:50:16","date_gmt":"2025-12-19T03:50:16","guid":{"rendered":"https:\/\/www.europesays.com\/fr\/608755\/"},"modified":"2025-12-19T03:50:16","modified_gmt":"2025-12-19T03:50:16","slug":"la-start-up-du-jour-steminov-cree-whartsep-une-riposte-revolutionnaire-a-nancy-face-au-choc-septique","status":"publish","type":"post","link":"https:\/\/www.europesays.com\/fr\/608755\/","title":{"rendered":"La start-up du jour. StemInov cr\u00e9e WhartSep\u00ae, une riposte r\u00e9volutionnaire \u00e0 Nancy face au choc septique"},"content":{"rendered":"<p>La biotech StemInov, p\u00e9pite de la biopharmaceutique fran\u00e7aise n\u00e9e \u00e0 Nancy en 2019, a finalis\u00e9 en ao\u00fbt une lev\u00e9e de fonds de 10,6\u00a0millions d\u2019euros. Annonc\u00e9 en septembre, ce financement est un palier pour acc\u00e9l\u00e9rer le d\u00e9veloppement de son candidat-m\u00e9dicament, WhartSep\u00ae, con\u00e7u pour combattre le choc septique et le syndrome de d\u00e9tresse respiratoire aigu (SDRA). Des pathologies o\u00f9 les options th\u00e9rapeutiques sp\u00e9cifiques sont aujourd\u2019hui insuffisantes.<\/p>\n<p>Le choc septique est une infection brutale et d\u00e9l\u00e9t\u00e8re (sepsis) qui, en se g\u00e9n\u00e9ralisant, provoque une d\u00e9faillance circulatoire et repr\u00e9sente la premi\u00e8re cause de d\u00e9c\u00e8s en r\u00e9animation.\u00a0Chaque ann\u00e9e, 40 000 Fran\u00e7ais en d\u00e9c\u00e8dent.<\/p>\n<p>Des cellules&#8230;                        <\/p>\n","protected":false},"excerpt":{"rendered":"La biotech StemInov, p\u00e9pite de la biopharmaceutique fran\u00e7aise n\u00e9e \u00e0 Nancy en 2019, a finalis\u00e9 en ao\u00fbt une&hellip;\n","protected":false},"author":2,"featured_media":608756,"comment_status":"","ping_status":"","sticky":false,"template":"","format":"standard","meta":{"footnotes":""},"categories":[9635],"tags":[1111,11,33,1777,674,1011,27,775,5015,3457,1702,12,3456,25,71,767],"class_list":{"0":"post-608755","1":"post","2":"type-post","3":"status-publish","4":"format-standard","5":"has-post-thumbnail","7":"category-nancy","8":"tag-actu","9":"tag-actualites","10":"tag-economie","11":"tag-eu","12":"tag-europe","13":"tag-fr","14":"tag-france","15":"tag-grand-est","16":"tag-innovation-et-start-up","17":"tag-meurthe-et-moselle","18":"tag-nancy","19":"tag-news","20":"tag-region-lorraine","21":"tag-republique-francaise","22":"tag-sante","23":"tag-science-et-technologie"},"share_on_mastodon":{"url":"https:\/\/pubeurope.com\/@fr\/115744199321611776","error":""},"_links":{"self":[{"href":"https:\/\/www.europesays.com\/fr\/wp-json\/wp\/v2\/posts\/608755","targetHints":{"allow":["GET"]}}],"collection":[{"href":"https:\/\/www.europesays.com\/fr\/wp-json\/wp\/v2\/posts"}],"about":[{"href":"https:\/\/www.europesays.com\/fr\/wp-json\/wp\/v2\/types\/post"}],"author":[{"embeddable":true,"href":"https:\/\/www.europesays.com\/fr\/wp-json\/wp\/v2\/users\/2"}],"replies":[{"embeddable":true,"href":"https:\/\/www.europesays.com\/fr\/wp-json\/wp\/v2\/comments?post=608755"}],"version-history":[{"count":0,"href":"https:\/\/www.europesays.com\/fr\/wp-json\/wp\/v2\/posts\/608755\/revisions"}],"wp:featuredmedia":[{"embeddable":true,"href":"https:\/\/www.europesays.com\/fr\/wp-json\/wp\/v2\/media\/608756"}],"wp:attachment":[{"href":"https:\/\/www.europesays.com\/fr\/wp-json\/wp\/v2\/media?parent=608755"}],"wp:term":[{"taxonomy":"category","embeddable":true,"href":"https:\/\/www.europesays.com\/fr\/wp-json\/wp\/v2\/categories?post=608755"},{"taxonomy":"post_tag","embeddable":true,"href":"https:\/\/www.europesays.com\/fr\/wp-json\/wp\/v2\/tags?post=608755"}],"curies":[{"name":"wp","href":"https:\/\/api.w.org\/{rel}","templated":true}]}}