{"id":608757,"date":"2025-12-19T03:52:52","date_gmt":"2025-12-19T03:52:52","guid":{"rendered":"https:\/\/www.europesays.com\/fr\/608757\/"},"modified":"2025-12-19T03:52:52","modified_gmt":"2025-12-19T03:52:52","slug":"pronostic-grenoble-foot-nancy-coupe-de-france","status":"publish","type":"post","link":"https:\/\/www.europesays.com\/fr\/608757\/","title":{"rendered":"Pronostic Grenoble Foot Nancy &#8211; Coupe De France"},"content":{"rendered":"<p class=\"text-xs leading-5 text-gray-400 mb-2\">\n                        Publi\u00e9 le 18\/12\/2025 11:00<br \/>\n                        \u00a0par<br \/>\n                                                            <a href=\"https:\/\/www.sportytrader.com\/auteur\/steeven-occhipinti-1\/\" target=\"_blank\" rel=\"noopener\">Steeven Occhipinti<\/a><\/p>\n<p>                                                                                                            dans<br \/>\n                                <a data-trans=\"tips.published.competition %competition%\" href=\"https:\/\/www.sportytrader.com\/pronostics\/football\/france\/coupe-de-france-126\/\" target=\"_blank\" rel=\"noopener\"><br \/>\n                                    Pronostic Coupe De France<br \/>\n                                <\/a><\/p>\n<p style=\"text-align: justify;\">Les 32es de finale de la Coupe de France nous offre un duel 100% Ligue 2 entre le Grenoble Foot 38 et l&rsquo;AS Nancy-Lorraine, ce samedi \u00e0 18h00 au Stade des Alpes. Depuis quelques semaines, le club grenoblois est redevenu tr\u00e8s solide en championnat. Il n&rsquo;a perdu qu&rsquo;une seule fois lors de ses 6 pr\u00e9c\u00e9dentes journ\u00e9es et est remont\u00e9 \u00e0 la 11e place du classement. Le week-end dernier, il est parvenu \u00e0 accrocher le Montpellier HSC, l&rsquo;un des cadors de la Ligue 2 (1-1). Pour couronner le tout, l&rsquo;\u00e9quipe entra\u00een\u00e9e par\u00a0Franck Rizzetto a d\u00e9j\u00e0 brill\u00e9 dans cette \u00e9dition de Coupe de France, en sortant le FC Annecy au tour pr\u00e9c\u00e9dent (1-2).<\/p>\n<p style=\"text-align: justify;\">Pour l&rsquo;AS Nancy-Lorraine, ce n&rsquo;est pas la m\u00eame histoire. Promu en Ligue 2 en d\u00e9but de saison, elle sait qu&rsquo;elle\u00a0risque de lutter longtemps pour son maintien. Apr\u00e8s 4 revers de suite, dont une d\u00e9faite sur la pelouse du GF38 le 5 d\u00e9cembre dernier (1-0), le club nanc\u00e9ien vient de renouer avec la victoire en championnat. Il reste sur un succ\u00e8s contre le Clermont Foot (1-0). Un excellent r\u00e9sultat qui permet aux hommes de Pablo Correa de sortir de la zone rouge et de revenir \u00e0 la 15e position. Ils pourraient cependant avoir du mal \u00e0 encha\u00eener pour ce d\u00e9placement en Is\u00e8re.<\/p>\n","protected":false},"excerpt":{"rendered":"Publi\u00e9 le 18\/12\/2025 11:00 \u00a0par Steeven Occhipinti dans Pronostic Coupe De France Les 32es de finale de la&hellip;\n","protected":false},"author":2,"featured_media":608758,"comment_status":"","ping_status":"","sticky":false,"template":"","format":"standard","meta":{"footnotes":""},"categories":[9635],"tags":[1111,11,83,1777,674,1011,27,775,11705,1702,12,1817,1821,25],"class_list":{"0":"post-608757","1":"post","2":"type-post","3":"status-publish","4":"format-standard","5":"has-post-thumbnail","7":"category-nancy","8":"tag-actu","9":"tag-actualites","10":"tag-coupe-de-france","11":"tag-eu","12":"tag-europe","13":"tag-fr","14":"tag-france","15":"tag-grand-est","16":"tag-grenoble-foot","17":"tag-nancy","18":"tag-news","19":"tag-pronostic","20":"tag-pronostics","21":"tag-republique-francaise"},"share_on_mastodon":{"url":"https:\/\/pubeurope.com\/@fr\/115744211180524910","error":""},"_links":{"self":[{"href":"https:\/\/www.europesays.com\/fr\/wp-json\/wp\/v2\/posts\/608757","targetHints":{"allow":["GET"]}}],"collection":[{"href":"https:\/\/www.europesays.com\/fr\/wp-json\/wp\/v2\/posts"}],"about":[{"href":"https:\/\/www.europesays.com\/fr\/wp-json\/wp\/v2\/types\/post"}],"author":[{"embeddable":true,"href":"https:\/\/www.europesays.com\/fr\/wp-json\/wp\/v2\/users\/2"}],"replies":[{"embeddable":true,"href":"https:\/\/www.europesays.com\/fr\/wp-json\/wp\/v2\/comments?post=608757"}],"version-history":[{"count":0,"href":"https:\/\/www.europesays.com\/fr\/wp-json\/wp\/v2\/posts\/608757\/revisions"}],"wp:featuredmedia":[{"embeddable":true,"href":"https:\/\/www.europesays.com\/fr\/wp-json\/wp\/v2\/media\/608758"}],"wp:attachment":[{"href":"https:\/\/www.europesays.com\/fr\/wp-json\/wp\/v2\/media?parent=608757"}],"wp:term":[{"taxonomy":"category","embeddable":true,"href":"https:\/\/www.europesays.com\/fr\/wp-json\/wp\/v2\/categories?post=608757"},{"taxonomy":"post_tag","embeddable":true,"href":"https:\/\/www.europesays.com\/fr\/wp-json\/wp\/v2\/tags?post=608757"}],"curies":[{"name":"wp","href":"https:\/\/api.w.org\/{rel}","templated":true}]}}