{"id":608765,"date":"2025-12-19T03:57:14","date_gmt":"2025-12-19T03:57:14","guid":{"rendered":"https:\/\/www.europesays.com\/fr\/608765\/"},"modified":"2025-12-19T03:57:14","modified_gmt":"2025-12-19T03:57:14","slug":"au-parnasse-les-freres-lebrun-et-dorr-menent-nimes-montpellier-a-la-victoire-3-0-face-a-pontoise","status":"publish","type":"post","link":"https:\/\/www.europesays.com\/fr\/608765\/","title":{"rendered":"Au Parnasse, les fr\u00e8res Lebrun et Dorr m\u00e8nent N\u00eemes-Montpellier \u00e0 la victoire (3-0) face \u00e0 Pontoise"},"content":{"rendered":"<p>\n                                                                Jeudi 18\u00a0d\u00e9cembre, au Parnasse \u00e0 N\u00eemes, lors de la 7e journ\u00e9e de Pro A messieurs. N\u00eemes-Montpellier n\u2019a jamais trembl\u00e9 face \u00e0 Pontoise (3-0).\n                            <\/p>\n<p>La chose est assez rare pour \u00eatre signal\u00e9e. Non pas que N\u00eemes-Montpellier ne gagne pas sans les Lebrun. Jeudi soir, au Parnasse, \u00e0\u00a0N\u00eemes, les fr\u00e8res ont fait le travail, rapportant 2 points pour une victoire face \u00e0 Pontoise (3-0). Le petit \u00e9v\u00e9nement de la soir\u00e9e, dans le Gard, a \u00e9t\u00e9 que les frangins n\u2019ont pas \u00e9t\u00e9 les seules stars.<\/p>\n<p>Un Dorr\u2026 en or s\u2019offre le 28e mondial\u00a0!<\/p>\n<p>Leur co\u00e9quipier Esteban Dorr, sur le flanc depuis cinq mois et une blessure au m\u00e9nisque, de retour depuis deux matches en Pro A, a r\u00e9alis\u00e9 LA performance du soir, se payant le\u2026 28e joueur mondial en la personne du Nig\u00e9rian Aruna, au bout du bout du suspense (3-2). \u00a0\u00bbCette victoire est super gratifiante, c\u2019est un nouveau point de passage qui est valid\u00e9\u00a0\u00bb, d\u00e9clarait Dorr, m\u00e9daill\u00e9 de bronze en double aux derniers mondiaux.<\/p>\n<p>    FICHE TECHNIQUE<\/p>\n<p><strong>N\u00ceMES-MONTPELLIER\u00a0: 3<br \/>PONTOISE-CERGY\u00a0: 0<br \/>Le Parnasse.<br \/>Arbitre\u00a0: <\/strong>Carlos Bonneval.<br \/><strong>Match n\u00b0\u00a01\u00a0:<\/strong> Felix Lebrun (ANMTT, n\u00b0\u00a01 fran\u00e7ais) b.\u00a0Lim (CDS, Pontoise, n\u00b0\u00a016)\u00a0: 3-0 (11-9, 15-13, 11-8).<br \/><strong>Match n\u00b0\u00a02\u00a0:<\/strong> A.\u00a0Lebrun (ANMTT, n\u00b0\u00a02) b.\u00a0Cassin (Pontoise, n\u00b0\u00a032)\u00a0: 3-1 (11-8, 6-11, 11-7, 11-9).<br \/><strong>Match n\u00b0\u00a03\u00a0:<\/strong> Dorr (ANMTT, n\u00b0\u00a036) Aruna (NIG., Pontoise, n\u00b0\u00a07)\u00a0: 3-2 (11-4, 9-11, 3-11, 12-10, 11-5).<\/p>\n","protected":false},"excerpt":{"rendered":"Jeudi 18\u00a0d\u00e9cembre, au Parnasse \u00e0 N\u00eemes, lors de la 7e journ\u00e9e de Pro A messieurs. N\u00eemes-Montpellier n\u2019a jamais&hellip;\n","protected":false},"author":2,"featured_media":608766,"comment_status":"","ping_status":"","sticky":false,"template":"","format":"standard","meta":{"footnotes":""},"categories":[9599],"tags":[1111,11,1777,674,1011,27,2679,2208,12,2682,2680,25,517,16149],"class_list":{"0":"post-608765","1":"post","2":"type-post","3":"status-publish","4":"format-standard","5":"has-post-thumbnail","7":"category-montpellier","8":"tag-actu","9":"tag-actualites","10":"tag-eu","11":"tag-europe","12":"tag-fr","13":"tag-france","14":"tag-gard","15":"tag-montpellier","16":"tag-news","17":"tag-nimes","18":"tag-occitanie","19":"tag-republique-francaise","20":"tag-sport","21":"tag-tennis-de-table"},"share_on_mastodon":{"url":"","error":""},"_links":{"self":[{"href":"https:\/\/www.europesays.com\/fr\/wp-json\/wp\/v2\/posts\/608765","targetHints":{"allow":["GET"]}}],"collection":[{"href":"https:\/\/www.europesays.com\/fr\/wp-json\/wp\/v2\/posts"}],"about":[{"href":"https:\/\/www.europesays.com\/fr\/wp-json\/wp\/v2\/types\/post"}],"author":[{"embeddable":true,"href":"https:\/\/www.europesays.com\/fr\/wp-json\/wp\/v2\/users\/2"}],"replies":[{"embeddable":true,"href":"https:\/\/www.europesays.com\/fr\/wp-json\/wp\/v2\/comments?post=608765"}],"version-history":[{"count":0,"href":"https:\/\/www.europesays.com\/fr\/wp-json\/wp\/v2\/posts\/608765\/revisions"}],"wp:featuredmedia":[{"embeddable":true,"href":"https:\/\/www.europesays.com\/fr\/wp-json\/wp\/v2\/media\/608766"}],"wp:attachment":[{"href":"https:\/\/www.europesays.com\/fr\/wp-json\/wp\/v2\/media?parent=608765"}],"wp:term":[{"taxonomy":"category","embeddable":true,"href":"https:\/\/www.europesays.com\/fr\/wp-json\/wp\/v2\/categories?post=608765"},{"taxonomy":"post_tag","embeddable":true,"href":"https:\/\/www.europesays.com\/fr\/wp-json\/wp\/v2\/tags?post=608765"}],"curies":[{"name":"wp","href":"https:\/\/api.w.org\/{rel}","templated":true}]}}