{"id":608767,"date":"2025-12-19T03:59:19","date_gmt":"2025-12-19T03:59:19","guid":{"rendered":"https:\/\/www.europesays.com\/fr\/608767\/"},"modified":"2025-12-19T03:59:19","modified_gmt":"2025-12-19T03:59:19","slug":"rouen-devient-la-4e-grande-ville-la-plus-attractive-de-france","status":"publish","type":"post","link":"https:\/\/www.europesays.com\/fr\/608767\/","title":{"rendered":"Rouen devient la 4e grande ville la plus attractive de France"},"content":{"rendered":"\n<p>         Publi\u00e9 le\u00a0:\u00a0       <\/p>\n<p>Jeudi 18 d\u00e9cembre 2025 &#8211; 17h33<\/p>\n<p>         Th\u00e8me d\u2019actualit\u00e9\u00a0:\u00a0       <\/p>\n<p>                           <img loading=\"lazy\" decoding=\"async\" typeof=\"foaf:Image\" src=\"https:\/\/www.europesays.com\/fr\/wp-content\/uploads\/2025\/12\/photo_population.jpg\" width=\"640\" height=\"415\" alt=\"Photo illustration\" title=\"photo illustration Cr\u00e9dit : Barbara Cabot\"\/>                          <\/p>\n<p>D&rsquo;apr\u00e8s les derniers chiffres de l&rsquo;Insee (Institut national de la statistique et des \u00e9tudes \u00e9conomiques) sortis ce jeudi 18 d\u00e9cembre 2025,\u00a0Rouen figure d\u00e9sormais dans le top 4 des grandes villes fran\u00e7aises enregistrant les plus fortes hausses (+1,1%, soit environ 1 300 nouveaux habitants en un an) entre 2017 et 2023.<\/p>\n<p>Cette progression s\u2019explique notamment, et c\u2019est nouveau, par un solde migratoire parmi les plus positifs de France (+0,7%, devant Toulouse, Rennes, Bordeaux, Nantes\u2026), signe de l\u2019attractivit\u00e9 de la ville et de sa capacit\u00e9 \u00e0 attirer de nouveaux habitants. La capitale normande est par ailleurs la grande ville la plus dynamique de la r\u00e9gion, affichant la progression d\u00e9mographique la plus \u00e9lev\u00e9e de Normandie. Rouen compte maintenant 117 662 habitants, elle retrouve son niveau d\u00e9mographique de 1970. Elle d\u00e9passe d\u00e9sormais Orl\u00e9ans.<\/p>\n<p><a href=\"https:\/\/www.insee.fr\/fr\/statistiques\/8683977\" class=\"elf-external elf-icon\" target=\"_blank\" rel=\"noopener\">Plus d&rsquo;informations sur le site de l&rsquo;Insee<\/a><\/p>\n","protected":false},"excerpt":{"rendered":"Publi\u00e9 le\u00a0:\u00a0 Jeudi 18 d\u00e9cembre 2025 &#8211; 17h33 Th\u00e8me d\u2019actualit\u00e9\u00a0:\u00a0 D&rsquo;apr\u00e8s les derniers chiffres de l&rsquo;Insee (Institut national&hellip;\n","protected":false},"author":2,"featured_media":608768,"comment_status":"","ping_status":"","sticky":false,"template":"","format":"standard","meta":{"footnotes":""},"categories":[9587],"tags":[1111,11,1777,674,1011,27,12,5161,25,9590],"class_list":{"0":"post-608767","1":"post","2":"type-post","3":"status-publish","4":"format-standard","5":"has-post-thumbnail","7":"category-rouen","8":"tag-actu","9":"tag-actualites","10":"tag-eu","11":"tag-europe","12":"tag-fr","13":"tag-france","14":"tag-news","15":"tag-normandie","16":"tag-republique-francaise","17":"tag-rouen"},"share_on_mastodon":{"url":"https:\/\/pubeurope.com\/@fr\/115744235968423257","error":""},"_links":{"self":[{"href":"https:\/\/www.europesays.com\/fr\/wp-json\/wp\/v2\/posts\/608767","targetHints":{"allow":["GET"]}}],"collection":[{"href":"https:\/\/www.europesays.com\/fr\/wp-json\/wp\/v2\/posts"}],"about":[{"href":"https:\/\/www.europesays.com\/fr\/wp-json\/wp\/v2\/types\/post"}],"author":[{"embeddable":true,"href":"https:\/\/www.europesays.com\/fr\/wp-json\/wp\/v2\/users\/2"}],"replies":[{"embeddable":true,"href":"https:\/\/www.europesays.com\/fr\/wp-json\/wp\/v2\/comments?post=608767"}],"version-history":[{"count":0,"href":"https:\/\/www.europesays.com\/fr\/wp-json\/wp\/v2\/posts\/608767\/revisions"}],"wp:featuredmedia":[{"embeddable":true,"href":"https:\/\/www.europesays.com\/fr\/wp-json\/wp\/v2\/media\/608768"}],"wp:attachment":[{"href":"https:\/\/www.europesays.com\/fr\/wp-json\/wp\/v2\/media?parent=608767"}],"wp:term":[{"taxonomy":"category","embeddable":true,"href":"https:\/\/www.europesays.com\/fr\/wp-json\/wp\/v2\/categories?post=608767"},{"taxonomy":"post_tag","embeddable":true,"href":"https:\/\/www.europesays.com\/fr\/wp-json\/wp\/v2\/tags?post=608767"}],"curies":[{"name":"wp","href":"https:\/\/api.w.org\/{rel}","templated":true}]}}