{"id":608769,"date":"2025-12-19T04:01:31","date_gmt":"2025-12-19T04:01:31","guid":{"rendered":"https:\/\/www.europesays.com\/fr\/608769\/"},"modified":"2025-12-19T04:01:31","modified_gmt":"2025-12-19T04:01:31","slug":"le-marche-de-noel-artisanal-de-grenoble-toujours-plus-creatif","status":"publish","type":"post","link":"https:\/\/www.europesays.com\/fr\/608769\/","title":{"rendered":"Le March\u00e9 de No\u00ebl artisanal de Grenoble, toujours plus cr\u00e9atif"},"content":{"rendered":"<p>        <a href=\"https:\/\/www.linternaute.com\/sortir\/evenement\/1418152-les-marches-de-noel-les-plus-authentiques-en-france\/1418341-reims\" class=\"app_button_nav_prev jMiddlePreviousButton\" target=\"_blank\" rel=\"noopener\"><\/a><a href=\"https:\/\/www.linternaute.com\/sortir\/evenement\/1418152-les-marches-de-noel-les-plus-authentiques-en-france\/1755038-sarlat\" class=\"app_button_nav_next jMiddleNextButton\" target=\"_blank\" rel=\"noopener\"><\/a><a href=\"https:\/\/www.linternaute.com\/sortir\/evenement\/1418152-les-marches-de-noel-les-plus-authentiques-en-france\/1418341-reims\" class=\"ccmcss_cms_figure__linkleft jMiddlePreviousZone\" target=\"_blank\" rel=\"noopener\"><\/p>\n<p>                <\/a><a href=\"https:\/\/www.linternaute.com\/sortir\/evenement\/1418152-les-marches-de-noel-les-plus-authentiques-en-france\/1755038-sarlat\" class=\"ccmcss_cms_figure__linkright jMiddleNextZone\" target=\"_blank\" rel=\"noopener\"><\/p>\n<p>                <\/a><a href=\"https:\/\/img-4.linternaute.com\/fO0gNnNg9rkiDJT-t_YmFeLUAoI=\/1240x\/smart\/94e39d0476e74170aa0323706b4bcd1d\/ccmcms-linternaute\/10665464.jpg\" class=\"fancy app_btn_1 app_btn--ico jZoomDiapo\" target=\"_blank\" rel=\"noopener\"><\/a><img loading=\"lazy\" decoding=\"async\" width=\"620\" height=\"414\" src=\"https:\/\/www.europesays.com\/fr\/wp-content\/uploads\/2025\/12\/10665464.jpg\" alt=\"Le March\u00e9 de No\u00ebl artisanal de Grenoble, toujours plus cr\u00e9atif\"\/><\/p>\n<p class=\"app_entry_diapo__description jDiaporamaLegend\" data-length=\"615\">Le\u00a0<a href=\"https:\/\/www.grenoble-tourisme.com\/fr\/catalogue\/detail\/marche-de-noel-de-grenoble-258480\/\" target=\"_blank\" rel=\"noopener\"><strong>march\u00e9 de No\u00ebl\u00a0artisanal de Grenoble<\/strong><\/a>\u00a0abrite une centaine de chalets mettant \u00e0 l&rsquo;honneur l&rsquo;artisanat local. Plus d&rsquo;une dizaine d&rsquo;artisans locaux proposeront en effet des cr\u00e9ations uniques.\u00a0Des sp\u00e9cialit\u00e9s montagnardes et fromag\u00e8res et un large choix de boissons, chaudes ou froides, s&rsquo;offrent \u00e0 vous\u2026 Du vin chaud\u00a0aux 8\u00a0\u00e9pices au Green Chaud\u00a0de l&rsquo;Uncle Joe en passant par\u00a0le\u00a0cidre chaud, l&rsquo;hydromel\u00a0Saint-Antoine, les\u00a0bi\u00e8res\u00a0des Cuves de Sassenage&#8230;<br \/>\u00a9\u00a0 OT Grenoble<\/p>\n","protected":false},"excerpt":{"rendered":"Le\u00a0march\u00e9 de No\u00ebl\u00a0artisanal de Grenoble\u00a0abrite une centaine de chalets mettant \u00e0 l&rsquo;honneur l&rsquo;artisanat local. Plus d&rsquo;une dizaine d&rsquo;artisans&hellip;\n","protected":false},"author":2,"featured_media":608770,"comment_status":"","ping_status":"","sticky":false,"template":"","format":"standard","meta":{"footnotes":""},"categories":[9566],"tags":[1111,11,2430,72009,51761,1777,674,2087,53051,1011,27,2731,72010,36053,12,15830,25],"class_list":{"0":"post-608769","1":"post","2":"type-post","3":"status-publish","4":"format-standard","5":"has-post-thumbnail","7":"category-grenoble","8":"tag-actu","9":"tag-actualites","10":"tag-auvergne-rhone-alpes","11":"tag-cms-linternaute-1418346","12":"tag-controller-content","13":"tag-eu","14":"tag-europe","15":"tag-evenement","16":"tag-format-diaporama","17":"tag-fr","18":"tag-france","19":"tag-grenoble","20":"tag-joyeuses-fetes","21":"tag-marche-de-noel","22":"tag-news","23":"tag-noel","24":"tag-republique-francaise"},"share_on_mastodon":{"url":"https:\/\/pubeurope.com\/@fr\/115744243371459513","error":""},"_links":{"self":[{"href":"https:\/\/www.europesays.com\/fr\/wp-json\/wp\/v2\/posts\/608769","targetHints":{"allow":["GET"]}}],"collection":[{"href":"https:\/\/www.europesays.com\/fr\/wp-json\/wp\/v2\/posts"}],"about":[{"href":"https:\/\/www.europesays.com\/fr\/wp-json\/wp\/v2\/types\/post"}],"author":[{"embeddable":true,"href":"https:\/\/www.europesays.com\/fr\/wp-json\/wp\/v2\/users\/2"}],"replies":[{"embeddable":true,"href":"https:\/\/www.europesays.com\/fr\/wp-json\/wp\/v2\/comments?post=608769"}],"version-history":[{"count":0,"href":"https:\/\/www.europesays.com\/fr\/wp-json\/wp\/v2\/posts\/608769\/revisions"}],"wp:featuredmedia":[{"embeddable":true,"href":"https:\/\/www.europesays.com\/fr\/wp-json\/wp\/v2\/media\/608770"}],"wp:attachment":[{"href":"https:\/\/www.europesays.com\/fr\/wp-json\/wp\/v2\/media?parent=608769"}],"wp:term":[{"taxonomy":"category","embeddable":true,"href":"https:\/\/www.europesays.com\/fr\/wp-json\/wp\/v2\/categories?post=608769"},{"taxonomy":"post_tag","embeddable":true,"href":"https:\/\/www.europesays.com\/fr\/wp-json\/wp\/v2\/tags?post=608769"}],"curies":[{"name":"wp","href":"https:\/\/api.w.org\/{rel}","templated":true}]}}