{"id":608778,"date":"2025-12-19T04:06:15","date_gmt":"2025-12-19T04:06:15","guid":{"rendered":"https:\/\/www.europesays.com\/fr\/608778\/"},"modified":"2025-12-19T04:06:15","modified_gmt":"2025-12-19T04:06:15","slug":"a-trois-mois-des-municipales-debat-tendu-entre-christian-estrosi-et-son-opposition-a-propos-du-budget-de-la-ville-de-nice","status":"publish","type":"post","link":"https:\/\/www.europesays.com\/fr\/608778\/","title":{"rendered":"\u00e0 trois mois des municipales, d\u00e9bat tendu entre Christian Estrosi et son opposition \u00e0 propos du budget de la Ville de Nice"},"content":{"rendered":"<p class=\"fs-5 \">Dernier conseil municipal de l\u2019ann\u00e9e \u00e0 Nice. Light. Mais surtout tendu comme peut l\u2019\u00eatre une s\u00e9ance \u00e0 trois mois, seulement, des \u00e9lections municipales. Au menu, hier matin, le budget, d\u00e9j\u00e0 source de crispations en temps normal, entre majorit\u00e9 et opposition. D\u00e9sormais cohabitent dans la salle quatre candidats : le maire sortant qui brigue un 4e mandat et l\u2019\u00e9lue Juliette Chesnel-Le Roux, t\u00eate de la liste PS-PCF-Les \u00c9colos. Ainsi que deux anciennes colisti\u00e8res de l\u2019\u00e9cologiste : H\u00e9l\u00e8ne Granouillac et Sylvie Bonaldi qui si\u00e8gent d\u00e9sormais en \u00ab ind\u00e9pendante \u00bb.<\/p>\n<p class=\"fs-5 \">Dans la salle, un revenant aussi : Henri-Jean Servat, l\u2019ami des stars et des b\u00eates, destitu\u00e9 de ses fonctions par Christian Estrosi, a fait son grand retour. Pas seul. Au bout de la laisse du journaliste des happy few, un gracile l\u00e9vrier&#8230; Sur les bancs de l\u2019opposition d\u2019extr\u00eame droite, Philippe Vardon &#8211; absent &#8211; est l\u00e2ch\u00e9 par l\u2019un de ses colistiers. Thierry Venem a fait savoir en s\u00e9ance qu\u2019il quittait le groupe \u00ab Retrouver Nice \u00bb. Pour rejoindre \u00c9ric Ciotti ?<\/p>\n<p>        <img src=\"https:\/\/www.europesays.com\/fr\/wp-content\/uploads\/2025\/12\/e490b69_ftp-import-images-1-7ixmnlaquqrm-afp-866388t.jpg\"   loading=\"lazy\" decoding=\"async\" alt=\"Eric Ciotti a \u00e9t\u00e9 par le Premier ministre dans le cadre d\u2019une s\u00e9ance de question au gouvernement. \" class=\"img-fluid position-absolute w-100 object-fit-cover rounded-2\" width=\"600\" height=\"400\"\/><\/p>\n<p>                                                                                \u00ab Contexte national instable \u00bb<\/p>\n<p class=\"fs-5 \">Place aux chiffres. C\u2019est Christian Estrosi qui introduit le budget. \u00ab Un budget qui s\u2019inscrit dans un contexte national instable, marqu\u00e9 par des contraintes budg\u00e9taires fortes et durables \u00bb, souffle le maire \u00e9tiquet\u00e9 Horizons, le parti d\u2019\u00c9douard Philipe qui n\u2019est plus vraiment copain avec Emmanuel Macron. Confirmation du maire : \u00ab La trajectoire de redressement des comptes publics conduit l\u2019\u00c9tat \u00e0 solliciter fortement les collectivit\u00e9s locales \u00bb. \u00ab Ponction \u00bb, \u00ab lissage \u00bb, encha\u00eene Christian Estrosi.<\/p>\n<p class=\"fs-5 \">Avec des cons\u00e9quences lourdes pour Nice, jure encore le maire : \u00ab Ces d\u00e9cisions repr\u00e9sentent un impact de 14,7 millions d\u2019euros \u00bb. Mais heureusement, sourit-il, \u00ab Face \u00e0 ce contexte, la meilleure r\u00e9ponse que nous pouvions offrir aux Ni\u00e7ois, c\u2019est d\u2019opposer notre solidit\u00e9 municipale \u00e0 l\u2019instabilit\u00e9 nationale \u00bb.<\/p>\n<p>                                                                                \u00ab La dette recule \u00bb<\/p>\n<p class=\"fs-5 \">Concr\u00e8tement, pose Estrosi, \u00ab la dette continue de reculer, avec 14 millions d\u2019euros projet\u00e9s en 2026. (&#8230;) 100 millions d\u2019euros seront investis dans des \u00e9quipements et des am\u00e9nagements de proximit\u00e9. \u00bb Et surtout, \u00ab j\u2019ai fait le choix de maintenir des taux de fiscalit\u00e9 locale stables. (&#8230;) Aucun tarif municipal li\u00e9 aux services du quotidien n\u2019augmente : ni la restauration scolaire, ni la petite enfance, ni les activit\u00e9s p\u00e9riscolaires, culturelles ou sportives \u00bb, se f\u00e9licite-t-il. Sa conclusion : \u00ab Ce budget est un budget de responsabilit\u00e9, de protection et d\u2019ambition \u00bb.<\/p>\n<p>                                                                                \u00ab Un budget trumpien \u00bb<\/p>\n<p class=\"fs-5 \">L\u2019opposition n\u2019en a pas la m\u00eame lecture. Val\u00e9rie Delpech pour le groupe de Philippe Vardon d\u00e9nonce la pression fiscale. Ga\u00eblle Frontoni, proche d\u2019\u00c9ric Ciotti, demande \u00e0 Christian Estrosi \u00ab s\u2019il cherche \u00e0 masquer la r\u00e9alit\u00e9 de [son] bilan \u00e0 trois mois des \u00e9lections \u00bb. Enfin, Pour Jean-Christophe Picard &#8211; Les \u00c9colos -, \u00ab c\u2019est un budget trumpien qui se situe dans une r\u00e9alit\u00e9 alternative \u00bb. \u00ab Vos chiffres sont aussi beaux que faux \u00bb, lance-t-il au maire. Dette, taux d\u2019imposition, niveau d\u2019investissements, tout est \u00e9gratign\u00e9. Et d\u2019ironiser : \u00ab Nous prenons acte (&#8230;) de ce budget provisoire, puisqu\u2019il a vocation \u00e0 \u00eatre modifi\u00e9 par le prochain maire de Nice \u00bb.<\/p>\n<p class=\"fs-5 \">Christian Estrosi, en forme, balaie toutes les critiques. Il (re)sort le rapport du cabinet d\u2019audit Klopfer qui \u00e9tablissait la bonne sant\u00e9 financi\u00e8re de la Ville, avec une note de 17\/20. Et en d\u00e9gaine un autre. Un rapport qui n\u2019aurait pas \u00e9t\u00e9 command\u00e9 par ses services, celui-l\u00e0 et qui \u00e9tablit, insiste le maire, que Nice est bien g\u00e9r\u00e9e.<\/p>\n","protected":false},"excerpt":{"rendered":"Dernier conseil municipal de l\u2019ann\u00e9e \u00e0 Nice. Light. Mais surtout tendu comme peut l\u2019\u00eatre une s\u00e9ance \u00e0 trois&hellip;\n","protected":false},"author":2,"featured_media":608779,"comment_status":"","ping_status":"","sticky":false,"template":"","format":"standard","meta":{"footnotes":""},"categories":[2819],"tags":[1111,11,1777,674,1011,27,12,2401,882,25],"class_list":{"0":"post-608778","1":"post","2":"type-post","3":"status-publish","4":"format-standard","5":"has-post-thumbnail","7":"category-nice","8":"tag-actu","9":"tag-actualites","10":"tag-eu","11":"tag-europe","12":"tag-fr","13":"tag-france","14":"tag-news","15":"tag-nice","16":"tag-provence-alpes-cote-dazur","17":"tag-republique-francaise"},"share_on_mastodon":{"url":"https:\/\/pubeurope.com\/@fr\/115744262994815872","error":""},"_links":{"self":[{"href":"https:\/\/www.europesays.com\/fr\/wp-json\/wp\/v2\/posts\/608778","targetHints":{"allow":["GET"]}}],"collection":[{"href":"https:\/\/www.europesays.com\/fr\/wp-json\/wp\/v2\/posts"}],"about":[{"href":"https:\/\/www.europesays.com\/fr\/wp-json\/wp\/v2\/types\/post"}],"author":[{"embeddable":true,"href":"https:\/\/www.europesays.com\/fr\/wp-json\/wp\/v2\/users\/2"}],"replies":[{"embeddable":true,"href":"https:\/\/www.europesays.com\/fr\/wp-json\/wp\/v2\/comments?post=608778"}],"version-history":[{"count":0,"href":"https:\/\/www.europesays.com\/fr\/wp-json\/wp\/v2\/posts\/608778\/revisions"}],"wp:featuredmedia":[{"embeddable":true,"href":"https:\/\/www.europesays.com\/fr\/wp-json\/wp\/v2\/media\/608779"}],"wp:attachment":[{"href":"https:\/\/www.europesays.com\/fr\/wp-json\/wp\/v2\/media?parent=608778"}],"wp:term":[{"taxonomy":"category","embeddable":true,"href":"https:\/\/www.europesays.com\/fr\/wp-json\/wp\/v2\/categories?post=608778"},{"taxonomy":"post_tag","embeddable":true,"href":"https:\/\/www.europesays.com\/fr\/wp-json\/wp\/v2\/tags?post=608778"}],"curies":[{"name":"wp","href":"https:\/\/api.w.org\/{rel}","templated":true}]}}