{"id":60878,"date":"2025-04-29T04:00:12","date_gmt":"2025-04-29T04:00:12","guid":{"rendered":"https:\/\/www.europesays.com\/fr\/60878\/"},"modified":"2025-04-29T04:00:12","modified_gmt":"2025-04-29T04:00:12","slug":"nouvelle-entree-moins-de-places-le-futur-cinema-star-saint-exupery-devoile","status":"publish","type":"post","link":"https:\/\/www.europesays.com\/fr\/60878\/","title":{"rendered":"Nouvelle entr\u00e9e, moins de places&#8230; Le futur cin\u00e9ma Star Saint-Exup\u00e9ry d\u00e9voil\u00e9"},"content":{"rendered":"<p class=\"wp-block-post-excerpt__excerpt\">En octobre, le cin\u00e9ma Star Saint-Exup\u00e9ry fermera pour 18 mois de travaux. La Ville de Strasbourg, propri\u00e9taire des b\u00e2timents, s\u2019attaque \u00e0 cette r\u00e9novation qui co\u00fbtera plus de 8,5\u00a0millions d\u2019euros. <\/p>\n<p class=\"font-sans\">\n\t\t\tCet article est en acc\u00e8s libre. Pour soutenir Rue89 Strasbourg,<br \/>\n\t\t\t<a class=\"underline\" href=\"https:\/\/www.rue89strasbourg.com\/abonnement\" target=\"_blank\" rel=\"noopener\">abonnez-vous<\/a>.\n\t\t<\/p>\n<p>Pierre France<\/p>\n<p>Publi\u00e9 le 28 avril 2025\u00a0\u00a0\u00b7\u00a0\u00a0<\/p>\n<p>Imprim\u00e9 le 29 avril 2025 \u00e0 05h09\u00a0\u00a0\u00b7\u00a0\u00a0<\/p>\n<p>Modifi\u00e9 le 28 avril 2025\u00a0\u00a0\u00b7\u00a0\u00a0<\/p>\n<p>\t\t\t\t\t3\u00a0minutes\n<\/p>\n<p class=\"has-drop-cap\">Un cin\u00e9ma plus petit mais plus a\u00e9r\u00e9 et plus accessible, voici en r\u00e9sum\u00e9 ce qui r\u00e9sulte du projet de r\u00e9am\u00e9nagement complet du b\u00e2timent <a href=\"https:\/\/www.archi-wiki.org\/Adresse:Cin%C3%A9ma_Star_Saint-Exup%C3%A9ry_(Strasbourg)\" target=\"_blank\" rel=\"noreferrer noopener\">sis au 18 rue du 22-Novembre<\/a>, qui abrite le cin\u00e9ma Star Saint-Exup\u00e9ry, le Caf\u00e9 du 7e Art, quelques bureaux et un logement.<\/p>\n<p>18 mois de travaux<\/p>\n<p>Syamak Agha Babaei, premier adjoint \u00e0 la maire de Strasbourg, a pr\u00e9sent\u00e9 lundi 28 avril l\u2019ensemble des am\u00e9nagements pr\u00e9vus, que St\u00e9phane Libs, directeur des cin\u00e9mas Star, <a href=\"https:\/\/www.rue89strasbourg.com\/fermeture-travaux-cinema-star-saint-exupery-270094\" target=\"_blank\" rel=\"noopener\">avait d\u00e9j\u00e0 \u00e9voqu\u00e9s en juillet 2023<\/a>. Les travaux devraient d\u00e9buter en octobre 2025, durer 18 mois et co\u00fbter 8,542\u00a0millions d\u2019euros \u00e0 la Ville de Strasbourg. Ils n\u00e9cessitent la fermeture compl\u00e8te du cin\u00e9ma et de la brasserie, qui devraient rouvrir en mars\u00a02027. Cette perte d\u2019exploitation est compens\u00e9e par la Ville \u00e0 hauteur d\u2019environ 700\u00a0000\u00a0euros. <\/p>\n<p>La Ville a confi\u00e9 au cabinet d\u2019architectes DRLW la conduite de ces am\u00e9nagements, qui doivent s\u00e9parer les activit\u00e9s, respecter les normes de s\u00e9curit\u00e9 et permettre les acc\u00e8s aux personnes \u00e0 mobilit\u00e9 r\u00e9duite. Le cabinet s\u2019est d\u2019abord confront\u00e9 \u00e0 l\u2019Architecte des b\u00e2timents de France (ABF), qui a exig\u00e9 le retour de la fa\u00e7ade de 1912 et le respect de la sym\u00e9trie d\u2019origine. Termin\u00e9es donc les affiches des films sur la rue du 22-Novembre, l\u2019entr\u00e9e du cin\u00e9ma sera l\u00e9g\u00e8rement d\u00e9plac\u00e9e sur la droite, tandis que la salle de la brasserie sera \u00e9tendue \u00e0 l\u2019actuel hall d\u2019accueil. Des lumi\u00e8res seront projet\u00e9es depuis les (fausses) fen\u00eatres \u00e0 la place des fresques, afin de produire l\u2019illusion d\u2019un b\u00e2timent habit\u00e9.<\/p>\n<p><img loading=\"lazy\" decoding=\"async\" width=\"792\" height=\"594\" src=\"https:\/\/www.europesays.com\/fr\/wp-content\/uploads\/2025\/04\/vignette-drlw-architectes-792x594.jpg\" alt=\"\" class=\"wp-image-341638\"  \/> Pr\u00e9visualisation de l\u2019entr\u00e9e du cin\u00e9ma Star Saint-Exup\u00e9ry depuis la place de la Vignette.Photo\u00a0: DRLW Architectes<\/p>\n<p>\t\tUne nouvelle entr\u00e9e principale<\/p>\n<p>Ensuite, il fallait faire quelque chose \u00e0 propos de la sortie du Star Saint-Exup\u00e9ry, qui d\u00e9bouche au milieu des poubelles sur la place de la Vignette. Les architectes de DRLW proposent d\u2019en faire la v\u00e9ritable entr\u00e9e du cin\u00e9ma, o\u00f9 le public pourra retrouver les affiches et identifier le cin\u00e9ma. De grands escaliers et un ascenseur permettront d\u2019acc\u00e9der aux salles depuis les deux entr\u00e9es. \u00ab\u00a0Les flux \u00e9taient un peu cach\u00e9s dans l\u2019am\u00e9nagement actuel, pr\u00e9cise No\u00e9mie Weibel, architecte chez DRLW. Nous avons essay\u00e9 de mettre en valeur la circulation au sein du b\u00e2timent.\u00a0\u00bb<\/p>\n<p><img loading=\"lazy\" decoding=\"async\" width=\"792\" height=\"448\" src=\"https:\/\/www.europesays.com\/fr\/wp-content\/uploads\/2025\/04\/cinema-hall-drlw-architectes-792x448.jpg\" alt=\"\" class=\"wp-image-341637\"  \/> Pr\u00e9visualisation du hall d\u2019entr\u00e9e du cin\u00e9ma, donnant sur la premi\u00e8re salle. Photo\u00a0: DRLW Architectes<\/p>\n<p>St\u00e9phane Libs est \u00e0 la fois soulag\u00e9 et inquiet par ce chantier \u00e0 venir, qui va r\u00e9duire la jauge maximale du cin\u00e9ma de 683 \u00e0 626 si\u00e8ges. La soci\u00e9t\u00e9 qu\u2019il dirige, Cinest, va investir 1,5\u00a0million d\u2019euros, dont 450\u00a0000\u20ac de fonds propres et 350\u00a0000\u20ac venant du Centre national du cin\u00e9ma (CNC)\u00a0: <\/p>\n<blockquote class=\"wp-block-quote is-layout-flow wp-block-quote-is-layout-flow\">\n<p>\u00ab\u00a0L\u2019\u00e9quipe a d\u00fb s\u2019habituer \u00e0 travailler dans des locaux exigus, \u00e0 g\u00e9rer des probl\u00e8mes qui surviennent au dernier moment, comme un d\u00e9but d\u2019incendie, une canalisation qui \u00e9clate quelques heures avant une projection sp\u00e9ciale\u2026 Je remercie la Ville d\u2019avoir choisi l\u2019option la plus ambitieuse pour cette r\u00e9novation d\u2019ampleur mais 18 mois de fermeture, ce sera long. Nous allons devoir renoncer \u00e0 certaines sorties et j\u2019esp\u00e8re que nous ne perdrons pas des spectateurs durant ce temps\u2026\u00a0\u00bb<\/p>\n<\/blockquote>\n<p><img loading=\"lazy\" decoding=\"async\" width=\"792\" height=\"446\" src=\"https:\/\/www.europesays.com\/fr\/wp-content\/uploads\/2025\/04\/brasserie-rdc-drlw-architectes-792x446.jpg\" alt=\"\" class=\"wp-image-341636\"  \/> Le Caf\u00e9 du 7e art sera agrandi et ne communiquera plus avec le cin\u00e9ma. Photo\u00a0: DRLW Architectes<\/p>\n<p>Discours similaire d\u2019Akif Dolanbay, g\u00e9rant du Caf\u00e9 du 7e Art, qui ne compte plus les probl\u00e8mes auxquels lui et son \u00e9quipe ont d\u00fb faire face depuis 14 ans en raison de la v\u00e9tust\u00e9 des lieux. La cuisine, actuellement au rez-de-chauss\u00e9e, sera d\u00e9plac\u00e9e au sous-sol, la salle principale sera agrandie et plus ouverte sur la rue, tandis que la salle au sous-sol b\u00e9n\u00e9ficiera d\u2019une r\u00e9novation compl\u00e8te. <\/p>\n<p>Reste la question du loyer demand\u00e9 par la Ville \u00e0 partir de mars 2027, qui devrait augmenter en raison du nombre de m\u00e8tres carr\u00e9s allou\u00e9s aux exploitants et de l\u2019am\u00e9lioration des prestations fournies. Ville et exploitants sont rest\u00e9s tr\u00e8s discrets sur ce chapitre, en indiquant qu\u2019ils resteront \u00ab\u00a0dans les valeurs du march\u00e9\u00a0\u00bb.<\/p>\n","protected":false},"excerpt":{"rendered":"En octobre, le cin\u00e9ma Star Saint-Exup\u00e9ry fermera pour 18 mois de travaux. La Ville de Strasbourg, propri\u00e9taire des&hellip;\n","protected":false},"author":2,"featured_media":60879,"comment_status":"","ping_status":"","sticky":false,"template":"","format":"standard","meta":{"footnotes":""},"categories":[2820],"tags":[1111,11,15193,251,1777,674,1011,27,775,12,25,15837,640,3911],"class_list":{"0":"post-60878","1":"post","2":"type-post","3":"status-publish","4":"format-standard","5":"has-post-thumbnail","7":"category-strasbourg","8":"tag-actu","9":"tag-actualites","10":"tag-cinema-star-saint-exupery","11":"tag-culture","12":"tag-eu","13":"tag-europe","14":"tag-fr","15":"tag-france","16":"tag-grand-est","17":"tag-news","18":"tag-republique-francaise","19":"tag-stephane-libs","20":"tag-strasbourg","21":"tag-ville-de-strasbourg"},"share_on_mastodon":{"url":"https:\/\/pubeurope.com\/@fr\/114419258640009805","error":""},"_links":{"self":[{"href":"https:\/\/www.europesays.com\/fr\/wp-json\/wp\/v2\/posts\/60878","targetHints":{"allow":["GET"]}}],"collection":[{"href":"https:\/\/www.europesays.com\/fr\/wp-json\/wp\/v2\/posts"}],"about":[{"href":"https:\/\/www.europesays.com\/fr\/wp-json\/wp\/v2\/types\/post"}],"author":[{"embeddable":true,"href":"https:\/\/www.europesays.com\/fr\/wp-json\/wp\/v2\/users\/2"}],"replies":[{"embeddable":true,"href":"https:\/\/www.europesays.com\/fr\/wp-json\/wp\/v2\/comments?post=60878"}],"version-history":[{"count":0,"href":"https:\/\/www.europesays.com\/fr\/wp-json\/wp\/v2\/posts\/60878\/revisions"}],"wp:featuredmedia":[{"embeddable":true,"href":"https:\/\/www.europesays.com\/fr\/wp-json\/wp\/v2\/media\/60879"}],"wp:attachment":[{"href":"https:\/\/www.europesays.com\/fr\/wp-json\/wp\/v2\/media?parent=60878"}],"wp:term":[{"taxonomy":"category","embeddable":true,"href":"https:\/\/www.europesays.com\/fr\/wp-json\/wp\/v2\/categories?post=60878"},{"taxonomy":"post_tag","embeddable":true,"href":"https:\/\/www.europesays.com\/fr\/wp-json\/wp\/v2\/tags?post=60878"}],"curies":[{"name":"wp","href":"https:\/\/api.w.org\/{rel}","templated":true}]}}