{"id":608780,"date":"2025-12-19T04:07:12","date_gmt":"2025-12-19T04:07:12","guid":{"rendered":"https:\/\/www.europesays.com\/fr\/608780\/"},"modified":"2025-12-19T04:07:12","modified_gmt":"2025-12-19T04:07:12","slug":"jean-medecin-un-politique-habile-mais-ambigu-a-nice","status":"publish","type":"post","link":"https:\/\/www.europesays.com\/fr\/608780\/","title":{"rendered":"Jean M\u00e9decin, un politique habile mais ambigu \u00e0 Nice"},"content":{"rendered":"<p class=\"fs-5 \">Jean M\u00e9decin, une personnalit\u00e9 complexe. Autoritaire et humain \u00e0 la fois, distingu\u00e9, intelligent, rus\u00e9, habile, florentin, tant\u00f4t centre-droite sous la IIIe R\u00e9publique, tant\u00f4t centre-gauche sous la IVe, ni\u00e7ois avant tout. Et \u00ab collabo \u00bb comme certains ont pu le penser et continuent de le clamer ? \u00ab Localement, Jean M\u00e9decin a soutenu le PPF, Parti populaire fran\u00e7ais d\u2019inspiration fasciste, sans y adh\u00e9rer \u00bb, admet Ralph Schor, historien ni\u00e7ois.<\/p>\n<p class=\"fs-5 \">Ce que confirme Jean-Louis Panicacci, pr\u00e9sident du mus\u00e9e de la R\u00e9sistance azur\u00e9enne de l\u2019Ar\u00e9nas : \u00ab Certains ont appel\u00e9 r\u00e9cemment \u00e0 d\u00e9baptiser l\u2019avenue Jean-M\u00e9decin \u00e0 cause de ses accointances avec le PPF. Mais Jean M\u00e9decin n\u2019a jamais adh\u00e9r\u00e9 \u00e0 ce premier grand parti d\u2019extr\u00eame droite. Il n\u2019\u00e9tait pas \u2018\u2018collabo\u2019\u2019. Seulement, la plupart des gens ne sont pas d\u2019un seul bloc et peuvent \u00e9voluer en fonction de la situation nationale ou internationale. On peut tenir compte d\u2019une orientation et ne pas rester pour autant enferr\u00e9 dans une rigidit\u00e9 id\u00e9ologique. \u00bb<\/p>\n<p>                                                                                Fraternit\u00e9 des tranch\u00e9es<\/p>\n<p class=\"fs-5 \">Jean M\u00e9decin \u00e9tait de ce bois-l\u00e0. Pour mieux comprendre son esprit pluriel, il faut remonter \u00e0 la guerre de 1914-1918. Lorsque Jean M\u00e9decin est sur le front : \u00ab \u00e0 Verdun, rappelle Jean-Louis Panicacci, Jean M\u00e9decin sert sous les ordres de P\u00e9tain, alors militaire. \u00bb Et Ralph Schor d\u2019enfoncer le clou : \u00ab Il a \u00e9t\u00e9 un des h\u00e9ros. Il a fini capitaine. Et a re\u00e7u, \u00e0 Nice, la L\u00e9gion d\u2019honneur au m\u00eame titre que Virgile Barel, grande figure du Parti communiste fran\u00e7ais dans les Alpes-Maritimes et que Mgr Paul R\u00e9mond, \u00e9v\u00eaque, Juste parmi les nations. Manifestement, si ces trois hommes appartenaient \u00e0 des camps oppos\u00e9s, ils ont toujours eu ce qu\u2019on nomme la fraternit\u00e9 des tranch\u00e9es. Et comme la plupart des soldats, ils sont all\u00e9s \u00e0 Verdun sous les ordres de P\u00e9tain. \u00bb<\/p>\n<p>        <img src=\"https:\/\/www.europesays.com\/fr\/wp-content\/uploads\/2025\/12\/1766117232_952_1d782a6_upload-1-ezwqnqopwvyo-image-large.jpg\"   loading=\"lazy\" decoding=\"async\" alt=\"Martine M\u00e9decin, photographi\u00e9e le 5\u00a0d\u00e9cembre, sur l\u2019avenue qui porte le nom de son grand-p\u00e8re. \" class=\"img-fluid position-absolute w-100 object-fit-cover rounded-2\" width=\"600\" height=\"400\"\/><\/p>\n<p class=\"fs-5 \">P\u00e9tain le g\u00e9n\u00e9ral. Pas le mar\u00e9chal. Jean M\u00e9decin est fid\u00e8le au militaire. Ce qui explique probablement, plus tard, son soutien au gouvernement du mar\u00e9chal P\u00e9tain, comme lors de son allocution le 22 juin 1941 \u00e0 l\u2019h\u00f4tel de ville : \u00ab Notre d\u00e9vouement ne va pas seulement au mar\u00e9chal P\u00e9tain, mais \u00e0 son gouvernement, \u00e0 son programme (&#8230;). Notre adh\u00e9sion est enti\u00e8re, car l\u2019int\u00e9r\u00eat national le commande (&#8230;).\u00bb<\/p>\n<p>                                                                                Prot\u00e9ger la r\u00e9gion<\/p>\n<p class=\"fs-5 \">Sur le fond, comme le dit Jean-Louis Panicacci, \u00ab Jean M\u00e9decin n\u2019est pas forc\u00e9ment \u00e9loign\u00e9 du programme id\u00e9ologique de la R\u00e9volution nationale, id\u00e9ologie officielle du r\u00e9gime de Vichy, mais ce qui interpelle M\u00e9decin, c\u2019est que la r\u00e9gion ni\u00e7oise est menac\u00e9e d\u2019annexion de la part de l\u2019Italie fasciste. \u00bb<\/p>\n<p class=\"fs-5 \">Il faut peut-\u00eatre aussi revenir \u00e0 l\u2019\u00e9pisode Jacques Doriot, homme politique et journaliste fran\u00e7ais, figure majeure de la collaboration. \u00c0 l\u2019origine, Doriot, tr\u00e8s ambitieux, veut \u00eatre secr\u00e9taire g\u00e9n\u00e9ral du Parti communiste, mais c\u2019est Maurice Thorez qui est choisi par Staline, qui tire alors les ficelles du communisme. \u00ab Du coup, encha\u00eene Ralph Schor, Doriot devient fasciste et fonde le PPF en 1936. Un parti qui conna\u00eet un succ\u00e8s notable dans les Alpes-Maritimes. Un vent de peur de la gauche souffle sur la droite. M\u00e9decin pense que se rapprocher du PPF peut \u00eatre une protection utile. Il y place des gens pour savoir ce qu\u2019il se passe dans ce parti ultra collabo. \u00bb<\/p>\n<p class=\"fs-5 \">C\u2019est notamment le cas de son secr\u00e9taire g\u00e9n\u00e9ral de mairie, Fran\u00e7ois Sattegna, lequel, apr\u00e8s la guerre, deviendra pr\u00e9sident de l\u2019OGC Nice. \u00ab Jean M\u00e9decin l\u2019a utilis\u00e9, reprend Jean-Louis Panicacci. Mais l\u2019a \u00e9galement autoris\u00e9 \u00e0 fournir des tampons de la Ville et des formulaires vierges pour fabriquer de faux papiers au profit de mouvements clandestins. \u00bb<\/p>\n<p class=\"fs-5 \">Les revendications annexionnistes des Italiens inqui\u00e8tent M\u00e9decin. Le 7 mai 1943, plusieurs centaines de patriotes ni\u00e7ois sont arr\u00eat\u00e9es par les Italiens en vue d\u2019\u00eatre d\u00e9port\u00e9s vers les camps de concentration de Sospel et Modane. Jean M\u00e9decin fait alors quelque chose provoquant la col\u00e8re des autorit\u00e9s italiennes : il va \u00e0 la gare de Nice et serre la main des patriotes ni\u00e7ois en partance vers les camps.<\/p>\n<p>                                                                                R\u00e9sidence surveill\u00e9e et d\u00e9portation<\/p>\n<p class=\"fs-5 \">Jean M\u00e9decin est maintenu au pouvoir municipal par Vichy, mais durant l\u2019\u00e9t\u00e9 1943, les Italiens font tout pour l\u2019\u00e9liminer. Vichy refuse de le destituer. Pour \u00e9viter une arrestation par les Italiens, Jean M\u00e9decin part en r\u00e9sidence surveill\u00e9e \u00e0 Avignon, plusieurs mois. Puis se rapproche de Nice, en restant quelque temps dans une propri\u00e9t\u00e9 qu\u2019il poss\u00e8de \u00e0 Annot. \u00ab L\u00e0, il est arr\u00eat\u00e9 le 17 juin 1944 par les miliciens, police politique de Vichy, laquelle lui reproche d\u2019avoir refus\u00e9 les plaques de la promenade des Anglais, arrach\u00e9es par les miliciens. Il ne voulait pas cautionner le fait de d\u00e9baptiser la promenade qui est rest\u00e9e sans nom. Il se fait insulter, molester et expulser vers la prison de Nice avant d\u2019\u00eatre transf\u00e9r\u00e9 au fort Hatry, principal fort de Belfort, antichambre de la d\u00e9portation des gens du Midi. Il en ressort, apr\u00e8s deux mois de d\u00e9tention, dont il revient amaigri et marqu\u00e9. \u00bb<\/p>\n<p class=\"fs-5 \">Toutes ces tribulations semblent r\u00e9tablir une v\u00e9rit\u00e9, que relaie Jean-Louis Panicacci : \u00ab Je ne me situe pas dans la mouvance m\u00e9deciniste, je suis de gauche, cependant, chez Jean M\u00e9decin, j\u2019appr\u00e9cie la d\u00e9nonciation des pr\u00e9tentions italiennes, ce coup de bluff d\u2019aller serrer la main des patriotes ni\u00e7ois d\u00e9port\u00e9s et la mise en place d\u2019un mouvement clandestin avec de faux tampons&#8230; \u00bb<\/p>\n","protected":false},"excerpt":{"rendered":"Jean M\u00e9decin, une personnalit\u00e9 complexe. Autoritaire et humain \u00e0 la fois, distingu\u00e9, intelligent, rus\u00e9, habile, florentin, tant\u00f4t centre-droite&hellip;\n","protected":false},"author":2,"featured_media":608781,"comment_status":"","ping_status":"","sticky":false,"template":"","format":"standard","meta":{"footnotes":""},"categories":[2819],"tags":[1111,11,1777,674,1011,27,12,2401,882,25],"class_list":{"0":"post-608780","1":"post","2":"type-post","3":"status-publish","4":"format-standard","5":"has-post-thumbnail","7":"category-nice","8":"tag-actu","9":"tag-actualites","10":"tag-eu","11":"tag-europe","12":"tag-fr","13":"tag-france","14":"tag-news","15":"tag-nice","16":"tag-provence-alpes-cote-dazur","17":"tag-republique-francaise"},"share_on_mastodon":{"url":"https:\/\/pubeurope.com\/@fr\/115744267051900580","error":""},"_links":{"self":[{"href":"https:\/\/www.europesays.com\/fr\/wp-json\/wp\/v2\/posts\/608780","targetHints":{"allow":["GET"]}}],"collection":[{"href":"https:\/\/www.europesays.com\/fr\/wp-json\/wp\/v2\/posts"}],"about":[{"href":"https:\/\/www.europesays.com\/fr\/wp-json\/wp\/v2\/types\/post"}],"author":[{"embeddable":true,"href":"https:\/\/www.europesays.com\/fr\/wp-json\/wp\/v2\/users\/2"}],"replies":[{"embeddable":true,"href":"https:\/\/www.europesays.com\/fr\/wp-json\/wp\/v2\/comments?post=608780"}],"version-history":[{"count":0,"href":"https:\/\/www.europesays.com\/fr\/wp-json\/wp\/v2\/posts\/608780\/revisions"}],"wp:featuredmedia":[{"embeddable":true,"href":"https:\/\/www.europesays.com\/fr\/wp-json\/wp\/v2\/media\/608781"}],"wp:attachment":[{"href":"https:\/\/www.europesays.com\/fr\/wp-json\/wp\/v2\/media?parent=608780"}],"wp:term":[{"taxonomy":"category","embeddable":true,"href":"https:\/\/www.europesays.com\/fr\/wp-json\/wp\/v2\/categories?post=608780"},{"taxonomy":"post_tag","embeddable":true,"href":"https:\/\/www.europesays.com\/fr\/wp-json\/wp\/v2\/tags?post=608780"}],"curies":[{"name":"wp","href":"https:\/\/api.w.org\/{rel}","templated":true}]}}