{"id":608782,"date":"2025-12-19T04:08:16","date_gmt":"2025-12-19T04:08:16","guid":{"rendered":"https:\/\/www.europesays.com\/fr\/608782\/"},"modified":"2025-12-19T04:08:16","modified_gmt":"2025-12-19T04:08:16","slug":"cette-maison-illumine-tout-un-quartier-depuis-plus-de-10-ans","status":"publish","type":"post","link":"https:\/\/www.europesays.com\/fr\/608782\/","title":{"rendered":"cette maison illumine tout un quartier depuis plus de 10 ans"},"content":{"rendered":"<p>                    Par<br \/>\n        <strong><br \/>\n            <a href=\"https:\/\/actu.fr\/auteur\/thomas-bernard\" title=\"Consulter tous les articles de Thomas Bernard\" target=\"_blank\" rel=\"noopener\">Thomas Bernard<\/a><br \/>\n                    <\/strong><\/p>\n<p>        Publi\u00e9 le<\/p>\n<p>            18 d\u00e9c. 2025 \u00e0 18h52        <\/p>\n<p>\u00c0 l\u2019heure o\u00f9 la nuit tombe, des lumi\u00e8res scintillent dans le quartier de la Bugalli\u00e8re, \u00e0 <a href=\"https:\/\/actu.fr\/pays-de-la-loire\/orvault_44114\" target=\"_blank\" rel=\"noopener\">Orvault<\/a>, au nord-ouest de Nantes. Au 11 rue de Snellius, une maison illumine une zone pavillonnaire de la banlieue nantaise. Pi\u00e9tons, cyclistes et automobilistes ralentissent pour contempler le spectacle.\u00a0<\/p>\n<p class=\" wall-content\">Depuis 13 ans, <b>St\u00e9phane Le Luel et sa famille parent leur b\u00e2tisse de d\u00e9corations de No\u00ebl par milliers<\/b>. La <a href=\"https:\/\/www.facebook.com\/people\/Lillumin%C3%A9-PNoel\/100086592431707\/\" target=\"_blank\" rel=\"noopener\">maison de l\u2019illumin\u00e9 <\/a>ravit petits et grands,\u00a0 plong\u00e9s dans la magie de No\u00ebl.\u00a0<\/p>\n<p>\u00ab\u00a0Un kilom\u00e8tre de guirlandes\u00a0\u00bb<\/p>\n<p class=\" wall-content\">\u00ab\u00a0L\u2019illumin\u00e9\u00a0\u00bb na\u00eet en 2012 lorsque la famille Le Luel s\u2019installe dans le quartier de la Bugalli\u00e8re. \u00c0 l\u2019\u00e9poque, les maisons participaient \u00e0 un concours pour choisir la plus belle demeure aux couleurs de No\u00ebl. Au fil des ann\u00e9es et du renouvellement de g\u00e9n\u00e9ration, la tradition se perd dans l\u2019ensemble pavillonnaire. \u00ab\u00a0J\u2019ai voulu faire perdurer la chose pour ma part et <b>depuis je pense \u00e0 \u00e7a quasiment toute l\u2019ann\u00e9e\u00a0\u00bb<\/b>, se souvient St\u00e9phane.\u00a0<\/p>\n<p class=\" wall-content\">Pour installer toutes les illuminations, l\u2019Orvaltais se met \u00e0 la t\u00e2che d\u00e8s le mois de septembre. \u00ab\u00a0J\u2019ai deux mois de boulot pour l\u2019installation. D\u00e8s qu\u2019il pleut, malheureusement, je suis un peu bloqu\u00e9. Pendant un mois, en fait, je suis constamment sur les sites de la m\u00e9t\u00e9o pour surveiller\u00a0\u00bb, sourit l\u2019illumin\u00e9.<\/p>\n<p class=\" wall-content\">Du toit au sol, des lianes lumineuses d\u00e9corent la b\u00e2tisse. Pr\u00e8s d\u2019un \u00ab\u00a0kilom\u00e8tre\u00a0\u00bb de guirlandes sont d\u00e9ploy\u00e9es au 11 rue de Snellius. Autodidacte, St\u00e9phane s\u2019improvise technicien face aux caprices \u00e9lectroniques de certaines guirlandes LED. \u00ab\u00a0J\u2019ai appris plein de choses, notamment sur la fixation des transformateurs pour \u00e9viter de couper le fil\u00a0\u00bb, cite le p\u00e8re de famille.\u00a0<\/p>\n<p>Votre r\u00e9gion, votre actu !<\/p>\n<p>Recevez chaque jour les infos qui comptent pour vous.<\/p>\n<p>\t<a href=\"https:\/\/actu.fr\/newsletter\" class=\"ac-btn ac-btn--corner ac-btn--medium ac-btn--blue800\" target=\"_blank\" rel=\"noopener\">S&rsquo;incrire<\/a><br \/>\n\u00ab\u00a0\u00c9merveillement\u00a0\u00bb\u00a0<\/p>\n<p class=\" wall-content\"><b>Tra\u00eeneau du P\u00e8re No\u00ebl, bonhomme de neige en verre, sapin, pingouins et autres illuminations <\/b>ont pris domicile devant la maison familiale. Des \u00e9l\u00e9ments de d\u00e9cor qui se sont multipli\u00e9s au fil des ann\u00e9es.\u00a0<\/p>\n<p class=\" wall-content\">Pendant notre reportage, des habitants du quartier s\u2019arr\u00eatent avec leurs enfants pour en prendre \u00ab\u00a0plein les yeux\u00a0\u00bb. Les visiteurs peuvent laisser un petit mot au P\u00e8re No\u00ebl sur un livre d\u2019or.\u00a0<\/p>\n<p>    <img   decoding=\"async\" loading=\"lazy\" class=\"size-large\" src=\"https:\/\/www.europesays.com\/fr\/wp-content\/uploads\/2025\/12\/bcaaaee12449672baaee1244986baav-960x640.jpeg\" alt=\"Maison illumin\u00e9e Orvault\" width=\"960\" height=\"640\"\/><br \/>\n    Les illuminations attirent les spectateurs.\u00a0 \u00a9Thomas Bernard \/ actu Nantes<\/p>\n<p class=\" wall-content\">\u00c0 chaque stop, les m\u00eames \u00e9motions peuvent se lire sur les visages.\u00a0<\/p>\n<p class=\" wall-content\">\u00ab\u00a0Il y a de l\u2019\u00e9merveillement, pour les petits et les grands. Je le fais principalement pour les enfants mais au final, <b>je me rends compte que les grands aiment \u00e7a aussi\u00a0\u00bb<\/b>, sourit l\u2019ambulancier de profession.\u00a0<\/p>\n<blockquote class=\"ac-article-quote wall-content\">\n<p>J\u2019aime rendre les gens heureux.<\/p>\n<p>St\u00e9phane Le Luel, L\u2019illumin\u00e9<\/p><\/blockquote>\n<p class=\" wall-content\">Avant de d\u00e9poser les cadeaux au pied du sapin dans le monde entier, le P\u00e8re No\u00ebl s\u2019est arr\u00eat\u00e9 pour voir St\u00e9phane et sa famille. \u00c0 l\u2019instar des Orvaltais, l\u2019homme \u00e0 la barbe blanche et au manteau rouge a profit\u00e9 de \u00ab\u00a0la magie de No\u00ebl\u00a0\u00bb devant la maison illumin\u00e9e.\u00a0<\/p>\n<p>Maison illumin\u00e9e, 11 rue Snellius, Orvault<\/p>\n<p class=\" wall-content\">Personnalisez votre actualit\u00e9 en ajoutant vos villes et m\u00e9dias en favori avec <a href=\"https:\/\/moncompte.actu.fr\" title=\"D\u00e9couvez Mon Actu\" rel=\"nofollow noopener\" data-trk=\"{&quot;cta&quot;:{&quot;action&quot;:&quot;https:\\\/\\\/moncompte.actu.fr&quot;,&quot;category&quot;:&quot;mon compte&quot;,&quot;from&quot;:&quot;article footer&quot;,&quot;name&quot;:&quot;Mon actu&quot;,&quot;type&quot;:&quot;cta&quot;}}\" target=\"_blank\">Mon Actu<\/a>.<\/p>\n","protected":false},"excerpt":{"rendered":"Par Thomas Bernard Publi\u00e9 le 18 d\u00e9c. 2025 \u00e0 18h52 \u00c0 l\u2019heure o\u00f9 la nuit tombe, des lumi\u00e8res&hellip;\n","protected":false},"author":2,"featured_media":608783,"comment_status":"","ping_status":"","sticky":false,"template":"","format":"standard","meta":{"footnotes":""},"categories":[2818],"tags":[1111,11,1777,674,1011,27,1757,766,12,15830,2636,25,104],"class_list":{"0":"post-608782","1":"post","2":"type-post","3":"status-publish","4":"format-standard","5":"has-post-thumbnail","7":"category-nantes","8":"tag-actu","9":"tag-actualites","10":"tag-eu","11":"tag-europe","12":"tag-fr","13":"tag-france","14":"tag-insolite","15":"tag-nantes","16":"tag-news","17":"tag-noel","18":"tag-pays-de-la-loire","19":"tag-republique-francaise","20":"tag-societe"},"share_on_mastodon":{"url":"https:\/\/pubeurope.com\/@fr\/115744270933864116","error":""},"_links":{"self":[{"href":"https:\/\/www.europesays.com\/fr\/wp-json\/wp\/v2\/posts\/608782","targetHints":{"allow":["GET"]}}],"collection":[{"href":"https:\/\/www.europesays.com\/fr\/wp-json\/wp\/v2\/posts"}],"about":[{"href":"https:\/\/www.europesays.com\/fr\/wp-json\/wp\/v2\/types\/post"}],"author":[{"embeddable":true,"href":"https:\/\/www.europesays.com\/fr\/wp-json\/wp\/v2\/users\/2"}],"replies":[{"embeddable":true,"href":"https:\/\/www.europesays.com\/fr\/wp-json\/wp\/v2\/comments?post=608782"}],"version-history":[{"count":0,"href":"https:\/\/www.europesays.com\/fr\/wp-json\/wp\/v2\/posts\/608782\/revisions"}],"wp:featuredmedia":[{"embeddable":true,"href":"https:\/\/www.europesays.com\/fr\/wp-json\/wp\/v2\/media\/608783"}],"wp:attachment":[{"href":"https:\/\/www.europesays.com\/fr\/wp-json\/wp\/v2\/media?parent=608782"}],"wp:term":[{"taxonomy":"category","embeddable":true,"href":"https:\/\/www.europesays.com\/fr\/wp-json\/wp\/v2\/categories?post=608782"},{"taxonomy":"post_tag","embeddable":true,"href":"https:\/\/www.europesays.com\/fr\/wp-json\/wp\/v2\/tags?post=608782"}],"curies":[{"name":"wp","href":"https:\/\/api.w.org\/{rel}","templated":true}]}}