{"id":608794,"date":"2025-12-19T04:16:46","date_gmt":"2025-12-19T04:16:46","guid":{"rendered":"https:\/\/www.europesays.com\/fr\/608794\/"},"modified":"2025-12-19T04:16:46","modified_gmt":"2025-12-19T04:16:46","slug":"ca-me-fait-vraiment-plaisir","status":"publish","type":"post","link":"https:\/\/www.europesays.com\/fr\/608794\/","title":{"rendered":"\u201c\u00c7a me fait vraiment plaisir\u201d"},"content":{"rendered":"<p>                                    <img decoding=\"async\" src=\"https:\/\/www.europesays.com\/fr\/wp-content\/uploads\/2025\/12\/b3d39a5f710435165b71fbfdfa9df84c6b5cf5f3319235192f7824c67944dcc9.jpg\" alt=\"Line Renaud\u00a0: famille, carri\u00e8re, sant\u00e9... Ce qu'il faut conna\u00eetre\" class=\"a11y-hidden\" fetchpriority=\"high\"\/><\/p>\n<p class=\"fig-standfirst\">\n    \u00c0 97 ans, Line Renaud a re\u00e7u un joli cadeau lillois. La capitale des Flandres, o\u00f9 sa carri\u00e8re a d\u00e9but\u00e9, lui a fait honneur en lui d\u00e9diant un lieu tr\u00e8s symbolique.<\/p>\n<p class=\"fig-paragraph\">Apr\u00e8s une rue \u00e0\u00a0<a href=\"https:\/\/www.gala.fr\/l_actu\/news_de_stars\/line_renaud_etait_a_las_vegas_avant_la_tuerie_elle_est_sous_le_choc_405593\" data-fig-type=\"Article\" data-gtm-custom-categorie=\"navigation\" data-gtm-custom-action=\"crossclick\" data-gtm-custom-label=\"Contextuel\" data-gtm-event=\"customEventSPE\" data-fig-domain=\"GALA\" target=\"_blank\" rel=\"noopener\">Las Vegas<\/a>\u00a0et une\u00a0<a href=\"https:\/\/www.gala.fr\/l_actu\/news_de_stars\/cest-incroyable-a-bientot-96-ans-line-renaud-recoit-une-distinction-extremement-rare_546009\" target=\"_blank\" data-fig-type=\"Article\" rel=\"sponsored noopener\" data-gtm-custom-categorie=\"navigation\" data-gtm-custom-action=\"crossclick\" data-gtm-custom-label=\"Contextuel\" data-gtm-event=\"customEventSPE\" data-fig-domain=\"GALA\">place \u00e0 Rueil-Malmaison<\/a>, c\u2019est d\u00e9sormais un jardin \u00e0 Lille qui porte le nom de Line Renaud. Ce mercredi 17 d\u00e9cembre 2025, l\u2019actrice de 97 ans a inaugur\u00e9 le jardin public \u00e0 son nom dans le Vieux-Lille. Elle s\u2019est confi\u00e9e sur cet honneur dans les colonnes de\u00a0<a href=\"https:\/\/www.lavoixdunord.fr\/1657431\/article\/2025-12-17\/line-renaud-c-est-lille-que-tout-commence-pour-moi\" target=\"_blank\" rel=\"sponsored noopener\" data-gtm-custom-categorie=\"navigation\" data-gtm-custom-action=\"crossclick\" data-gtm-custom-label=\"Contextuel\" data-gtm-event=\"customEventSPE\">La Voix du Nord<\/a> . \u00ab\u00c7a me fait vraiment plaisir, c\u2019est m\u00eame un honneur\u00bb, a reconnu l\u2019ancienne\u00a0<a href=\"https:\/\/photo.gala.fr\/photos-lien-renaud-de-chanteuse-du-musical-a-marraine-de-la-sidaction-retour-sur-son-evolution-physique-48487\" data-fig-type=\"SlideShowResource\" data-gtm-custom-categorie=\"navigation\" data-gtm-custom-action=\"crossclick\" data-gtm-custom-label=\"Contextuel\" data-gtm-event=\"customEventSPE\" data-fig-domain=\"GALA\" target=\"_blank\" rel=\"noopener\">chanteuse de music-hall<\/a>. \u00abUn jardin \u00e0 mon nom, c\u2019est bien. Mais honn\u00eatement, un nouveau jardin tout court, c\u2019est encore mieux\u00bb, a-t-elle lanc\u00e9. \u00ab\u00c7a apporte de la v\u00e9g\u00e9tation en ville\u00bb, a-t-elle reconnu. Et pour cause, cette v\u00e9g\u00e9tation a remplac\u00e9 l\u2019ancien rectorat de la ville. La symbolique d\u2019un jardin lui pla\u00eet beaucoup. \u00abIl y a des arbres qui seront l\u00e0 dans des d\u00e9cennies, dans des si\u00e8cles, ils s\u2019enracinent. Tout ce qui a \u00e9t\u00e9 plant\u00e9 va pousser\u00bb, s\u2019est-elle r\u00e9jouie.<\/p>\n<p class=\"fig-paragraph\">En plus de la joie d\u2019inaugurer ce jardin \u00e0 son nom, c\u2019est le lieu qui la touche particuli\u00e8rement. La capitale des Flandres est une ville tr\u00e8s particuli\u00e8re pour elle\u00a0: \u00abC\u2019est \u00e0 Lille l\u00e0 que tout a commenc\u00e9 pour moi.\u00bb Et pour cause, \u00e0 16 ans, elle s\u2019est rendue \u00e0 Lille pour passer des auditions de chant au th\u00e9\u00e2tre S\u00e9bastopol. Le directeur de Radio Lille qui \u00e9tait pr\u00e9sent l\u2019a engag\u00e9e et c\u2019est ainsi qu\u2019elle a commenc\u00e9 sa carri\u00e8re de chanteuse, sous le nom de Jacqueline Ray. Elle a ensuite beaucoup chant\u00e9 dans des salles lilloises. \u00abJe confirme, tout est parti de Lille. Des clients venaient de Paris\u00bb, a-t-elle assur\u00e9.<\/p>\n<p>                                                                <a href=\"#slideshow-header\"><\/p>\n<p class=\"fig-slideshow__title\">\n                    PHOTOS \u2013 Line Renaud\u00a0: son mari Loulou Gast\u00e9, son filleul Johnny Hallyday, son amant\u2026 retour sur les hommes de sa vie\n                <\/p>\n<p>    <\/a><br \/>\n                                                                <a class=\"fig-a11y-skip\" href=\"#fig-a11y-skip-main-inarticle\" data-module=\"a11y-skip\" data-context=\"was @visible\"><br \/>\n    Passer la publicit\u00e9<br \/>\n<\/a>            <\/p>\n<p>                                                                Line Renaud\u00a0: son sublime sapin de No\u00ebl bleu et blanc \u00e0 La Jonch\u00e8re, sa propri\u00e9t\u00e9 de Rueil-Malmaison<\/p>\n<p class=\"fig-paragraph\">Le jardin lillois \u00e0 son nom est donc un joli cadeau qui donne \u00e0 Line Renaud un avant-go\u00fbt de No\u00ebl. Et cette ann\u00e9e pour les f\u00eates, l\u2019actrice a install\u00e9 un grand sapin dans sa propri\u00e9t\u00e9 de Rueil-Malmaison. Comme on peut le voir sur une photo partag\u00e9e sur Instagram, il est enti\u00e8rement d\u00e9cor\u00e9 en blanc et bleu. Guirlandes lumineuses, guirlandes m\u00e9tallis\u00e9es, guirlandes de perles, boules et n\u0153uds, il ne manque rien\u00a0! C\u2019est l\u2019\u00e9crivain David Lelait-Helo qui a r\u00e9v\u00e9l\u00e9 les d\u00e9corations de No\u00ebl de Line Renaud en partageant une photo prise chez elle o\u00f9 ils posent c\u00f4te \u00e0 c\u00f4te.<\/p>\n<p class=\"fig-paragraph\">Article \u00e9crit en collaboration avec 6M\u00e9dias<\/p>\n","protected":false},"excerpt":{"rendered":"\u00c0 97 ans, Line Renaud a re\u00e7u un joli cadeau lillois. La capitale des Flandres, o\u00f9 sa carri\u00e8re&hellip;\n","protected":false},"author":2,"featured_media":608795,"comment_status":"","ping_status":"","sticky":false,"template":"","format":"standard","meta":{"footnotes":""},"categories":[2815],"tags":[1111,11,6874,1777,674,1011,27,811,14472,7938,3354,1307,18994,12,25],"class_list":{"0":"post-608794","1":"post","2":"type-post","3":"status-publish","4":"format-standard","5":"has-post-thumbnail","7":"category-lille","8":"tag-actu","9":"tag-actualites","10":"tag-cadeau","11":"tag-eu","12":"tag-europe","13":"tag-fr","14":"tag-france","15":"tag-hauts-de-france","16":"tag-honneur","17":"tag-inauguration","18":"tag-jardin","19":"tag-lille","20":"tag-line-renaud","21":"tag-news","22":"tag-republique-francaise"},"share_on_mastodon":{"url":"https:\/\/pubeurope.com\/@fr\/115744302258496432","error":""},"_links":{"self":[{"href":"https:\/\/www.europesays.com\/fr\/wp-json\/wp\/v2\/posts\/608794","targetHints":{"allow":["GET"]}}],"collection":[{"href":"https:\/\/www.europesays.com\/fr\/wp-json\/wp\/v2\/posts"}],"about":[{"href":"https:\/\/www.europesays.com\/fr\/wp-json\/wp\/v2\/types\/post"}],"author":[{"embeddable":true,"href":"https:\/\/www.europesays.com\/fr\/wp-json\/wp\/v2\/users\/2"}],"replies":[{"embeddable":true,"href":"https:\/\/www.europesays.com\/fr\/wp-json\/wp\/v2\/comments?post=608794"}],"version-history":[{"count":0,"href":"https:\/\/www.europesays.com\/fr\/wp-json\/wp\/v2\/posts\/608794\/revisions"}],"wp:featuredmedia":[{"embeddable":true,"href":"https:\/\/www.europesays.com\/fr\/wp-json\/wp\/v2\/media\/608795"}],"wp:attachment":[{"href":"https:\/\/www.europesays.com\/fr\/wp-json\/wp\/v2\/media?parent=608794"}],"wp:term":[{"taxonomy":"category","embeddable":true,"href":"https:\/\/www.europesays.com\/fr\/wp-json\/wp\/v2\/categories?post=608794"},{"taxonomy":"post_tag","embeddable":true,"href":"https:\/\/www.europesays.com\/fr\/wp-json\/wp\/v2\/tags?post=608794"}],"curies":[{"name":"wp","href":"https:\/\/api.w.org\/{rel}","templated":true}]}}