{"id":608796,"date":"2025-12-19T04:18:23","date_gmt":"2025-12-19T04:18:23","guid":{"rendered":"https:\/\/www.europesays.com\/fr\/608796\/"},"modified":"2025-12-19T04:18:23","modified_gmt":"2025-12-19T04:18:23","slug":"le-festival-de-musique-electro-devoile-une-edition-2026-immersive-a-marseille","status":"publish","type":"post","link":"https:\/\/www.europesays.com\/fr\/608796\/","title":{"rendered":"le festival de musique \u00e9lectro d\u00e9voile une \u00e9dition 2026 immersive \u00e0 Marseille"},"content":{"rendered":"<p><a href=\"https:\/\/laprovence.com\/article\/societe\/1399712379139115\/marseille-au-festival-le-bon-air-un-artiste-deprogramme-car-il-voulait-venir-en-jet-prive\" target=\"_blank\" rel=\"noopener\">Le Bon Air<\/a>, c\u2019est humer l\u2019air du temps, c\u2019est prendre une profonde respiration dans ce qui agite actuellement la sc\u00e8ne \u00e9lectro, que ce soit en termes de courants que de mouvements soci\u00e9taux. Depuis 10\u00a0ans, le festival de musique port\u00e9 par Bi\u00a0: Pole tente de rendre au plus pr\u00e8s ces mutations, \u00e9voluant lui-m\u00eame, ann\u00e9e apr\u00e8s ann\u00e9e. Apr\u00e8s une \u00e9dition anniversaire l\u2019an dernier, marqu\u00e9e par un croisement des disciplines et une fr\u00e9quentation en de\u00e7\u00e0 pour \u00ab\u00a0La finale\u00a0\u00bb le dimanche, Le Bon Air \u00e9volue en\u00a02026 en jouant sur une nouvelle exploitation du site \u00ab\u00a0plus coh\u00e9rente avec ce qu\u2019on veut raconter, dit Cyril Tomas-Cimmino (directeur de Bi\u00a0: Pole), plus surprenante, plus immersive. Ce sera une exp\u00e9rience in\u00e9dite\u00a0\u00bb.<\/p>\n<p>Le festival change ainsi sa circulation sur le site de la Friche Belle-de-Mai. Finie la Cartonnerie et ses 4\u00a0200 places au premier \u00e9tage, l\u2019\u00e9v\u00e9nement se rassemble au niveau 0 exploitant le Grand Cab (Cabaret Al\u00e9atoire), <a href=\"https:\/\/www.laprovence.com\/article\/culture-loisirs\/4417988758253814\/le-petit-cab-une-nouvelle-salle-de-concerts-a-marseille-a-la-friche-la-belle-de-mai\" target=\"_blank\" rel=\"noopener\">le Petit Cab<\/a> (nouvelle sc\u00e8ne de 300 places), \u00ab\u00a0la rue int\u00e9rieure\u00a0\u00bb qui dessert une sc\u00e8ne secr\u00e8te et La Zone (1\u00a0500 places dans le parking souterrain), puis jusque dans les jambes de b\u00e9ton du Module (la boule du Gmem) et la salle Seita.<\/p>\n<p>L\u2019abandon de la Cartonnerie diminue&#8230;<\/p>\n","protected":false},"excerpt":{"rendered":"Le Bon Air, c\u2019est humer l\u2019air du temps, c\u2019est prendre une profonde respiration dans ce qui agite actuellement&hellip;\n","protected":false},"author":2,"featured_media":608797,"comment_status":"","ping_status":"","sticky":false,"template":"","format":"standard","meta":{"footnotes":""},"categories":[2814],"tags":[17,1111,11,2965,9207,251,851,11500,1777,674,849,1011,27,884,873,12,882,25,96],"class_list":{"0":"post-608796","1":"post","2":"type-post","3":"status-publish","4":"format-standard","5":"has-post-thumbnail","7":"category-marseille","8":"tag-17","9":"tag-actu","10":"tag-actualites","11":"tag-air","12":"tag-bon","13":"tag-culture","14":"tag-devoile","15":"tag-electro","16":"tag-eu","17":"tag-europe","18":"tag-festival","19":"tag-fr","20":"tag-france","21":"tag-marseille","22":"tag-musique","23":"tag-news","24":"tag-provence-alpes-cote-dazur","25":"tag-republique-francaise","26":"tag-une"},"share_on_mastodon":{"url":"https:\/\/pubeurope.com\/@fr\/115744309500879460","error":""},"_links":{"self":[{"href":"https:\/\/www.europesays.com\/fr\/wp-json\/wp\/v2\/posts\/608796","targetHints":{"allow":["GET"]}}],"collection":[{"href":"https:\/\/www.europesays.com\/fr\/wp-json\/wp\/v2\/posts"}],"about":[{"href":"https:\/\/www.europesays.com\/fr\/wp-json\/wp\/v2\/types\/post"}],"author":[{"embeddable":true,"href":"https:\/\/www.europesays.com\/fr\/wp-json\/wp\/v2\/users\/2"}],"replies":[{"embeddable":true,"href":"https:\/\/www.europesays.com\/fr\/wp-json\/wp\/v2\/comments?post=608796"}],"version-history":[{"count":0,"href":"https:\/\/www.europesays.com\/fr\/wp-json\/wp\/v2\/posts\/608796\/revisions"}],"wp:featuredmedia":[{"embeddable":true,"href":"https:\/\/www.europesays.com\/fr\/wp-json\/wp\/v2\/media\/608797"}],"wp:attachment":[{"href":"https:\/\/www.europesays.com\/fr\/wp-json\/wp\/v2\/media?parent=608796"}],"wp:term":[{"taxonomy":"category","embeddable":true,"href":"https:\/\/www.europesays.com\/fr\/wp-json\/wp\/v2\/categories?post=608796"},{"taxonomy":"post_tag","embeddable":true,"href":"https:\/\/www.europesays.com\/fr\/wp-json\/wp\/v2\/tags?post=608796"}],"curies":[{"name":"wp","href":"https:\/\/api.w.org\/{rel}","templated":true}]}}