{"id":608806,"date":"2025-12-19T04:24:16","date_gmt":"2025-12-19T04:24:16","guid":{"rendered":"https:\/\/www.europesays.com\/fr\/608806\/"},"modified":"2025-12-19T04:24:16","modified_gmt":"2025-12-19T04:24:16","slug":"la-bourse-de-paris-en-hausse-entre-bce-et-inflation-actualites","status":"publish","type":"post","link":"https:\/\/www.europesays.com\/fr\/608806\/","title":{"rendered":"La Bourse de Paris en hausse, entre BCE et inflation : Actualit\u00e9s"},"content":{"rendered":"<p class=\"lead \">La Bourse de Paris a termin\u00e9 en hausse jeudi, apr\u00e8s avoir dig\u00e9r\u00e9 sereinement la derni\u00e8re r\u00e9union de la Banque centrale europ\u00e9enne (BCE) de l&rsquo;ann\u00e9e et salu\u00e9 le ralentissement inattendu de l&rsquo;inflation aux Etats-Unis en novembre.<\/p>\n<p class=\"lead \">Le CAC 40 a pris 0,80%, \u00e0 8.150,64 points, en hausse de 64,59 points. Mercredi, il avait termin\u00e9 en repli de 0,25%.<\/p>\n<p class=\"lead \">Les investisseurs du Vieux Continent ont d\u00e9cortiqu\u00e9 la d\u00e9cision de la BCE qui a maintenu pour la quatri\u00e8me fois d&rsquo;affil\u00e9e son principal taux directeur \u00e0 2%, lors de sa derni\u00e8re r\u00e9union de politique mon\u00e9taire de l&rsquo;ann\u00e9e ce jeudi.<\/p>\n<p class=\"lead \">L&rsquo;institution a aussi relev\u00e9 ses pr\u00e9visions de croissance en zone euro pour 2025 ainsi que pour les deux prochaines ann\u00e9es. <\/p>\n<p class=\"lead \">Elle table d\u00e9sormais sur une croissance de 1,4% cette ann\u00e9e, soit +0,2 point de pourcentage par rapport \u00e0 l&rsquo;estimation de septembre. En 2026, le produit int\u00e9rieur brut (PIB) devrait augmenter de 1,2%, puis de 1,4% en 2027, comme en 2028.<\/p>\n<p class=\"lead \">Quant \u00e0 l&rsquo;inflation, elle devrait s&rsquo;\u00e9tablir \u00e0 2,1% cette ann\u00e9e et \u00e0 1,9% en 2026, soit 0,2 point de pourcentage de plus que pr\u00e9vu en septembre.<\/p>\n<p class=\"lead \">Ces annonces, globalement conformes aux attentes, indiquent que \u00ab\u00a0les taux devraient rester stables au cours de l&rsquo;ann\u00e9e prochaine\u00a0\u00bb, a relev\u00e9 Nicolas Forest, CIO de Candriam.<\/p>\n<p class=\"lead \">Dans ce contexte, le march\u00e9 obligataire n&rsquo;a pas boug\u00e9. Le rendement de l&#8217;emprunt allemand \u00e0 dix ans, r\u00e9f\u00e9rence en Europe, a atteint 2,84%, contre 2,86% la veille en cl\u00f4ture. Son \u00e9quivalent fran\u00e7ais a fini \u00e0 3,55%, contre 3,57% mercredi soir.<\/p>\n<p class=\"lead \">Autre point d&rsquo;attention de la s\u00e9ance: l&rsquo;inflation am\u00e9ricaine pour le mois de novembre.<\/p>\n<p class=\"lead \">L&rsquo;indicateur, qui n&rsquo;avait fait quasiment qu&rsquo;acc\u00e9l\u00e9rer ces derniers mois, a ralenti en novembre, \u00e0 2,7% sur un an, selon l&rsquo;indice des prix \u00e0 la consommation CPI, qui a d\u00e9jou\u00e9 les attentes des investisseurs. En septembre, l&rsquo;indice CPI s&rsquo;affichait \u00e0 3%.<\/p>\n<p class=\"lead \">Les march\u00e9s d&rsquo;actions \u00ab\u00a0prennent pour argent comptant ces chiffres, qui laissent \u00e0 voir une \u00e9conomie am\u00e9ricaine r\u00e9siliente avec une d\u00e9sinflation sur la bonne voie\u00a0\u00bb, a soulign\u00e9 Kevin Thozet, membre du comit\u00e9 d&rsquo;investissement chez Carmignac, interrog\u00e9 par l&rsquo;AFP.<\/p>\n<p class=\"lead \">Toutefois, \u00ab\u00a0il faudrait garder des pincettes, car il a \u00e9t\u00e9 \u00e9labor\u00e9 avec les contraintes du shutdown\u00a0\u00bb, la paralysie budg\u00e9taire qui a frapp\u00e9 les Etats-Unis du 1er octobre au 12 novembre, ce qui a compliqu\u00e9 le travail des statisticiens, a-t-il nuanc\u00e9.<\/p>\n<p class=\"lead \">ADP cale<\/p>\n<p class=\"lead \">Le titre du Groupe ADP (A\u00e9roport\u00e9e de Paris) a nettement c\u00e9d\u00e9 du terrain (-12,27% \u00e0 113,00 euros), apr\u00e8s que l&rsquo;Autorit\u00e9 de r\u00e9gulation des transports (ART) a refus\u00e9 d&rsquo;approuver la hausse de 1,5% des redevances a\u00e9roportuaires que demandait la soci\u00e9t\u00e9 du 1er avril 2026 au 30 mars 2027.<\/p>\n<p class=\"lead \"><a href=\"https:\/\/www.euronext.com\/fr\/products\/indices\/FR0003500008-XPAR\" target=\"_blank\" rel=\"noopener\">Euronext CAC40<\/a><\/p>\n<p class=\"small font-weight-bold text-gray3 \"> publi\u00e9 le 18 d\u00e9cembre \u00e0 18h30, AFP<\/p>\n<p>                             Partager<\/p>\n","protected":false},"excerpt":{"rendered":"La Bourse de Paris a termin\u00e9 en hausse jeudi, apr\u00e8s avoir dig\u00e9r\u00e9 sereinement la derni\u00e8re r\u00e9union de la&hellip;\n","protected":false},"author":2,"featured_media":608807,"comment_status":"","ping_status":"","sticky":false,"template":"","format":"standard","meta":{"footnotes":""},"categories":[1888],"tags":[1111,1928,11,1927,340,1777,674,1011,27,6205,12,1926,626,1925,25],"class_list":{"0":"post-608806","1":"post","2":"type-post","3":"status-publish","4":"format-standard","5":"has-post-thumbnail","7":"category-paris","8":"tag-actu","9":"tag-actu-paris","10":"tag-actualites","11":"tag-actualites-paris","12":"tag-bourse","13":"tag-eu","14":"tag-europe","15":"tag-fr","16":"tag-france","17":"tag-marchs","18":"tag-news","19":"tag-news-paris","20":"tag-paris","21":"tag-paris-news","22":"tag-republique-francaise"},"share_on_mastodon":{"url":"https:\/\/pubeurope.com\/@fr\/115744333162620415","error":""},"_links":{"self":[{"href":"https:\/\/www.europesays.com\/fr\/wp-json\/wp\/v2\/posts\/608806","targetHints":{"allow":["GET"]}}],"collection":[{"href":"https:\/\/www.europesays.com\/fr\/wp-json\/wp\/v2\/posts"}],"about":[{"href":"https:\/\/www.europesays.com\/fr\/wp-json\/wp\/v2\/types\/post"}],"author":[{"embeddable":true,"href":"https:\/\/www.europesays.com\/fr\/wp-json\/wp\/v2\/users\/2"}],"replies":[{"embeddable":true,"href":"https:\/\/www.europesays.com\/fr\/wp-json\/wp\/v2\/comments?post=608806"}],"version-history":[{"count":0,"href":"https:\/\/www.europesays.com\/fr\/wp-json\/wp\/v2\/posts\/608806\/revisions"}],"wp:featuredmedia":[{"embeddable":true,"href":"https:\/\/www.europesays.com\/fr\/wp-json\/wp\/v2\/media\/608807"}],"wp:attachment":[{"href":"https:\/\/www.europesays.com\/fr\/wp-json\/wp\/v2\/media?parent=608806"}],"wp:term":[{"taxonomy":"category","embeddable":true,"href":"https:\/\/www.europesays.com\/fr\/wp-json\/wp\/v2\/categories?post=608806"},{"taxonomy":"post_tag","embeddable":true,"href":"https:\/\/www.europesays.com\/fr\/wp-json\/wp\/v2\/tags?post=608806"}],"curies":[{"name":"wp","href":"https:\/\/api.w.org\/{rel}","templated":true}]}}