{"id":608808,"date":"2025-12-19T04:25:13","date_gmt":"2025-12-19T04:25:13","guid":{"rendered":"https:\/\/www.europesays.com\/fr\/608808\/"},"modified":"2025-12-19T04:25:13","modified_gmt":"2025-12-19T04:25:13","slug":"une-policiere-suspectee-de-vendre-des-informations-sensibles-issues-de-fichiers-police-sur-snapchat","status":"publish","type":"post","link":"https:\/\/www.europesays.com\/fr\/608808\/","title":{"rendered":"une polici\u00e8re suspect\u00e9e de vendre des informations sensibles issues de fichiers \u00abpolice\u00bb sur Snapchat"},"content":{"rendered":"<p>\n    Cette gardienne de la paix de 25 ans et son compagnon, \u00e2g\u00e9 de 31 ans et tr\u00e8s d\u00e9favorablement connu de la police, seront jug\u00e9s en juin prochain. La polici\u00e8re a l\u2019interdiction d\u2019exercer son m\u00e9tier d\u2019ici l\u00e0.<\/p>\n<p class=\"fig-paragraph\">Une affaire de corruption dans la police nationale\u00a0? Une fonctionnaire de 25 ans, affect\u00e9e \u00e0 la direction de l\u2019ordre public et de la circulation (DOPC) de la pr\u00e9fecture de police de Paris, et son petit ami, un homme de 31 ans tr\u00e8s d\u00e9favorablement connu des services de police, ont \u00e9t\u00e9 plac\u00e9s en garde \u00e0 vue lundi 15 d\u00e9cembre.<\/p>\n<p class=\"fig-paragraph\">Ils sont suspect\u00e9s de \u00abd\u00e9tournement de la finalit\u00e9 d\u2019un fichier, transmission frauduleuse des donn\u00e9es issues des fichiers, violation du secret professionnel et recel de ces infractions, corruption active et passive, blanchiment de d\u00e9lit\u00bb, a appris Le Figaro de sources concordantes, confirmant une information de\u00a0<a href=\"https:\/\/www.bfmtv.com\/police-justice\/info-bfmtv-une-gardienne-de-la-paix-soupconnee-de-renseigner-des-delinquants-inscrits-au-fichier-des-personnes-recherchees_AN-202512180555.html\" target=\"_blank\" rel=\"noopener\" data-gtm-custom-categorie=\"navigation\" data-gtm-custom-action=\"crossclick\" data-gtm-custom-label=\"Contextuel\" data-gtm-event=\"customEventSPE\">BFMTV<\/a>. Les deux mis en cause ont \u00e9t\u00e9 plac\u00e9s sous contr\u00f4le judiciaire avec interdiction de contact entre eux, interdiction de quitter le territoire et pour la polici\u00e8re interdiction d\u2019exercer toute fonction publique avant leur proc\u00e8s pr\u00e9vu le 15 juin 2026, confirme au Figaro le parquet de Paris.<\/p>\n<p>                                            <a class=\"fig-a11y-skip\" href=\"#fig-a11y-skip-main-inarticle\" data-module=\"a11y-skip\" data-context=\"was @visible\"><br \/>\n    Passer la publicit\u00e9<br \/>\n<\/a>            <\/p>\n<p>                                            Des informations monnay\u00e9es sur Snapchat<\/p>\n<p class=\"fig-paragraph\">L\u2019affaire d\u00e9bute en mai dernier lorsque les enqu\u00eateurs de l\u2019office anti-cybercriminalit\u00e9 (OFAC) de Versailles d\u00e9couvrent sur le r\u00e9seau social Snapchat un compte proposant dans une \u00abstory\u00bb la consultation de divers fichiers \u00abpolice\u00bb, notamment du fichier des personnes recherch\u00e9es (FPR). Une enqu\u00eate est alors ouverte par le tribunal judiciaire de Versailles, qui s\u2019est ensuite dessaisi, en ao\u00fbt, au profit du parquet de Paris.<\/p>\n<p class=\"fig-paragraph\">Les investigations t\u00e9l\u00e9phoniques et informatiques confi\u00e9es \u00e0 la division de la criminalit\u00e9 organis\u00e9e et sp\u00e9cialis\u00e9e des Yvelines (DCOS 78) et \u00e0 l\u2019inspection g\u00e9n\u00e9rale de la police nationale (IGPN) ont permis d\u2019identifier une gardienne de la paix domicili\u00e9e dans le Val-de-Marne.<\/p>\n<p class=\"fig-paragraph\">\u00abCette suspecte a consult\u00e9 une vingtaine de fiches\u00bb alors qu\u2019elle \u00e9tait \u00abaffect\u00e9e \u00e0 la garde b\u00e2timentaire et donc pas en charge d\u2019enqu\u00eates\u00bb, nous pr\u00e9cise le parquet de Paris. Dans le d\u00e9tail, depuis d\u00e9but 2024, elle aurait effectu\u00e9 94 consultations frauduleuses du fichier du traitement des ant\u00e9c\u00e9dents judiciaires (TAJ) et 169 consultations du fichier des personnes recherch\u00e9es (FPR). Les consultations de ce dernier fichier se concluaient presque syst\u00e9matiquement par un r\u00e9sultat positif.<\/p>\n<p>                                            Un b\u00e9n\u00e9fice de 12.000 euros en 2025<\/p>\n<p class=\"fig-paragraph\">Selon nos informations, les \u00abclients\u00bb devaient d\u00e9bourser 150 euros pour une consultation du FPR, 30 euros pour une consultation du fichier du syst\u00e8me d\u2019immatriculation des v\u00e9hicules (SIV) et 250 euros pour une lev\u00e9e d\u2019immobilisation d\u2019un v\u00e9hicule. Des virements entre 15 euros et 5000 euros des personnes concern\u00e9es par ces fiches ont \u00e9t\u00e9 cr\u00e9dit\u00e9s sur son compte bancaire, d\u00e9taille le minist\u00e8re public. Son b\u00e9n\u00e9fice est estim\u00e9 \u00e0 environ 12.000 euros pour l\u2019ann\u00e9e 2025.<\/p>\n<p class=\"fig-paragraph\">\u00abL\u2019enqu\u00eate a conduit \u00e0 l\u2019identification d\u2019un second suspect dans son entourage, soup\u00e7onn\u00e9e d\u2019\u00eatre impliqu\u00e9e dans les transactions avec les b\u00e9n\u00e9ficiaires de ces consultations ill\u00e9gales\u00bb, indique encore le parquet de Paris. Le lien entre eux a \u00e9t\u00e9 \u00e9tabli gr\u00e2ce \u00e0 un v\u00e9hicule de marque BMW, dont la polici\u00e8re \u00e9tait propri\u00e9taire, au volant duquel un individu tr\u00e8s d\u00e9favorablement connu des services de police \u00e9tait r\u00e9guli\u00e8rement verbalis\u00e9, nous indique une source proche du dossier.<\/p>\n<p>                                            <a class=\"fig-a11y-skip\" href=\"#fig-a11y-skip-main-inarticle_mtf\" data-module=\"a11y-skip\" data-context=\"was @visible\"><br \/>\n    Passer la publicit\u00e9<br \/>\n<\/a>            <\/p>\n<p class=\"fig-paragraph\">Cet homme de 31 ans, ensuite identifi\u00e9 comme son petit ami, avait pour mission de trouver des \u00abclients\u00bb sur Snapchat tandis que sa compagne \u00e9tait charg\u00e9e des consultations de fichiers. Les deux suspects auraient reconnu les faits en garde \u00e0 vue tout en minimisant les gains per\u00e7us.\u00a0<a href=\"http:\/\/www.lefigaro.fr\/actualite-france\/revente-de-donnees-sensibles-scelles-voles-fichiers-pirates-face-a-la-corruption-dans-la-police-l-igpn-change-de-braquet-20251015\" target=\"_blank\" data-fig-type=\"Article\" rel=\"noopener\" data-gtm-custom-categorie=\"navigation\" data-gtm-custom-action=\"crossclick\" data-gtm-custom-label=\"Contextuel\" data-gtm-event=\"customEventSPE\" data-fig-domain=\"LEFIGARO\">Les affaires relatives aux \u00abatteintes \u00e0 la probit\u00e9\u00bb dans la police nationale ont pratiquement doubl\u00e9 en cinq ans<\/a>, passant de 137 \u00e0 234 entre 2020 et l\u2019ann\u00e9e derni\u00e8re.<\/p>\n","protected":false},"excerpt":{"rendered":"Cette gardienne de la paix de 25 ans et son compagnon, \u00e2g\u00e9 de 31 ans et tr\u00e8s d\u00e9favorablement&hellip;\n","protected":false},"author":2,"featured_media":608809,"comment_status":"","ping_status":"","sticky":false,"template":"","format":"standard","meta":{"footnotes":""},"categories":[1888],"tags":[1111,1928,11,1927,1770,1777,674,1011,27,12,1926,626,1925,4843,25,1748],"class_list":{"0":"post-608808","1":"post","2":"type-post","3":"status-publish","4":"format-standard","5":"has-post-thumbnail","7":"category-paris","8":"tag-actu","9":"tag-actu-paris","10":"tag-actualites","11":"tag-actualites-paris","12":"tag-corruption","13":"tag-eu","14":"tag-europe","15":"tag-fr","16":"tag-france","17":"tag-news","18":"tag-news-paris","19":"tag-paris","20":"tag-paris-news","21":"tag-police-nationale","22":"tag-republique-francaise","23":"tag-snapchat"},"share_on_mastodon":{"url":"https:\/\/pubeurope.com\/@fr\/115744337020534136","error":""},"_links":{"self":[{"href":"https:\/\/www.europesays.com\/fr\/wp-json\/wp\/v2\/posts\/608808","targetHints":{"allow":["GET"]}}],"collection":[{"href":"https:\/\/www.europesays.com\/fr\/wp-json\/wp\/v2\/posts"}],"about":[{"href":"https:\/\/www.europesays.com\/fr\/wp-json\/wp\/v2\/types\/post"}],"author":[{"embeddable":true,"href":"https:\/\/www.europesays.com\/fr\/wp-json\/wp\/v2\/users\/2"}],"replies":[{"embeddable":true,"href":"https:\/\/www.europesays.com\/fr\/wp-json\/wp\/v2\/comments?post=608808"}],"version-history":[{"count":0,"href":"https:\/\/www.europesays.com\/fr\/wp-json\/wp\/v2\/posts\/608808\/revisions"}],"wp:featuredmedia":[{"embeddable":true,"href":"https:\/\/www.europesays.com\/fr\/wp-json\/wp\/v2\/media\/608809"}],"wp:attachment":[{"href":"https:\/\/www.europesays.com\/fr\/wp-json\/wp\/v2\/media?parent=608808"}],"wp:term":[{"taxonomy":"category","embeddable":true,"href":"https:\/\/www.europesays.com\/fr\/wp-json\/wp\/v2\/categories?post=608808"},{"taxonomy":"post_tag","embeddable":true,"href":"https:\/\/www.europesays.com\/fr\/wp-json\/wp\/v2\/tags?post=608808"}],"curies":[{"name":"wp","href":"https:\/\/api.w.org\/{rel}","templated":true}]}}