{"id":608812,"date":"2025-12-19T04:27:23","date_gmt":"2025-12-19T04:27:23","guid":{"rendered":"https:\/\/www.europesays.com\/fr\/608812\/"},"modified":"2025-12-19T04:27:23","modified_gmt":"2025-12-19T04:27:23","slug":"sur-le-terrain-emmanuel-gregoire-et-david-belliard-mettent-en-scene-leur-alliance","status":"publish","type":"post","link":"https:\/\/www.europesays.com\/fr\/608812\/","title":{"rendered":"sur le terrain, Emmanuel Gr\u00e9goire et David Belliard mettent en sc\u00e8ne leur alliance"},"content":{"rendered":"<p>\n    Si le PS et les \u00e9colos ne sont pas align\u00e9s sur l\u2019id\u00e9e d\u2019une fusion avec LFI au second tour, Emmanuel Gr\u00e9goire a r\u00e9pliqu\u00e9 que lui et les siens \u00abferont tout\u00bb pour que Sophia Chikirou ne se qualifie pas.<\/p>\n<p class=\"fig-paragraph\">Tout \u00e9tait presque un peu trop beau. Apr\u00e8s un automne de n\u00e9gociations, le PS et les Verts ont atterri assez facilement en d\u00e9but de semaine sur un accord de premier tour\u00a0<a href=\"http:\/\/www.lefigaro.fr\/politique\/municipales-a-paris-l-ecologiste-belliard-accepte-de-retirer-sa-candidature-pour-se-ranger-derriere-le-socialiste-gregoire-20251217\" data-fig-type=\"Article\" data-gtm-custom-categorie=\"navigation\" data-gtm-custom-action=\"crossclick\" data-gtm-custom-label=\"Contextuel\" data-gtm-event=\"customEventSPE\" data-fig-domain=\"LEFIGARO\" target=\"_blank\" rel=\"noopener\">derri\u00e8re le socialiste Emmanuel Gr\u00e9goire<\/a>\u00a0pour les municipales \u00e0 Paris. Un geste pourtant \u00abpas naturel\u00bb, r\u00e9p\u00e8tent-ils, au regard de l\u2019\u00e9ternelle d\u00e9fiance entre les deux formations dans la capitale. \u00abHistorique\u00bb surtout puisque jamais elles n\u2019avaient fusionn\u00e9 avant le second tour. Leur premier d\u00e9placement commun, o\u00f9 \u00e9tait aussi pr\u00e9sent le Parti communiste et Place Publique, dans un restaurant \u00absolidaire\u00bb du 14e arrondissement ce jeudi midi a pourtant bien failli tourner court.<\/p>\n<p class=\"fig-paragraph\">Les Verts de David Belliard assurent m\u00eame avoir menac\u00e9 de ne pas appara\u00eetre sur la photo de famille si le petit parti \u00abL\u2019Apr\u00e8s\u00bb, port\u00e9 \u00e0 Paris par l\u2019ex-Insoumise, Danielle Simonnet, aujourd\u2019hui d\u00e9put\u00e9e au sein du groupe \u00e9colo, n\u2019\u00e9tait pas mieux \u00abpay\u00e9\u00bb dans l\u2019accord. \u00abGr\u00e9goire ne voulait leur donner aucun conseiller de Paris\u00bb, assure-t-on chez les Verts, ce que d\u00e9ment l\u2019entourage du socialiste qui r\u00e9plique que tout \u00e9tait ouvert. \u00abL\u2019Apr\u00e8s\u00bb a finalement d\u00e9croch\u00e9 deux conseillers de Paris dans le cadre de l\u2019accord, et doit soumettre cette proposition \u00e0 ses adh\u00e9rents. Un \u00abdeal\u00bb qui a permis aux \u00e9cologistes de confirmer \u00e0 13h10 leur participation au d\u00e9placement pr\u00e9vu \u00e0 13h30.<\/p>\n<p>                                            <a class=\"fig-a11y-skip\" href=\"#fig-a11y-skip-main-inarticle\" data-module=\"a11y-skip\" data-context=\"was @visible\"><br \/>\n    Passer la publicit\u00e9<br \/>\n<\/a>            <\/p>\n<p>                                            Quid de LFI au second tour\u00a0?<\/p>\n<p class=\"fig-paragraph\">Ce petit pic de tension confirme qu\u2019un peu de friture demeure sur la ligne entre socialistes et \u00e9cologistes, et d\u00e9montre que les uns et les autres n\u2019h\u00e9siteront pas \u00e0 jouer le rapport de force tout au long de la campagne. \u00ab\u00c7a se passera bien car tout le monde a int\u00e9r\u00eat \u00e0 ce que \u00e7a se passe bien\u00bb, temp\u00e8re un cadre des Verts. Devant la presse, Emmanuel Gr\u00e9goire n\u2019a d\u2019ailleurs pas manqu\u00e9 de remercier ses partenaires, \u00e9voquant \u00abun geste d\u2019engagement qui a du sens\u00bb pour \u00abconstruire une offre politique qui prot\u00e8ge\u00bb les Parisiens. L\u2019\u00e9cologiste David Belliard a lui parl\u00e9 d\u2019un \u00abmoment d\u2019\u00e9motion et de bonheur\u00bb, rappelant \u00abl\u2019immense responsabilit\u00e9 de la gauche pour battre la droite populiste\u00bb.<\/p>\n<p class=\"fig-paragraph\">Flotte malgr\u00e9 tout autour de cette union in\u00e9dite une question en suspens\u00a0: quel comportement adopter vis-\u00e0-vis de LFI si la liste de Sophia Chikirou \u00e9tait en mesure de se qualifier au second tour? Emmanuel Gr\u00e9goire a\u00a0<a href=\"http:\/\/www.lefigaro.fr\/politique\/municipales-a-paris-il-n-y-aura-pas-d-accord-avec-lfi-reaffirme-le-socialiste-emmanuel-gregoire-20251218\" data-fig-type=\"NewsFlash\" data-gtm-custom-categorie=\"navigation\" data-gtm-custom-action=\"crossclick\" data-gtm-custom-label=\"Contextuel\" data-gtm-event=\"customEventSPE\" data-fig-domain=\"LEFIGARO\" target=\"_blank\" rel=\"noopener\">toujours r\u00e9p\u00e9t\u00e9<\/a>\u00a0qu\u2019il ne fusionnerait \u00abjamais\u00bb avec les Insoumis, alors que les \u00c9cologistes r\u00e9pliquent que ce sera une n\u00e9cessit\u00e9 pour \u00e9viter une victoire de Rachida Dati. Pour l\u2019instant, chacun refuse de revenir publiquement sur ce dilemme, et renvoie cette question au soir du premier tour, le 15 mars. \u00ab\u00c7a va se jouer entre Rachida Dati et nous. Pour le reste, on fera tout notre possible pour que Sophia Chikirou ne fasse pas 10%\u00bb, a encore affirm\u00e9 Emmanuel Gr\u00e9goire, qui n\u2019a pas souhait\u00e9 commenter davantage la candidature de sa concurrente de la gauche radicale.<\/p>\n","protected":false},"excerpt":{"rendered":"Si le PS et les \u00e9colos ne sont pas align\u00e9s sur l\u2019id\u00e9e d\u2019une fusion avec LFI au second&hellip;\n","protected":false},"author":2,"featured_media":608813,"comment_status":"","ping_status":"","sticky":false,"template":"","format":"standard","meta":{"footnotes":""},"categories":[1888],"tags":[11,30253,8186,1777,674,1011,27,12,626,25],"class_list":{"0":"post-608812","1":"post","2":"type-post","3":"status-publish","4":"format-standard","5":"has-post-thumbnail","7":"category-paris","8":"tag-actualites","9":"tag-david-belliard","10":"tag-emmanuel-gregoire","11":"tag-eu","12":"tag-europe","13":"tag-fr","14":"tag-france","15":"tag-news","16":"tag-paris","17":"tag-republique-francaise"},"share_on_mastodon":{"url":"https:\/\/pubeurope.com\/@fr\/115744344890835161","error":""},"_links":{"self":[{"href":"https:\/\/www.europesays.com\/fr\/wp-json\/wp\/v2\/posts\/608812","targetHints":{"allow":["GET"]}}],"collection":[{"href":"https:\/\/www.europesays.com\/fr\/wp-json\/wp\/v2\/posts"}],"about":[{"href":"https:\/\/www.europesays.com\/fr\/wp-json\/wp\/v2\/types\/post"}],"author":[{"embeddable":true,"href":"https:\/\/www.europesays.com\/fr\/wp-json\/wp\/v2\/users\/2"}],"replies":[{"embeddable":true,"href":"https:\/\/www.europesays.com\/fr\/wp-json\/wp\/v2\/comments?post=608812"}],"version-history":[{"count":0,"href":"https:\/\/www.europesays.com\/fr\/wp-json\/wp\/v2\/posts\/608812\/revisions"}],"wp:featuredmedia":[{"embeddable":true,"href":"https:\/\/www.europesays.com\/fr\/wp-json\/wp\/v2\/media\/608813"}],"wp:attachment":[{"href":"https:\/\/www.europesays.com\/fr\/wp-json\/wp\/v2\/media?parent=608812"}],"wp:term":[{"taxonomy":"category","embeddable":true,"href":"https:\/\/www.europesays.com\/fr\/wp-json\/wp\/v2\/categories?post=608812"},{"taxonomy":"post_tag","embeddable":true,"href":"https:\/\/www.europesays.com\/fr\/wp-json\/wp\/v2\/tags?post=608812"}],"curies":[{"name":"wp","href":"https:\/\/api.w.org\/{rel}","templated":true}]}}