{"id":608821,"date":"2025-12-19T04:32:21","date_gmt":"2025-12-19T04:32:21","guid":{"rendered":"https:\/\/www.europesays.com\/fr\/608821\/"},"modified":"2025-12-19T04:32:21","modified_gmt":"2025-12-19T04:32:21","slug":"prets-au-service-militaire-les-francais-ont-un-rapport-different-a-larmee","status":"publish","type":"post","link":"https:\/\/www.europesays.com\/fr\/608821\/","title":{"rendered":"Pr\u00eats au service militaire, les Fran\u00e7ais ont un \u201crapport diff\u00e9rent \u00e0 l\u2019arm\u00e9e\u201d"},"content":{"rendered":"\n<p>Quand on demande la nationalit\u00e9 fran\u00e7aise, on doit, au bout d\u2019un processus de plusieurs ann\u00e9es, passer un examen oral. Celui-ci comprend des questions sur la g\u00e9ographie, l\u2019histoire, les institutions et les valeurs de la France. Cependant, il peut aussi porter sur la disposition du candidat \u00e0 la d\u00e9fendre. En 2019, des ann\u00e9es avant l\u2019invasion de l\u2019Ukraine par la Russie, une candidate allemande s\u2019est entendu demander si elle \u00e9tait pr\u00eate \u201c\u00e0 prendre les armes\u201d pour la France. Telle \u00e9tait la formulation, comme dans l\u2019hymne national\u00a0: Aux armes, citoyens\u00a0!*<\/p>\n<p>Quelle question\u00a0! Il serait inconcevable qu\u2019on la pose \u00e0 un immigr\u00e9 en Allemagne. On la pensait r\u00e9gl\u00e9e une bonne fois pour toutes depuis la fin de la guerre froide. Il appara\u00eet aujourd\u2019hui que c\u2019\u00e9tait une grave erreur. Comme l\u2019Allemagne, la France r\u00e9agit \u00e0 l\u2019apparition de nouvelles menaces en r\u00e9introduisant le service militaire. En revanche, cette d\u00e9cision ne s\u2019accompagne pas de mois de d\u00e9bats. En tant que chef des arm\u00e9es, le <a href=\"https:\/\/www.courrierinternational.com\/article\/vu-de-suisse-le-nouveau-service-militaire-en-france-risque-de-manquer-d-argent_237907\" target=\"_blank\" rel=\"noopener\">pr\u00e9sident a le pouvoir de d\u00e9cider seul <\/a>en la mati\u00e8re.<\/p>\n<p>Le service sera volontaire, il durera moins d\u2019un an. Dans un premier temps, ce sont trois mille jeunes hommes et femmes [par an] qui apprendront \u00e0 se servir d\u2019une arme, puis on passera \u00e0 dix mille. Ceux qui voudront faire des \u00e9tudes par la suite b\u00e9n\u00e9ficieron<\/p>\n<p>  Offres sp\u00e9ciales  Pour lire la suite de cet article, abonnez-vous <\/p>\n<p class=\"paywall-text\">Acc\u00e9dez \u00e0\u00a0l\u2019int\u00e9gralit\u00e9 de\u00a0nos contenus sur le\u00a0site et\u00a0l\u2019application en\u00a0vous abonnant \u00e0\u00a0<strong>l\u2019offre sp\u00e9ciale.<\/strong><\/p>\n<p class=\"price\">D\u00e8s <strong>2,99\u00a0\u20ac<\/strong>\/mois<\/p>\n<p> Sans engagement \u2022 R\u00e9siliable en ligne                             Offres sp\u00e9ciales  <\/p>\n<p class=\"popin-title\"> <strong>Profitez d\u2019un acc\u00e8s illimit\u00e9 (-57%)<\/strong> <\/p>\n<p>    <img loading=\"lazy\" decoding=\"async\" class=\"popin-img\" src=\"https:\/\/www.europesays.com\/fr\/wp-content\/uploads\/2025\/12\/1766118740_908_fe6cca3_upload-1-y50fm5af5abj-pop-in.png\"  alt=\"Image d'illustration pour l'abonnement\" width=\"300\" height=\"250\"\/>    <\/p>\n<p class=\"price\"> 2,99 \u20ac par mois <\/p>\n<p class=\"popin-engagement\">au lieu de 6,99 \u20ac, r\u00e9siliable \u00e0 tout moment<\/p>\n<p>  <a class=\"ithal-element\" href=\"https:\/\/macommande.courrierinternational.com\/account\/create\/CWADIMENS299PRIO\/CW365N3600ADD1FPRIO?marketing=RCWSITEDISPLAY01\" data-model=\"button\" data-ithal=\"popin_offre_speciale\" data-ithalc=\"[cta_abo]\" id=\"click_popin_offre_speciale\" target=\"_blank\" rel=\"noopener\">J\u2019en profite<\/a>             <\/p>\n<p class=\"article-authors\">                         <a href=\"https:\/\/www.courrierinternational.com\/auteur\/martina-meister\" target=\"_blank\" rel=\"noopener\">Martina Meister<\/a>    <\/p>\n<p class=\"article-vo\"><a href=\"https:\/\/www.welt.de\/debatte\/plus692981fee9b1296b9ef96a2c\/frankreich-wenn-die-buerger-zu-den-waffen-greifen.html\" rel=\"noopener\" target=\"_blank\">Lire l\u2019article original<\/a><\/p>\n<p>Nos lecteurs ont lu\u00a0aussi<\/p>\n<p>Source de l\u2019article<\/p>\n<p>   <img decoding=\"async\" class=\"source-logo\" src=\"https:\/\/www.europesays.com\/fr\/wp-content\/uploads\/2025\/10\/f3336d8_1643653558129-welt.jpg\"  alt=\"Logo\" loading=\"lazy\" width=\"32\" height=\"32\"\/>  Die Welt  (Berlin)       <\/p>\n<p>\u201cLe Monde\u201d, porte-drapeau des \u00e9ditions Springer, est une sorte de Figaro \u00e0 l\u2019allemande. Initialement cr\u00e9\u00e9 par les forces militaires britanniques \u00e0 la sortie de la Seconde guerre mondiale, ce journal est connu pour ses positions lib\u00e9rales d\u2019un point de vue \u00e9conomique et conservatrices d\u2019un point de vue social et soci\u00e9tal. Depuis 1948 para\u00eet son \u00e9dition dominicale, Welt am Sonntag, qui fait partie des m\u00e9dias allemands les plus\u00a0lus. Ces derni\u00e8res ann\u00e9es, la vid\u00e9o a aussi fait irruption sur son site, qui fait la part belle \u00e0 la cha\u00eene Welt TV.<\/p>\n<p>      <a href=\"https:\/\/www.courrierinternational.com\/notule-source\/die-welt\" class=\"source-link\" target=\"_blank\" rel=\"noopener\">Lire la suite<\/a>                 <\/p>\n<p>Nos services<\/p>\n","protected":false},"excerpt":{"rendered":"Quand on demande la nationalit\u00e9 fran\u00e7aise, on doit, au bout d\u2019un processus de plusieurs ann\u00e9es, passer un examen&hellip;\n","protected":false},"author":2,"featured_media":608822,"comment_status":"","ping_status":"","sticky":false,"template":"","format":"standard","meta":{"footnotes":""},"categories":[1587],"tags":[11,672,1804,1805,1803,1777,674,27,1801,3821,12,2476,1802,1857],"class_list":{"0":"post-608821","1":"post","2":"type-post","3":"status-publish","4":"format-standard","5":"has-post-thumbnail","7":"category-allemagne","8":"tag-actualites","9":"tag-allemagne","10":"tag-bundesrepublik-deutschland","11":"tag-de","12":"tag-deutschland","13":"tag-eu","14":"tag-europe","15":"tag-france","16":"tag-germany","17":"tag-la-france-vue-de-lu2019u00e9tranger","18":"tag-news","19":"tag-politique-de-du00e9fense","20":"tag-republique-federale-dallemagne","21":"tag-sociu00e9tu00e9"},"share_on_mastodon":{"url":"https:\/\/pubeurope.com\/@fr\/115744365241925495","error":""},"_links":{"self":[{"href":"https:\/\/www.europesays.com\/fr\/wp-json\/wp\/v2\/posts\/608821","targetHints":{"allow":["GET"]}}],"collection":[{"href":"https:\/\/www.europesays.com\/fr\/wp-json\/wp\/v2\/posts"}],"about":[{"href":"https:\/\/www.europesays.com\/fr\/wp-json\/wp\/v2\/types\/post"}],"author":[{"embeddable":true,"href":"https:\/\/www.europesays.com\/fr\/wp-json\/wp\/v2\/users\/2"}],"replies":[{"embeddable":true,"href":"https:\/\/www.europesays.com\/fr\/wp-json\/wp\/v2\/comments?post=608821"}],"version-history":[{"count":0,"href":"https:\/\/www.europesays.com\/fr\/wp-json\/wp\/v2\/posts\/608821\/revisions"}],"wp:featuredmedia":[{"embeddable":true,"href":"https:\/\/www.europesays.com\/fr\/wp-json\/wp\/v2\/media\/608822"}],"wp:attachment":[{"href":"https:\/\/www.europesays.com\/fr\/wp-json\/wp\/v2\/media?parent=608821"}],"wp:term":[{"taxonomy":"category","embeddable":true,"href":"https:\/\/www.europesays.com\/fr\/wp-json\/wp\/v2\/categories?post=608821"},{"taxonomy":"post_tag","embeddable":true,"href":"https:\/\/www.europesays.com\/fr\/wp-json\/wp\/v2\/tags?post=608821"}],"curies":[{"name":"wp","href":"https:\/\/api.w.org\/{rel}","templated":true}]}}