{"id":608823,"date":"2025-12-19T04:33:12","date_gmt":"2025-12-19T04:33:12","guid":{"rendered":"https:\/\/www.europesays.com\/fr\/608823\/"},"modified":"2025-12-19T04:33:12","modified_gmt":"2025-12-19T04:33:12","slug":"noel-sur-la-place-de-leurope-simone-veil","status":"publish","type":"post","link":"https:\/\/www.europesays.com\/fr\/608823\/","title":{"rendered":"No\u00ebl sur la place de l\u2019Europe Simone Veil"},"content":{"rendered":"<p>Du 20 au 28 d\u00e9cembre 2025, la Ville de Castelnau-le-Lez propose des animations sur la place de l\u2019Europe Simone-Veil.<\/p>\n<p>Au programme, des animations accessibles \u00e0 tous et un invit\u00e9 de marque : le P\u00e8re No\u00ebl.<\/p>\n<p>Une patinoire synth\u00e9tique de pr\u00e8s de 100 m\u00b2 fera le bonheur des amateurs de glisse en semaine de 14 h \u00e0 18 h et le week-end de 10 h \u00e0 18 h. Le mercredi 24 d\u00e9cembre, la patinoire ouvrira de 10 h \u00e0 17 h . Elle sera accessible gratuitement. Les patins et protections seront fournis sur place et il n\u2019y aura pas d\u2019\u00e2ge minimum.<\/p>\n<p>La grande roue \u00e9coresponsable, d\u00e9j\u00e0 pr\u00e9sente lors de la F\u00eate des parcs, sera install\u00e9e sur la place de l\u2019Europe \u00e0 l\u2019occasion des f\u00eates de fin d\u2019ann\u00e9e. Elle sera elle aussi accessible gratuitement.<\/p>\n<p><b>Des animations et un march\u00e9 exceptionnel<\/b><\/p>\n<p>Pour compl\u00e9ter ce d\u00e9cor festif, des forains proposeront d\u2019autres stands payants : p\u00eache aux canards, jeux pour enfants, pommes d\u2019amour et autres gourmandises.<\/p>\n<p>Le P\u00e8re No\u00ebl fera une halte sur la place de l\u2019Europe Simone-Veil les 20 et 24 d\u00e9cembre de 13 h \u00e0 16 h pour rencontrer les enfants.<\/p>\n<p>Des ateliers origami, maquillage, jeux en bois, chamboule-tout\u2026 anim\u00e9s par les \u00e9lus du Conseil Municipal des Jeunes seront propos\u00e9s tous les jours, du 20 au 23 d\u00e9cembre, de 16 h \u00e0 19 h .<\/p>\n<p>Exceptionnellement, vous pourrez retrouver vos commer\u00e7ants habituels sur le march\u00e9 le mercredi 24 d\u00e9cembre, pour les derniers pr\u00e9paratifs de vos repas de f\u00eates. Pendant cette p\u00e9riode festive, tous les commer\u00e7ants castelnauviens seront heureux d\u2019accueillir le public. A noter que le march\u00e9 du 27 d\u00e9cembre est maintenu.<\/p>\n<p>Plus d\u2019informations sur <a href=\"http:\/\/www.castelnau-le-lez.fr\" target=\"_blank\" rel=\"nofollow noopener\">www.castelnau-le-lez.fr<\/a><\/p>\n<p>Correspondant Midi Libre : 06 62 21 67 37<\/p>\n","protected":false},"excerpt":{"rendered":"Du 20 au 28 d\u00e9cembre 2025, la Ville de Castelnau-le-Lez propose des animations sur la place de l\u2019Europe&hellip;\n","protected":false},"author":2,"featured_media":608824,"comment_status":"","ping_status":"","sticky":false,"template":"","format":"standard","meta":{"footnotes":""},"categories":[1586],"tags":[11,70976,872,1777,674,1011,27,69124,7089,12,25],"class_list":{"0":"post-608823","1":"post","2":"type-post","3":"status-publish","4":"format-standard","5":"has-post-thumbnail","7":"category-europe","8":"tag-actualites","9":"tag-castelnaulelez","10":"tag-culture-et-loisirs","11":"tag-eu","12":"tag-europe","13":"tag-fr","14":"tag-france","15":"tag-fu00eates-et-festivals","16":"tag-herault","17":"tag-news","18":"tag-republique-francaise"},"share_on_mastodon":{"url":"https:\/\/pubeurope.com\/@fr\/115744368452055845","error":""},"_links":{"self":[{"href":"https:\/\/www.europesays.com\/fr\/wp-json\/wp\/v2\/posts\/608823","targetHints":{"allow":["GET"]}}],"collection":[{"href":"https:\/\/www.europesays.com\/fr\/wp-json\/wp\/v2\/posts"}],"about":[{"href":"https:\/\/www.europesays.com\/fr\/wp-json\/wp\/v2\/types\/post"}],"author":[{"embeddable":true,"href":"https:\/\/www.europesays.com\/fr\/wp-json\/wp\/v2\/users\/2"}],"replies":[{"embeddable":true,"href":"https:\/\/www.europesays.com\/fr\/wp-json\/wp\/v2\/comments?post=608823"}],"version-history":[{"count":0,"href":"https:\/\/www.europesays.com\/fr\/wp-json\/wp\/v2\/posts\/608823\/revisions"}],"wp:featuredmedia":[{"embeddable":true,"href":"https:\/\/www.europesays.com\/fr\/wp-json\/wp\/v2\/media\/608824"}],"wp:attachment":[{"href":"https:\/\/www.europesays.com\/fr\/wp-json\/wp\/v2\/media?parent=608823"}],"wp:term":[{"taxonomy":"category","embeddable":true,"href":"https:\/\/www.europesays.com\/fr\/wp-json\/wp\/v2\/categories?post=608823"},{"taxonomy":"post_tag","embeddable":true,"href":"https:\/\/www.europesays.com\/fr\/wp-json\/wp\/v2\/tags?post=608823"}],"curies":[{"name":"wp","href":"https:\/\/api.w.org\/{rel}","templated":true}]}}