{"id":608837,"date":"2025-12-19T04:45:19","date_gmt":"2025-12-19T04:45:19","guid":{"rendered":"https:\/\/www.europesays.com\/fr\/608837\/"},"modified":"2025-12-19T04:45:19","modified_gmt":"2025-12-19T04:45:19","slug":"cyclisme-route-guillaume-martin-guyonnet-je-vais-aussi-vite-que-lance-armstrong","status":"publish","type":"post","link":"https:\/\/www.europesays.com\/fr\/608837\/","title":{"rendered":"Cyclisme. Route &#8211; Guillaume Martin-Guyonnet : \u00ab Je vais aussi vite que Lance Armstrong\u00bb"},"content":{"rendered":"<p><strong>Guillaume Martin-Guyonnet<\/strong>, \u00e2g\u00e9 de 32 ans, a livr\u00e9 son regard sur les profondes mutations du cyclisme moderne, sans c\u00e9der \u00e0 la suspicion. Constatant lui-m\u00eame qu\u2019il r\u00e9alise aujourd\u2019hui des performances comparables \u00e0 celles de<strong> Lance Armstrong<\/strong>, dont le dopage a \u00e9t\u00e9 av\u00e9r\u00e9, il pr\u00e9f\u00e8re y voir l\u2019effet d\u2019une \u00e9volution structurelle de son sport. Apr\u00e8s pr\u00e8s de dix ann\u00e9es pass\u00e9es dans le peloton professionnel, le grimpeur de la formation <strong><a href=\"https:\/\/www.cyclismactu.net\/..\/news-route-dix-coureurs-de-groupama-fdj-verbalises-en-espagne-100-euros-par-tete-91211.html\" target=\"_blank\" rel=\"noopener\">Groupama-FDJ<\/a> <\/strong>se pr\u00e9sente comme un observateur direct d\u2019un cyclisme entr\u00e9 dans une nouvelle \u00e8re. Dans un entretien accord\u00e9 \u00e0 l\u2019<strong><a href=\"https:\/\/information.tv5monde.com\/sport\/levolution-du-cyclisme-le-changement-est-impressionnant-souligne-guillaume-martin-guyonnet-2801742\" target=\"_blank\" rel=\"noopener\">AFP<\/a><\/strong>, il \u00e9voque un \u00ab\u00a0changement impressionnant\u00a0\u00bb, port\u00e9 par les avanc\u00e9es technologiques, l\u2019optimisation de l\u2019entra\u00eenement, une approche plus fine de la nutrition et l\u2019\u00e9mergence toujours plus pr\u00e9coce de jeunes talents.<\/p>\n<p>Vid\u00e9o &#8211; Lance Armstrong&#8230; de retour sur le Tour c&rsquo;\u00e9tait en 2015 ! Lire la suite de l&rsquo;article&#13;<\/p>\n<p>\u00a0<\/p>\n<p>&#13;<br \/>\n\u00ab\u00a0Je ne peux pas me permettre de juger ou d&rsquo;accuser\u00a0\u00bb&#13;<\/p>\n<p>\u00ab\u00a0La finalit\u00e9 reste la m\u00eame: passer la ligne d&rsquo;arriv\u00e9e le premier\u00a0\u00bb, rappelle\u00a0<strong><a href=\"https:\/\/www.cyclismactu.net\/..\/news-interview-route-pogacar-j-espere-qu-isaac-del-toro-sera-meilleur-que-moi-91228.html\" target=\"_blank\" rel=\"noopener\">Guillaume Martin-Guyonnet<\/a><\/strong>. \u00ab\u00a0Mais en dehors de \u00e7a, le changement est impressionnant. Il y a \u00e9norm\u00e9ment de tests en tous genres sur le mat\u00e9riel et le corps qui font que la performance est de plus en plus encadr\u00e9e par la science et qu&rsquo;on se trompe de moins en moins. La cons\u00e9quence est que chaque coureur r\u00e9ussit \u00e0 tirer le plein potentiel de sa physiologie. Et donc le niveau global du peloton est beaucoup plus \u00e9lev\u00e9.\u00a0\u00bb<\/p>\n<p>&#13;<\/p>\n<p>Pour lui, ces progr\u00e8s expliquent en grande partie l\u2019\u00e9l\u00e9vation g\u00e9n\u00e9rale des performances, sans n\u00e9cessairement raviver les soup\u00e7ons de dopage. \u00ab\u00a0Il y a aussi plein d&rsquo;\u00e9l\u00e9ments de professionnalisation du sport qui peuvent les expliquer. J&rsquo;\u00e9vite de me poser trop la question parce que je raisonne dans le vide, faute d&rsquo;avoir des \u00e9l\u00e9ments\u00a0\u00bb, souligne-t-il. Il n\u2019est ainsi pas surpris de voir certains records \u00e9tablis par des coureurs dop\u00e9s tomber face \u00e0 la nouvelle g\u00e9n\u00e9ration, comme ceux de Marco Pantani sur le plateau de Beille ou du Mont Ventoux, r\u00e9cemment battus par <strong>Tadej Pogacar<\/strong>.<\/p>\n<p>&#13;<\/p>\n<p>\u00ab\u00a0Moi-m\u00eame, je vois certains temps de mont\u00e9e o\u00f9 je vais aussi vite qu&rsquo;Amstrong (d\u00e9chu de ses sept Tours de France pour dopage, NDLR)\u00a0\u00bb, observe-t-il. \u00ab\u00a0C&rsquo;est bien la preuve que, par le fait d&rsquo;\u00eatre plus professionnel et de ma\u00eetriser tous les aspects de la performance, on peut quand m\u00eame atteindre un haut niveau. Apr\u00e8s, il y a un monde entre moi et ceux qui dominent le Tour. Mais je ne peux pas me permettre de juger ou d&rsquo;accuser. Je n&rsquo;ai pas non plus envie de para\u00eetre pour un aigri. Un coureur en Nationale 1, du plus haut niveau amateur, il s&rsquo;entra\u00eene comme moi, et il y a quand m\u00eame un monde entre mon niveau et le sien. Je n&rsquo;ai pas envie que lui m&rsquo;accuse d&rsquo;\u00eatre dop\u00e9 simplement parce que je suis plus fort. Peut-\u00eatre que les coureurs devant sont naturellement plus forts. Dans toute l&rsquo;histoire du sport, il y a eu certains qui \u00e9taient une classe au-dessus des autres. Il faut l&rsquo;accepter.\u00a0\u00bb<\/p>\n","protected":false},"excerpt":{"rendered":"Guillaume Martin-Guyonnet, \u00e2g\u00e9 de 32 ans, a livr\u00e9 son regard sur les profondes mutations du cyclisme moderne, sans&hellip;\n","protected":false},"author":2,"featured_media":608838,"comment_status":"","ping_status":"","sticky":false,"template":"","format":"standard","meta":{"footnotes":""},"categories":[1411],"tags":[1154,207,211,1011,27,209,60,210,212,208,213],"class_list":{"0":"post-608837","1":"post","2":"type-post","3":"status-publish","4":"format-standard","5":"has-post-thumbnail","7":"category-cyclisme","8":"tag-cycling","9":"tag-cyclisme","10":"tag-ffc","11":"tag-fr","12":"tag-france","13":"tag-route","14":"tag-sports","15":"tag-tour-de-france","16":"tag-uci","17":"tag-velo","18":"tag-world-tour"},"share_on_mastodon":{"url":"https:\/\/pubeurope.com\/@fr\/115744415724711114","error":""},"_links":{"self":[{"href":"https:\/\/www.europesays.com\/fr\/wp-json\/wp\/v2\/posts\/608837","targetHints":{"allow":["GET"]}}],"collection":[{"href":"https:\/\/www.europesays.com\/fr\/wp-json\/wp\/v2\/posts"}],"about":[{"href":"https:\/\/www.europesays.com\/fr\/wp-json\/wp\/v2\/types\/post"}],"author":[{"embeddable":true,"href":"https:\/\/www.europesays.com\/fr\/wp-json\/wp\/v2\/users\/2"}],"replies":[{"embeddable":true,"href":"https:\/\/www.europesays.com\/fr\/wp-json\/wp\/v2\/comments?post=608837"}],"version-history":[{"count":0,"href":"https:\/\/www.europesays.com\/fr\/wp-json\/wp\/v2\/posts\/608837\/revisions"}],"wp:featuredmedia":[{"embeddable":true,"href":"https:\/\/www.europesays.com\/fr\/wp-json\/wp\/v2\/media\/608838"}],"wp:attachment":[{"href":"https:\/\/www.europesays.com\/fr\/wp-json\/wp\/v2\/media?parent=608837"}],"wp:term":[{"taxonomy":"category","embeddable":true,"href":"https:\/\/www.europesays.com\/fr\/wp-json\/wp\/v2\/categories?post=608837"},{"taxonomy":"post_tag","embeddable":true,"href":"https:\/\/www.europesays.com\/fr\/wp-json\/wp\/v2\/tags?post=608837"}],"curies":[{"name":"wp","href":"https:\/\/api.w.org\/{rel}","templated":true}]}}