{"id":608841,"date":"2025-12-19T04:47:12","date_gmt":"2025-12-19T04:47:12","guid":{"rendered":"https:\/\/www.europesays.com\/fr\/608841\/"},"modified":"2025-12-19T04:47:12","modified_gmt":"2025-12-19T04:47:12","slug":"mimie-mathy-operee-et-en-difficulte-pour-marcher-tf1-prend-une","status":"publish","type":"post","link":"https:\/\/www.europesays.com\/fr\/608841\/","title":{"rendered":"Mimie Mathy op\u00e9r\u00e9e et en difficult\u00e9 pour marcher : TF1 prend une &#8230;"},"content":{"rendered":"<p>EN BREF<\/p>\n<ul class=\"bloc_resume_post_list\">\n<li>Mimie Mathy, 68 ans, fait face \u00e0 des probl\u00e8mes de sant\u00e9<br \/>\nli\u00e9s \u00e0 des op\u00e9rations du dos, affectant sa mobilit\u00e9.<\/li>\n<li>TF1 adapte le tournage de Jos\u00e9phine Ange Gardien pour<br \/>\npr\u00e9server la sant\u00e9 de Mimie Mathy, limitant ses<br \/>\nd\u00e9placements.<\/li>\n<li>L\u00a0\u00bbactrice participe \u00e0 l&rsquo;\u00e9mission sp\u00e9ciale de No\u00ebl des 12<br \/>\nCoups de midi avec Jean-Luc Reichmann, diffus\u00e9e le 24 d\u00e9cembre<br \/>\n2025.<\/li>\n<\/ul>\n<p data-start=\"334\" data-end=\"747\">Figure incontournable de la<br \/>\nfiction fran\u00e7aise, <a href=\"https:\/\/www.telestar.fr\/people\/mimie-mathy-quel-est-son-etat-de-sante-du-mal-elle-dit-tout-1748574\" target=\"_blank\" rel=\"noopener\"><br \/>\nMimie Mathy continue de se battre<\/a> pour rester \u00e0 l\u2019\u00e9cran malgr\u00e9<br \/>\nune <a href=\"https:\/\/www.telestar.fr\/people\/petits-soucis-lies-a-ma-configuration-mimie-mathy-se-livre-sur-sa-petite-sante-1712595\" target=\"_blank\" rel=\"noopener\"><br \/>\nsant\u00e9 fragilis\u00e9e.<\/a> \u00c0 68 ans, <strong>la com\u00e9dienne fait face aux<br \/>\ncons\u00e9quences de lourds probl\u00e8mes physiques<\/strong>, notamment li\u00e9s<br \/>\n\u00e0 plusieurs op\u00e9rations du dos qui ont durablement affect\u00e9 sa<br \/>\nmobilit\u00e9. Si elle se veut rassurante sur son \u00e9tat g\u00e9n\u00e9ral,<br \/>\n<strong>se d\u00e9placer est devenu pour elle un v\u00e9ritable d\u00e9fi<\/strong><br \/>\nau quotidien.<\/p>\n<p data-start=\"749\" data-end=\"1166\">Ces derni\u00e8res ann\u00e9es, ses<br \/>\napparitions publiques ont d\u2019ailleurs \u00e9t\u00e9 plus rares. Et souvent<br \/>\ntr\u00e8s encadr\u00e9es. Sur certaines sc\u00e8nes, comme lors des concerts des<br \/>\nEnfoir\u00e9s, l\u2019actrice a d\u00fb adapter ses d\u00e9placements. Pour \u00e9viter de<br \/>\nse fatiguer, elle \u00e9tait <a href=\"https:\/\/www.telestar.fr\/people\/les-enfoires-2024-pourquoi-mimie-mathy-ne-sera-pas-de-la-partie-853745\" target=\"_blank\" rel=\"noopener\"><br \/>\naccompagn\u00e9e d&rsquo;un fauteuil roulant.<\/a> Connue pour son<br \/>\nfranc-parler, <strong>Mimie Mathy n\u2019a jamais cach\u00e9 que ses jambes<br \/>\nla faisaient souffrir.<\/strong> Tout en restant otpimiste. \u00ab\u00a0Je<br \/>\nvais bien. Y a moins de mobilit\u00e9, je ne vais pas le cacher, mais je<br \/>\nvais tr\u00e8s bien. Je suis en forme, j&rsquo;ai des projets\u00a0\u00bb,<br \/>\nconfiait-elle ainsi dans Vivement dimanche sur France 2, le 9 f\u00e9vrier 2025.<\/p>\n<p>Mimie Mathy raconte l&rsquo;adaptation de Jos\u00e9phine Ange<br \/>\nGardien : \u00ab\u00a0Me d\u00e9placer \u00e0 la vitesse de&#8230;\u00a0\u00bb\u00a0<\/p>\n<p data-start=\"1168\" data-end=\"1652\">Consciente de la situation,<br \/>\nTF1 a fait un choix fort concernant l\u2019avenir de Jos\u00e9phine, ange gardien. La cha\u00eene a<br \/>\nd\u00e9cid\u00e9 d\u2019adapter en profondeur la mise en sc\u00e8ne et les conditions<br \/>\nde tournage. Et ce, <strong>afin de permettre \u00e0 son h\u00e9ro\u00efne<br \/>\nembl\u00e9matique de continuer \u00e0 incarner Jos\u00e9phine sans s\u2019\u00e9puiser<br \/>\nphysiquement.<\/strong> D\u00e9placements limit\u00e9s, astuces visuelles,<br \/>\ns\u00e9quences pens\u00e9es pour r\u00e9duire les efforts&#8230; la magie du<br \/>\npersonnage se met au service du confort de celle qui a tourn\u00e9 avec<br \/>\n<a href=\"https:\/\/www.telestar.fr\/serie-tv\/josephine-ange-gardien\/mimie-mathy-josephine-ange-gardien-comment-s-est-passe-son-tournage-avec-linda-hardy-829248\" target=\"_blank\" rel=\"noopener\"><br \/>\nLinda Hardy.<\/a><\/p>\n<p data-start=\"1168\" data-end=\"1652\">\u00ab\u00a0Je tiens debout, il n\u2019y a<br \/>\npas de soucis, <strong>mais c\u2019est vrai que les choses ont \u00e9t\u00e9<br \/>\nadapt\u00e9es<\/strong><strong>.<\/strong> L\u2019avantage de<br \/>\nJos\u00e9phine, c\u2019est qu\u2019il lui suffit de claquer des doigts pour se<br \/>\nretrouver ailleurs. Dans un prochain \u00e9pisode, le r\u00e9alisateur<br \/>\nChristophe Barraud a eu l\u2019id\u00e9e de <strong>me d\u00e9placer \u00e0 la vitesse<br \/>\nde la lumi\u00e8re.\u00a0<\/strong>On voit mon trajet dans Paris<br \/>\navec une fl\u00e8che lumineuse qui se d\u00e9place. <strong>Je me<br \/>\nfais m\u00eame choper par un radar<\/strong> \u00e0 un moment\u00a0\u00bb, a-t-elle<br \/>\nd\u00e9crit dans TV MAG.\u00a0<\/p>\n<p>La com\u00e9dienne bient\u00f4t aux c\u00f4t\u00e9s de<br \/>\nJean-Luc Reichmann<\/p>\n<p data-start=\"1654\" data-end=\"2123\">Cette volont\u00e9 de pr\u00e9server<br \/>\nMimie Mathy n\u2019emp\u00eache pas l\u2019actrice de rester active. Tr\u00e8s<br \/>\n<strong>attach\u00e9e au lien avec le public<\/strong>, elle a r\u00e9cemment<br \/>\naccept\u00e9 de participer \u00e0 des \u00e9missions.<\/p>\n<p data-start=\"1654\" data-end=\"2123\">Elle sera notamment<br \/>\n<strong data-start=\"627\" data-end=\"691\">invit\u00e9e \u00e0 l\u2019\u00e9mission<br \/>\nsp\u00e9ciale de No\u00ebl des 12 Coups<br \/>\nde midi<\/strong>, diffus\u00e9e le <strong data-start=\"705\" data-end=\"725\">24 d\u00e9cembre 2025<\/strong>, o\u00f9 elle participera \u00e0 une<br \/>\nsoir\u00e9e au profit des Restos du C\u0153ur <a href=\"https:\/\/www.telestar.fr\/actu_tv\/12_coups_de_midi\/les-12-coups-de-midi-je-vais-me-faire-virer-le-coup-declat-de-jean-luc-reichmann-1748609\" target=\"_blank\" rel=\"noopener\"><br \/>\naux c\u00f4t\u00e9s de Jean\u2011Luc Reichmann et d\u2019autres personnalit\u00e9s<\/a> comme<br \/>\nKendji Girac, Adil Rami ou encore Marine Deplace.<\/p>\n","protected":false},"excerpt":{"rendered":"EN BREF Mimie Mathy, 68 ans, fait face \u00e0 des probl\u00e8mes de sant\u00e9 li\u00e9s \u00e0 des op\u00e9rations du&hellip;\n","protected":false},"author":2,"featured_media":608842,"comment_status":"","ping_status":"","sticky":false,"template":"","format":"standard","meta":{"footnotes":""},"categories":[1359],"tags":[548,58,59,1011,27,7253,973],"class_list":{"0":"post-608841","1":"post","2":"type-post","3":"status-publish","4":"format-standard","5":"has-post-thumbnail","7":"category-people","8":"tag-article-simple","9":"tag-divertissement","10":"tag-entertainment","11":"tag-fr","12":"tag-france","13":"tag-mimie-mathy","14":"tag-people"},"share_on_mastodon":{"url":"https:\/\/pubeurope.com\/@fr\/115744423563254085","error":""},"_links":{"self":[{"href":"https:\/\/www.europesays.com\/fr\/wp-json\/wp\/v2\/posts\/608841","targetHints":{"allow":["GET"]}}],"collection":[{"href":"https:\/\/www.europesays.com\/fr\/wp-json\/wp\/v2\/posts"}],"about":[{"href":"https:\/\/www.europesays.com\/fr\/wp-json\/wp\/v2\/types\/post"}],"author":[{"embeddable":true,"href":"https:\/\/www.europesays.com\/fr\/wp-json\/wp\/v2\/users\/2"}],"replies":[{"embeddable":true,"href":"https:\/\/www.europesays.com\/fr\/wp-json\/wp\/v2\/comments?post=608841"}],"version-history":[{"count":0,"href":"https:\/\/www.europesays.com\/fr\/wp-json\/wp\/v2\/posts\/608841\/revisions"}],"wp:featuredmedia":[{"embeddable":true,"href":"https:\/\/www.europesays.com\/fr\/wp-json\/wp\/v2\/media\/608842"}],"wp:attachment":[{"href":"https:\/\/www.europesays.com\/fr\/wp-json\/wp\/v2\/media?parent=608841"}],"wp:term":[{"taxonomy":"category","embeddable":true,"href":"https:\/\/www.europesays.com\/fr\/wp-json\/wp\/v2\/categories?post=608841"},{"taxonomy":"post_tag","embeddable":true,"href":"https:\/\/www.europesays.com\/fr\/wp-json\/wp\/v2\/tags?post=608841"}],"curies":[{"name":"wp","href":"https:\/\/api.w.org\/{rel}","templated":true}]}}