{"id":608843,"date":"2025-12-19T04:48:34","date_gmt":"2025-12-19T04:48:34","guid":{"rendered":"https:\/\/www.europesays.com\/fr\/608843\/"},"modified":"2025-12-19T04:48:34","modified_gmt":"2025-12-19T04:48:34","slug":"les-cezanne-voles-a-aix-en-provence-en-1961-une-rocambolesque-affaire","status":"publish","type":"post","link":"https:\/\/www.europesays.com\/fr\/608843\/","title":{"rendered":"Les Cezanne vol\u00e9s \u00e0 Aix-en-Provence en 1961, une rocambolesque affaire"},"content":{"rendered":"<p class=\"editor-content__paragraph\">Le <strong>samedi 12\u00a0ao\u00fbt 1961<\/strong>, c\u2019est soir de nocturne au <strong>pavillon de Vend\u00f4me<\/strong>. Dans cet \u00e9l\u00e9gant petit b\u00e2timent du XVIIe si\u00e8cle, bijou d\u2019architecture classique proven\u00e7ale et <strong>ancienne demeure aixoise du duc de Vend\u00f4me<\/strong> Louis de Mercoeur, petit-fils d\u2019Henri IV, <strong>reconverti en mus\u00e9e<\/strong> en 1954, tout respire l\u2019harmonie. Luisant comme de l\u2019or dans la nuit estivale, sa fa\u00e7ade se refl\u00e8te doucement dans le miroir rond du bassin. Sagement align\u00e9s, des buis taill\u00e9s m\u00e8nent \u00e0 l\u2019entr\u00e9e flanqu\u00e9e de deux atlantes en pierre soutenant un balcon orn\u00e9 de d\u00e9licates ferronneries.<\/p>\n<p class=\"editor-content__paragraph\">\u00c0 23\u00a0heures, le gravier croustille sous les pas des derniers visiteurs venus admirer <strong>l\u2019exposition en cours consacr\u00e9e \u00e0 <a href=\"https:\/\/www.beauxarts.com\/encyclo\/paul-cezanne-en-2-minutes\/\" target=\"_blank\" rel=\"noopener\">Paul Cezanne<\/a><\/strong> (1839\u20131906), peintre embl\u00e9matique de la ville. Le mus\u00e9e ferme ses portes, et la cit\u00e9 s\u2019endort. <strong>Vers deux ou trois heures du matin<\/strong>, des <strong>silhouettes furtives<\/strong> franchissent le mur d\u2019enceinte du jardin et gagnent le pavillon \u00e0 pas de loup\u2026<\/p>\n<p class=\"editor-content__paragraph editor-content__paragraph--is-hidden\"><strong>Aucune alarme ne retentit<\/strong>. L\u00e9g\u00e8rement assoupi, le veilleur de nuit post\u00e9 au rez-de-chauss\u00e9e, assist\u00e9 d\u2019un chien sourd, <strong>ne s\u2019aper\u00e7oit de rien<\/strong>. Pas plus que la conservatrice du pavillon, Jacqueline Martial-Salme, et son mari, qui ont regagn\u00e9 \u00e0 minuit leur logement situ\u00e9 au deuxi\u00e8me \u00e9tage apr\u00e8s une soir\u00e9e pass\u00e9e avec des amis.<\/p>\n<p>            <strong>Continuez votre lecture<\/strong><\/p>\n<p>\n                et acc\u00e9dez \u00e0 Beaux Arts Magazine<br \/>et \u00e0 tous les contenus web<br \/><strong>en illimit\u00e9 \u00e0 partir de 5,75\u20ac \/ mois<\/strong>\n            <\/p>\n<p class=\"cta-abonnement__log-in\">\n        D\u00e9j\u00e0 abonn\u00e9 ?        <a data-id=\"aHR0cHM6Ly93d3cuYmVhdXhhcnRzLmNvbS9tb24tY29tcHRlLw==\">Connectez-vous<\/a>\n    <\/p>\n<p>            <img data-vllblanksrc=\"https:\/\/www.beauxarts.com\/vu\/1961-le-mystere-des-huit-cezanne-voles-a-aix-en-provence\/1\" data-vllsrc=\"https:\/\/www.europesays.com\/fr\/wp-content\/uploads\/2025\/12\/couv-bam-498-232x300.png\" alt=\"\"\/><img data-vllblanksrc=\"https:\/\/www.beauxarts.com\/vu\/1961-le-mystere-des-huit-cezanne-voles-a-aix-en-provence\/1\" data-vllsrc=\"https:\/\/www.europesays.com\/fr\/wp-content\/uploads\/2025\/11\/couv-bam-497-1-232x300.png\" alt=\"\"\/>        <\/p>\n","protected":false},"excerpt":{"rendered":"Le samedi 12\u00a0ao\u00fbt 1961, c\u2019est soir de nocturne au pavillon de Vend\u00f4me. Dans cet \u00e9l\u00e9gant petit b\u00e2timent du&hellip;\n","protected":false},"author":2,"featured_media":608844,"comment_status":"","ping_status":"","sticky":false,"template":"","format":"standard","meta":{"footnotes":""},"categories":[1358],"tags":[1348,1384,1385,1386,58,59,1011,27,72012,1175],"class_list":{"0":"post-608843","1":"post","2":"type-post","3":"status-publish","4":"format-standard","5":"has-post-thumbnail","7":"category-arts-et-design","8":"tag-arts","9":"tag-arts-and-design","10":"tag-arts-et-design","11":"tag-design","12":"tag-divertissement","13":"tag-entertainment","14":"tag-fr","15":"tag-france","16":"tag-musee-du-pavillon-de-vendome","17":"tag-vol"},"share_on_mastodon":{"url":"https:\/\/pubeurope.com\/@fr\/115744427471781349","error":""},"_links":{"self":[{"href":"https:\/\/www.europesays.com\/fr\/wp-json\/wp\/v2\/posts\/608843","targetHints":{"allow":["GET"]}}],"collection":[{"href":"https:\/\/www.europesays.com\/fr\/wp-json\/wp\/v2\/posts"}],"about":[{"href":"https:\/\/www.europesays.com\/fr\/wp-json\/wp\/v2\/types\/post"}],"author":[{"embeddable":true,"href":"https:\/\/www.europesays.com\/fr\/wp-json\/wp\/v2\/users\/2"}],"replies":[{"embeddable":true,"href":"https:\/\/www.europesays.com\/fr\/wp-json\/wp\/v2\/comments?post=608843"}],"version-history":[{"count":0,"href":"https:\/\/www.europesays.com\/fr\/wp-json\/wp\/v2\/posts\/608843\/revisions"}],"wp:featuredmedia":[{"embeddable":true,"href":"https:\/\/www.europesays.com\/fr\/wp-json\/wp\/v2\/media\/608844"}],"wp:attachment":[{"href":"https:\/\/www.europesays.com\/fr\/wp-json\/wp\/v2\/media?parent=608843"}],"wp:term":[{"taxonomy":"category","embeddable":true,"href":"https:\/\/www.europesays.com\/fr\/wp-json\/wp\/v2\/categories?post=608843"},{"taxonomy":"post_tag","embeddable":true,"href":"https:\/\/www.europesays.com\/fr\/wp-json\/wp\/v2\/tags?post=608843"}],"curies":[{"name":"wp","href":"https:\/\/api.w.org\/{rel}","templated":true}]}}