{"id":608859,"date":"2025-12-19T04:58:09","date_gmt":"2025-12-19T04:58:09","guid":{"rendered":"https:\/\/www.europesays.com\/fr\/608859\/"},"modified":"2025-12-19T04:58:09","modified_gmt":"2025-12-19T04:58:09","slug":"new-york-le-nouvel-archeveque-favorable-aux-migrants-celebre-sa-premiere-messe-boursorama","status":"publish","type":"post","link":"https:\/\/www.europesays.com\/fr\/608859\/","title":{"rendered":"New York: le nouvel archev\u00eaque, favorable aux migrants, c\u00e9l\u00e8bre sa premi\u00e8re messe &#8211; Boursorama"},"content":{"rendered":"<ol>\n<li><a href=\"https:\/\/news.google.com\/rss\/articles\/CBMi_wFBVV95cUxOYjFJaWl4LTgtakFVc3d0bGhGUlRiUHptOUQ1WUJ2TXB3XzlyaWp3S0o5Tk93aC1yMEZ0TUFJVFAzVThqdERIaGVfMGZ5R3ZPMFlzc3JoVXl0RlZIVWNUcnUtLXB1ZlN4ZlR6c2FsWWhQTWFhdWFEOUlIRUc3LTB2dXE4eGRIaVRmelRuenlubnNUQjBZeVRNQUR3d0QtRXBRZG1MbGNGS21rY0cxYjVTZEwzdjdMa2dNY1JaeDNUUW1DekdvNE1QQ2ZRajNNMmtPdGNPNTBkUmNYMnNsamtDNElLbkNPYm9ZbTZ3YU1uNkhNTFV3Z1ZSWHBPZkRsRlHSAYQCQVVfeXFMT2RHcnhzS3NHLXlpR2hXbWtTSWdCeFpfSlV5cjF4SkUwY1ZBV0JnZUpmUDNHakpyZW9IQzM5UFBqZWFWUmlMazUtMHVhTFlkbDBRYzBiNXZhdUdTZmhDdzVuamF3NXZoTElwYThQNkFUWEdSUnkzdE9TSnAxQVNuSEZrWkx3T1NCWXhvMHUwUHQtSTZIWGJub0IwQXU5WTJ5QlVnZ3paeDBxMFhKYjBlZzVpSjJrVGlMbkowYUZaQWVySnhDc2VPeHVkUnBWdkR6Yy13c19ZRUxBdTBuYlp1Vld3QVhxUVVCLTlWb1ZkSTFmRlBiRUpoNVlacVpsYmphY1lpaFI?oc=5\" target=\"_blank\" rel=\"noopener\">New York: le nouvel archev\u00eaque, favorable aux migrants, c\u00e9l\u00e8bre sa premi\u00e8re messe<\/a>&nbsp;&nbsp;Boursorama<\/li>\n<li><a href=\"https:\/\/news.google.com\/rss\/articles\/CBMiwwFBVV95cUxQTGcxNHhhNGR5V3hsNzdtWmJNTkstM2hERHlvYVF6MTFUd29wcmNHVU5lOGVDWFh2ZGFkT3RjU2RXYlpOX2JXNElQaG1CM0Z5ZldKNExONDhSMWZIcklzeFNsaWN1aVdGVkEyOGJMRGZxaFRDQUF0anBHOVpSbF9FZTVhOXl3UVV3aXdHQ1hMWEJuTlFfb01zeGJyWk9Ga0NtODZYazFGU3R2Z1dSYU9MVDIzcGNNRnJIX2IzN3BmN2JKNzQ?oc=5\" target=\"_blank\" rel=\"noopener\">Le pape accepte la d\u00e9mission de l\u2019archev\u00eaque de New York, le cardinal Timothy Dolan<\/a>&nbsp;&nbsp;La Croix<\/li>\n<li><a href=\"https:\/\/news.google.com\/rss\/articles\/CBMi-wFBVV95cUxQVTdJSjRBdWhwd2JhZlloSDZaQXVaWWEzaGpxandjejFjQ09ObTRUZlNBd2h6VUFqdy1oc1ZHR0Y4TTBLdi1BYkdXN29tdTRENEpfeEp2M1VNOW4xTnFZc2ktSG5OZEhRWGdlN2RPZ0ZHVkFvOElYZ280ZjNPc0lQa0pxMHVUTTh2Vi1qSXlidG4zZThlUTdVcTdSM1FEaFB1VTdtUmVqVVc3RmNVTjFkUi1JOXdMRUNJV2hrWWpudjBwX2R6RTZjcGFEeTZvSkwyV25JZ0JUUVVIVE5kZTZDLW9TdEpiRGVaMUdFeUNrWklTU1hzcldKWGpobw?oc=5\" target=\"_blank\" rel=\"noopener\">Immigration, politique \u00e9trang\u00e8re\u2026 Face \u00e0 Donald Trump, la m\u00e9fiance de plus en plus assum\u00e9e du pape L\u00e9on XIV<\/a>&nbsp;&nbsp;L&rsquo;Express<\/li>\n<li><a href=\"https:\/\/news.google.com\/rss\/articles\/CBMiywFBVV95cUxPUXRCS1JLSUdSWmYtd01LN1djZ2pSQ1RXYlQxdHl0a2xodjN6YllBcF9tWUFMMFBOQUtJMU83MFRuNFFDakJjbXR0dnBocVlJa2ZmYS0zQmdpM3FDRF9TSWVBOHZqVmxIQ2pvZTVVcXFKS1JqNDJOek9KaG9zdDRiMkc2Sml6TFBuLXlMRnhrZF9NZDNYUk5NVzgzaF9jTW9WUXRlVDFZUVZlWlFhdUhmRGtVNEVUMjlsZjBIU1BISFhXTXVBX1RIZDF2VQ?oc=5\" target=\"_blank\" rel=\"noopener\">Ce choix du pape L\u00e9on a tout d\u2019un geste d\u2019opposition \u00e0 Donald Trump<\/a>&nbsp;&nbsp;Le HuffPost<\/li>\n<li><a href=\"https:\/\/news.google.com\/rss\/articles\/CBMiowFBVV95cUxNUjNIejU3RkRvZHFyV3hraGlHWW45Q0JJdXY0bmhDSDUzTUdERzZEN1hrLUxORklTbGU0WFJvbnhkS2NRNFlwWEh6bXpfVWRfc0o1WUJOajFjZ2dNbWFVRXZuVXlESmJTMkVwRHNuajhVOTI4QmJ2eHBZQjAwZHpPTl9EeC04SDg3dE9DcUQxTndGOGxlV09xbFFQeDdVbENCSnhr?oc=5\" target=\"_blank\" rel=\"noopener\">Le Pape nomme un nouvel archev\u00eaque de New York<\/a>&nbsp;&nbsp;Vatican News<\/li>\n<\/ol>\n","protected":false},"excerpt":{"rendered":"New York: le nouvel archev\u00eaque, favorable aux migrants, c\u00e9l\u00e8bre sa premi\u00e8re messe&nbsp;&nbsp;Boursorama Le pape accepte la d\u00e9mission de&hellip;\n","protected":false},"author":2,"featured_media":395849,"comment_status":"","ping_status":"","sticky":false,"template":"","format":"standard","meta":{"footnotes":""},"categories":[5],"tags":[11,1011,27,14,12,28],"class_list":{"0":"post-608859","1":"post","2":"type-post","3":"status-publish","4":"format-standard","5":"has-post-thumbnail","7":"category-international","8":"tag-actualites","9":"tag-fr","10":"tag-france","11":"tag-international","12":"tag-news","13":"tag-world"},"share_on_mastodon":{"url":"https:\/\/pubeurope.com\/@fr\/115744466857978459","error":""},"_links":{"self":[{"href":"https:\/\/www.europesays.com\/fr\/wp-json\/wp\/v2\/posts\/608859","targetHints":{"allow":["GET"]}}],"collection":[{"href":"https:\/\/www.europesays.com\/fr\/wp-json\/wp\/v2\/posts"}],"about":[{"href":"https:\/\/www.europesays.com\/fr\/wp-json\/wp\/v2\/types\/post"}],"author":[{"embeddable":true,"href":"https:\/\/www.europesays.com\/fr\/wp-json\/wp\/v2\/users\/2"}],"replies":[{"embeddable":true,"href":"https:\/\/www.europesays.com\/fr\/wp-json\/wp\/v2\/comments?post=608859"}],"version-history":[{"count":0,"href":"https:\/\/www.europesays.com\/fr\/wp-json\/wp\/v2\/posts\/608859\/revisions"}],"wp:featuredmedia":[{"embeddable":true,"href":"https:\/\/www.europesays.com\/fr\/wp-json\/wp\/v2\/media\/395849"}],"wp:attachment":[{"href":"https:\/\/www.europesays.com\/fr\/wp-json\/wp\/v2\/media?parent=608859"}],"wp:term":[{"taxonomy":"category","embeddable":true,"href":"https:\/\/www.europesays.com\/fr\/wp-json\/wp\/v2\/categories?post=608859"},{"taxonomy":"post_tag","embeddable":true,"href":"https:\/\/www.europesays.com\/fr\/wp-json\/wp\/v2\/tags?post=608859"}],"curies":[{"name":"wp","href":"https:\/\/api.w.org\/{rel}","templated":true}]}}