{"id":608865,"date":"2025-12-19T05:05:38","date_gmt":"2025-12-19T05:05:38","guid":{"rendered":"https:\/\/www.europesays.com\/fr\/608865\/"},"modified":"2025-12-19T05:05:38","modified_gmt":"2025-12-19T05:05:38","slug":"stephane-crety-et-pierre-pevel-en-dedicace-bd-a-la-fnac-nancy","status":"publish","type":"post","link":"https:\/\/www.europesays.com\/fr\/608865\/","title":{"rendered":"St\u00e9phane Cr\u00e9ty et Pierre Pevel en d\u00e9dicace BD \u00e0 la Fnac Nancy !"},"content":{"rendered":"<p>La Fnac Nancy est heureuse de vous inviter \u00e0 une s\u00e9ance de d\u00e9dicace en pr\u00e9sence du dessinateur St\u00e9phane Cr\u00e9ty et de l\u2019auteur Pierre Pavel, pour la sortie du volume 3 de leur bande dessin\u00e9e : \u00ab\u00a0Gueule de Cuir\u00a0\u00bb ! (Parution 7 janvier 2026, \u00c9d. Drakoo).<\/p>\n<p><strong><br \/><\/strong>On vous donne rendez-vous en magasin pour \u00e9changer avec les auteurs, d\u00e9couvrir le dernier tome de la saga et faire d\u00e9dicacer l\u2019album !<\/p>\n<p><strong>Les auteurs<\/strong><br \/>\n<strong>St\u00e9phane Cr\u00e9ty<\/strong><\/p>\n<p>St\u00e9phane Cr\u00e9ty, n\u00e9 en 1969 \u00e0 Charleville-M\u00e9zi\u00e8res, est un dessinateur de bande dessin\u00e9e fran\u00e7ais. Apr\u00e8s des exp\u00e9riences dans l\u2019industrie et l\u2019arch\u00e9ologie, il int\u00e8gre un studio d\u2019animation o\u00f9 il perfectionne son dessin. Cette \u00e9tape marque le d\u00e9but de sa carri\u00e8re dans la BD, avec une premi\u00e8re publication sign\u00e9e aux \u00e9ditions Delcourt : Salem la noire. Depuis, il a collabor\u00e9 sur de nombreuses s\u00e9ries et univers, parmi lesquels Les Fl\u00e9aux d\u2019Enharma, Acribor\u00e9a, Sang du dragon, Star Wars ou encore\u00a0Nains.<\/p>\n<p><strong>Pierre Pevel<\/strong><\/p>\n<p>Pierre Pevel\u00a0est sc\u00e9nariste, journaliste et auteur pour les jeux de r\u00f4le et romancier. Il \u00e9crit d\u2019abord des romans fantasy sous le pseudonyme Pierre Jacq avant de publier sous son nom. Il se fait remarquer en 2001 avec la trilogie Les Ombres de Wielstadt, r\u00e9compens\u00e9e du Grand Prix de l\u2019Imaginaire en 2002. En 2003, il sort le 1er tome du\u00a0Cycle\u00a0Ambremer, rebaptis\u00e9 Le Paris des Merveilles. Il poursuit avec les succ\u00e8s\u00a0Les Lames du Cardinal et Haut-Royaume. Depuis 2020, il s\u2019illustre en bande dessin\u00e9e avec Les Artilleuses et l\u2019adaptation du Paris des Merveilles chez Drakoo.<\/p>\n<p><strong>Les bandes dessin\u00e9es<\/strong><br \/>\n<a href=\"https:\/\/www.fnac.com\/a22014813\/Gueule-De-Cuir-Gueule-de-cuir-vol-03-3-Stephane-Crety\" target=\"_blank\" rel=\"noopener\"><strong>Gueule de cuir \u2013\u00a0Volume 3\/3<\/strong><\/a><\/p>\n<p><strong>Gueule-de-cuir, c\u2019est Batman sous Louis XIII. Une histoire de cape et d\u2019\u00e9p\u00e9e sombre et violente, teint\u00e9e d\u2019\u00e9sot\u00e9risme et trait\u00e9e selon les codes du comics adulte. <\/strong><\/p>\n<p>An 1634. Dans la France de Louis XIII et de Richelieu, la magie noire et l\u2019alchimie sont puissantes et craintes. Alors que le terrible Roi des Tombes r\u00e8gne sans partage sur les bas-fonds de Paris, une myst\u00e9rieuse brume rouge se l\u00e8ve la nuit dans les rues de la capitale. Pourquoi ? Qu\u2019annonce-t-elle ? Gueule-de-cuir de devra le d\u00e9couvrir et emp\u00eacher l\u2019horreur qui s\u2019annonce, quitte \u00e0 sacrifier son \u00e2me au Zodiaque du Diable.<\/p>\n<p><a href=\"https:\/\/www.fnac.com\/a22014813\/Gueule-De-Cuir-Gueule-de-cuir-vol-03-3-Stephane-Crety\" target=\"_blank\" rel=\"noopener\"><img decoding=\"async\" style=\"width: 250px; height: 330px; padding-right: 10px; padding-left: 10px;\" src=\"https:\/\/www.europesays.com\/fr\/wp-content\/uploads\/2025\/12\/2538375.jpg\" alt=\"Gueule-de-cuir-vol-03-3\"\/><\/a><a href=\"https:\/\/www.fnac.com\/a20879408\/Gueule-De-Cuir-Gueule-de-cuir-vol-02-3-Stephane-Crety\" target=\"_blank\" rel=\"noopener\"><img decoding=\"async\" style=\"width: 250px; height: 330px; padding-left: 10px; padding-right: 10px;\" src=\"https:\/\/www.europesays.com\/fr\/wp-content\/uploads\/2025\/12\/2538361.jpg\" alt=\"Gueule-de-cuir-vol-02-3\"\/><\/a><a href=\"https:\/\/www.fnac.com\/a18606488\/Stephane-Crety-Gueule-de-cuir-vol-01-3\" target=\"_blank\" rel=\"noopener\"><img decoding=\"async\" style=\"width: 250px; height: 330px; padding-right: 10px; padding-left: 10px;\" src=\"https:\/\/www.europesays.com\/fr\/wp-content\/uploads\/2025\/12\/2538347.jpg\" alt=\"Gueule-de-cuir-vol-01-3\"\/><\/a><\/p>\n<p style=\"text-align: center;\">*\u00c9v\u00e9nement gratuit et en acc\u00e8s libre, dans la limite des places disponibles<\/p>\n<p style=\"text-align: center;\">En partenariat avec Babelio<br \/>\u00a0<a href=\"https:\/\/www.babelio.com\/\" target=\"_blank\" rel=\"noopener\"><img decoding=\"async\" style=\"width: 145px; height: 44px; padding-left: 10px; padding-right: 10px;\" src=\"https:\/\/www.europesays.com\/fr\/wp-content\/uploads\/2025\/12\/2504035.gif\" alt=\"330px-Logo_Babelio\"\/><\/a>\u00a0<\/p>\n<p>        <img decoding=\"async\" src=\"https:\/\/www.europesays.com\/fr\/wp-content\/uploads\/2025\/04\/logo-rse.png\" alt=\"Logo RSE\" loading=\"lazy\" width=\"84\" height=\"116\"\/><\/p>\n<p>\n        La Fnac s\u2019engage activement dans les initiatives de responsabilit\u00e9 soci\u00e9tale des entreprises (RSE).\n    <\/p>\n<p>\n        Aidez-nous en choisissant la mobilit\u00e9 douce en privil\u00e9giant par exemple le v\u00e9lo (pistes cyclables et stationnements \u00e0 disposition), les transports en commun ou le covoiturage pour nous rejoindre. Ainsi, vous contribuez \u00e0 r\u00e9duire les \u00e9missions de gaz \u00e0 effet de serre et \u00e0 am\u00e9liorer notre qualit\u00e9 de l\u2019air. Pour plus d\u2019information, consultez la fiche du magasin.<br \/>Tous nos \u00e9v\u00e8nements sont en acc\u00e8s gratuit, dans la limite des places disponibles.\n    <\/p>\n","protected":false},"excerpt":{"rendered":"La Fnac Nancy est heureuse de vous inviter \u00e0 une s\u00e9ance de d\u00e9dicace en pr\u00e9sence du dessinateur St\u00e9phane&hellip;\n","protected":false},"author":2,"featured_media":608866,"comment_status":"","ping_status":"","sticky":false,"template":"","format":"standard","meta":{"footnotes":""},"categories":[9635],"tags":[1111,11,13153,72013,1777,674,9391,9393,1011,27,775,1702,12,25],"class_list":{"0":"post-608865","1":"post","2":"type-post","3":"status-publish","4":"format-standard","5":"has-post-thumbnail","7":"category-nancy","8":"tag-actu","9":"tag-actualites","10":"tag-bande-dessinee","11":"tag-drakoo","12":"tag-eu","13":"tag-europe","14":"tag-evenement-fnac-gratuit","15":"tag-fantastique","16":"tag-fr","17":"tag-france","18":"tag-grand-est","19":"tag-nancy","20":"tag-news","21":"tag-republique-francaise"},"share_on_mastodon":{"url":"https:\/\/pubeurope.com\/@fr\/115744495293269709","error":""},"_links":{"self":[{"href":"https:\/\/www.europesays.com\/fr\/wp-json\/wp\/v2\/posts\/608865","targetHints":{"allow":["GET"]}}],"collection":[{"href":"https:\/\/www.europesays.com\/fr\/wp-json\/wp\/v2\/posts"}],"about":[{"href":"https:\/\/www.europesays.com\/fr\/wp-json\/wp\/v2\/types\/post"}],"author":[{"embeddable":true,"href":"https:\/\/www.europesays.com\/fr\/wp-json\/wp\/v2\/users\/2"}],"replies":[{"embeddable":true,"href":"https:\/\/www.europesays.com\/fr\/wp-json\/wp\/v2\/comments?post=608865"}],"version-history":[{"count":0,"href":"https:\/\/www.europesays.com\/fr\/wp-json\/wp\/v2\/posts\/608865\/revisions"}],"wp:featuredmedia":[{"embeddable":true,"href":"https:\/\/www.europesays.com\/fr\/wp-json\/wp\/v2\/media\/608866"}],"wp:attachment":[{"href":"https:\/\/www.europesays.com\/fr\/wp-json\/wp\/v2\/media?parent=608865"}],"wp:term":[{"taxonomy":"category","embeddable":true,"href":"https:\/\/www.europesays.com\/fr\/wp-json\/wp\/v2\/categories?post=608865"},{"taxonomy":"post_tag","embeddable":true,"href":"https:\/\/www.europesays.com\/fr\/wp-json\/wp\/v2\/tags?post=608865"}],"curies":[{"name":"wp","href":"https:\/\/api.w.org\/{rel}","templated":true}]}}