{"id":60887,"date":"2025-04-29T04:05:18","date_gmt":"2025-04-29T04:05:18","guid":{"rendered":"https:\/\/www.europesays.com\/fr\/60887\/"},"modified":"2025-04-29T04:05:18","modified_gmt":"2025-04-29T04:05:18","slug":"stresses-les-camarades-de-la-lyceenne-tuee-reprennent-les-cours-a-nantes-28-04-2025-a-1559","status":"publish","type":"post","link":"https:\/\/www.europesays.com\/fr\/60887\/","title":{"rendered":"\u00ab\u00a0Stress\u00e9s\u00a0\u00bb, les camarades de la lyc\u00e9enne tu\u00e9e reprennent les cours \u00e0 Nantes &#8211; 28\/04\/2025 \u00e0 15:59"},"content":{"rendered":"<p>        <img fetchpriority=\"high\" decoding=\"async\" src=\"https:\/\/www.europesays.com\/fr\/wp-content\/uploads\/2025\/04\/bbecd681e1b8f8e10312cb764e3aa84a-760x507.jpg\" alt=\"Des \u00e9l\u00e8ves arrivent pour participer \u00e0 un rassemblement au lyc\u00e9e Notre-Dame de Toutes-Aides pour rendre hommage aux victimes \u00e0 la suite d'une attaque au couteau, le 25 avril 2025 \u00e0 Nantes ( AFP \/ Loic VENANCE )\" loading=\"eager\" width=\"760\" height=\"507\" style=\"max-width: 100%!important; height: auto;\"\/><\/p>\n<p class=\"c-image-news__legend\">Des \u00e9l\u00e8ves arrivent pour participer \u00e0 un rassemblement au lyc\u00e9e Notre-Dame de Toutes-Aides pour rendre hommage aux victimes \u00e0 la suite d&rsquo;une attaque au couteau, le 25 avril 2025 \u00e0 Nantes ( AFP \/ Loic VENANCE )<\/p>\n<p>\n Le coeur lourd, \u00ab\u00a0stress\u00e9s\u00a0\u00bb, parfois en pleurs, les coll\u00e9giens et lyc\u00e9ens du groupe scolaire de Notre-Dame-de-Toutes-Aides, \u00e0 Nantes, ont repris les cours lundi, aid\u00e9s par un dispositif d&rsquo;aide psychologique, quatre jours apr\u00e8s le meurtre d&rsquo;une jeune fille de 15 ans au cours d&rsquo;une attaque au couteau commise par un \u00e9l\u00e8ve.\n<\/p>\n<p>\n Pour la plupart v\u00eatus de blanc, les adolescents sont entr\u00e9s dans l&rsquo;\u00e9tablissement par petites grappes, les visages graves, passant devant des gerbes de fleurs, dont de nombreux bouquets de roses blanches.\n<\/p>\n<p>\n Jeudi, vers 12h30 un jeune gar\u00e7on de 16 ans, masqu\u00e9 et muni d&rsquo;un couteau de chasse d&rsquo;environ 20 cm, a tu\u00e9 une lyc\u00e9enne de 15 ans, en la frappant de 57 coups de couteau dans sa salle de classe.\n<\/p>\n<p>\n Dans une autre salle, il fait aussi trois autres bless\u00e9s, deux gar\u00e7ons et une fille, \u00e2g\u00e9s de 15 \u00e0 16 ans. \u00ab\u00a0Aucun mobile\u00a0\u00bb ne peut \u00eatre \u00e9voqu\u00e9 de \u00ab\u00a0fa\u00e7on certaine\u00a0\u00bb, a affirm\u00e9 vendredi le procureur de la R\u00e9publique de Nantes, Antoine Leroy.\n<\/p>\n<p>\n L&rsquo;intervention d&rsquo;un technicien en informatique qui a donn\u00e9 \u00ab\u00a0un coup de chaise dans le dos\u00a0\u00bb de l&rsquo;agresseur met fin \u00e0 l&rsquo;attaque du lyc\u00e9en, qui est interpell\u00e9 quelques minutes plus tard par la police, plac\u00e9 en garde \u00e0 vue puis hospitalis\u00e9 dans une unit\u00e9 psychiatrique.\n<\/p>\n<p>\n Sous le choc, les \u00e9l\u00e8ves de cet \u00e9tablissement priv\u00e9 ont \u00e9t\u00e9 dispens\u00e9s de cours vendredi. Pendant le week-end, certains parents, comme V\u00e9ronique, m\u00e8re de deux jeunes filles, ont veill\u00e9 \u00e0 entourer leurs enfants.\n<\/p>\n<p>\n \u00ab\u00a0On a essay\u00e9 de former un cocon autour d&rsquo;elles et d&rsquo;en parler m\u00eame si elles ont du mal \u00e0 r\u00e9aliser ce qui s&rsquo;est pass\u00e9\u00a0\u00bb, a-t-elle racont\u00e9 \u00e0 l&rsquo;AFP. Elle salue la reprise des cours d\u00e8s lundi car \u00ab\u00a0les \u00e9l\u00e8ves ont besoin d&rsquo;\u00eatre ensemble et avec leurs professeurs\u00a0\u00bb.\n<\/p>\n<p>\n Ces derniers ont \u00e9voqu\u00e9 l&rsquo;attaque avec leurs \u00e9l\u00e8ves, parlant surtout \u00ab\u00a0de la cellule d&rsquo;aide psychologique, au cas o\u00f9 on en aurait besoin\u00a0\u00bb, a expliqu\u00e9 T., \u00e9l\u00e8ve de terminale.\n<\/p>\n<p>\n Les parents de Lor\u00e8ne, la lyc\u00e9enne tu\u00e9e, \u00ab\u00a0ont pris la d\u00e9cision de cr\u00e9er une cagnotte \u00e0 destination de structures pour l&rsquo;aide psychologique \u00e0 l&rsquo;enfance\u00a0\u00bb, ont-ils expliqu\u00e9 dans un communiqu\u00e9.\n<\/p>\n<p>        <img decoding=\"async\" src=\"https:\/\/www.europesays.com\/fr\/wp-content\/uploads\/2025\/04\/092f2ab166d3dade766fb4558cd11df9-760x506.jpg\" alt=\"Des bouquets de fleurs \u00e0 l'entr\u00e9e du lyc\u00e9e Notre-Dame de Toutes-Aides apr\u00e8s une attaque au couteau le 24 avril 2025 ( AFP \/ Loic VENANCE )\" loading=\"eager\" width=\"760\" height=\"506\" style=\"max-width: 100%!important; height: auto;\"\/><\/p>\n<p class=\"c-image-news__legend\">Des bouquets de fleurs \u00e0 l&rsquo;entr\u00e9e du lyc\u00e9e Notre-Dame de Toutes-Aides apr\u00e8s une attaque au couteau le 24 avril 2025 ( AFP \/ Loic VENANCE )<\/p>\n<p>\n Cette aide, dont les destinataires seront pr\u00e9cis\u00e9s ult\u00e9rieurement, \u00ab\u00a0pourra \u00eatre b\u00e9n\u00e9fique pour les victimes de cette trag\u00e9die mais aussi pour pallier le d\u00e9sengagement financier du service public\u00a0\u00bb, estiment-ils.\n<\/p>\n<p>\n La famille insiste \u00e9galement sur le fait que les obs\u00e8ques de l&rsquo;adolescente \u00ab\u00a0auront lieu dans un cercle priv\u00e9\u00a0\u00bb.\n<\/p>\n<p> &#8211; \u00ab\u00a0\u00c7a fait chelou\u00a0\u00bb &#8211;<\/p>\n<p>\n Pour certains \u00e9l\u00e8ves, le retour sur les bancs de l&rsquo;\u00e9cole est difficile. Dans une voiture, une jeune fille pleure \u00e0 chaudes larmes. Sa m\u00e8re, qui s&rsquo;entretenait avec un responsable scolaire devant la porte, revient en courant vers elle.\n<\/p>\n<\/p>\n<p>\n \u00ab\u00a0Non, \u00e7a ne va pas\u00a0\u00bb, glisse-t-elle \u00e0 l&rsquo;AFP en passant. \u00ab\u00a0C&rsquo;est trop t\u00f4t, voil\u00e0. Je leur ai dit. On rentre \u00e0 la maison.\u00a0\u00bb\n<\/p>\n<p>\n V. triture nerveusement sa cigarette \u00ab\u00a0puff\u00a0\u00bb au milieu de son groupe d&rsquo;amis, \u00ab\u00a0un peu stress\u00e9\u00a0\u00bb d&rsquo;\u00eatre \u00ab\u00a0d\u00e9j\u00e0 de retour\u00a0\u00bb.\n<\/p>\n<p>\n \u00ab\u00a0\u00c7a fait chelou\u00a0\u00bb, confie-t-il. En revenant \u00ab\u00a0aujourd&rsquo;hui (&#8230;), on a un peu l&rsquo;impression de revivre la journ\u00e9e de la semaine derni\u00e8re.\u00a0\u00bb\n<\/p>\n<p>\n A ses c\u00f4t\u00e9s, S. a \u00ab\u00a0h\u00e2te de retrouver les cours\u00a0\u00bb et \u00ab\u00a0une vie normale\u00a0\u00bb. \u00ab\u00a0On a \u00e9t\u00e9 bien accompagn\u00e9s, la cellule psychologique est l\u00e0, ils ont tout fait pour qu&rsquo;on se sente bien.\u00a0\u00bb\n<\/p>\n<p>\n \u00ab\u00a0Le but, ce n&rsquo;est pas d&rsquo;oublier, le but c&rsquo;est de faire avec.\u00a0\u00bb\n<\/p>\n<p>\n De nombreux \u00e9l\u00e8ves refusent de r\u00e9pondre aux journalistes, certains montrant un communiqu\u00e9 de la direction du groupe scolaire les mena\u00e7ant d'\u00a0\u00bbune semaine de suspension\u00a0\u00bb s&rsquo;ils font fi de cette interdiction.\n<\/p>\n<p>\n \u00ab\u00a0D\u00e9crit par tout le monde comme \u00e9tant extr\u00eamement solitaire\u00a0\u00bb, ayant \u00ab\u00a0peu d&rsquo;amis voire pas du tout\u00a0\u00bb, le suspect entretenait une \u00ab\u00a0fascination pour Hitler\u00a0\u00bb et avait envoy\u00e9 un courriel sombre et confus \u00e0 l&rsquo;ensemble des \u00e9l\u00e8ves peu avant son passage \u00e0 l&rsquo;acte, selon M. Leroy.\n<\/p>\n<p>\n Une enqu\u00eate pour \u00ab\u00a0meurtre\u00a0\u00bb est en cours, avait annonc\u00e9 vendredi le procureur qui n&rsquo;a pas \u00e9cart\u00e9 la possibilit\u00e9 que celle-ci \u00e9volue en \u00ab\u00a0assassinat\u00a0\u00bb compte tenu \u00ab\u00a0des \u00e9l\u00e9ments susceptibles de caract\u00e9riser une pr\u00e9m\u00e9ditation\u00a0\u00bb.<\/p>\n","protected":false},"excerpt":{"rendered":"Des \u00e9l\u00e8ves arrivent pour participer \u00e0 un rassemblement au lyc\u00e9e Notre-Dame de Toutes-Aides pour rendre hommage aux victimes&hellip;\n","protected":false},"author":2,"featured_media":60888,"comment_status":"","ping_status":"","sticky":false,"template":"","format":"standard","meta":{"footnotes":""},"categories":[2818],"tags":[400,1111,11,398,408,405,1777,674,1011,27,403,402,399,404,766,12,2636,25,401,406,407],"class_list":{"0":"post-60887","1":"post","2":"type-post","3":"status-publish","4":"format-standard","5":"has-post-thumbnail","7":"category-nantes","8":"tag-action-cac-40","9":"tag-actu","10":"tag-actualites","11":"tag-bourse-de-paris","12":"tag-boursorama","13":"tag-cotations","14":"tag-eu","15":"tag-europe","16":"tag-fr","17":"tag-france","18":"tag-indices-devises","19":"tag-investir","20":"tag-investissement","21":"tag-marche-boursier","22":"tag-nantes","23":"tag-news","24":"tag-pays-de-la-loire","25":"tag-republique-francaise","26":"tag-sicav","27":"tag-trackers","28":"tag-warrants"},"share_on_mastodon":{"url":"https:\/\/pubeurope.com\/@fr\/114419277785169993","error":""},"_links":{"self":[{"href":"https:\/\/www.europesays.com\/fr\/wp-json\/wp\/v2\/posts\/60887","targetHints":{"allow":["GET"]}}],"collection":[{"href":"https:\/\/www.europesays.com\/fr\/wp-json\/wp\/v2\/posts"}],"about":[{"href":"https:\/\/www.europesays.com\/fr\/wp-json\/wp\/v2\/types\/post"}],"author":[{"embeddable":true,"href":"https:\/\/www.europesays.com\/fr\/wp-json\/wp\/v2\/users\/2"}],"replies":[{"embeddable":true,"href":"https:\/\/www.europesays.com\/fr\/wp-json\/wp\/v2\/comments?post=60887"}],"version-history":[{"count":0,"href":"https:\/\/www.europesays.com\/fr\/wp-json\/wp\/v2\/posts\/60887\/revisions"}],"wp:featuredmedia":[{"embeddable":true,"href":"https:\/\/www.europesays.com\/fr\/wp-json\/wp\/v2\/media\/60888"}],"wp:attachment":[{"href":"https:\/\/www.europesays.com\/fr\/wp-json\/wp\/v2\/media?parent=60887"}],"wp:term":[{"taxonomy":"category","embeddable":true,"href":"https:\/\/www.europesays.com\/fr\/wp-json\/wp\/v2\/categories?post=60887"},{"taxonomy":"post_tag","embeddable":true,"href":"https:\/\/www.europesays.com\/fr\/wp-json\/wp\/v2\/tags?post=60887"}],"curies":[{"name":"wp","href":"https:\/\/api.w.org\/{rel}","templated":true}]}}