{"id":608875,"date":"2025-12-19T05:12:19","date_gmt":"2025-12-19T05:12:19","guid":{"rendered":"https:\/\/www.europesays.com\/fr\/608875\/"},"modified":"2025-12-19T05:12:19","modified_gmt":"2025-12-19T05:12:19","slug":"angers-tenant-du-titre-elimine-en-quarts-par-rouen-angers-info","status":"publish","type":"post","link":"https:\/\/www.europesays.com\/fr\/608875\/","title":{"rendered":"Angers, tenant du titre, \u00e9limin\u00e9 en quarts par Rouen \u2013 Angers Info"},"content":{"rendered":"<p><img fetchpriority=\"high\" decoding=\"async\" width=\"1024\" height=\"683\" src=\"https:\/\/www.europesays.com\/fr\/wp-content\/uploads\/2025\/12\/20201013_215812-1024x683.jpg\" alt=\"\" class=\"wp-image-92191\"  \/>Angers, pourtant soutenu par un excellent premier match de son nouveau gardien Jacob Smith, a \u00e9t\u00e9 \u00e9limin\u00e9 en quarts de finale de la Coupe de France en s\u2019inclinant 0-1 \u00e0 domicile contre les Dragons de Rouen Cr\u00e9dit : D\u00e9borah Anne<\/p>\n<p><strong>Les Ducs d\u2019Angers ont vu leur parcours en Coupe de France s\u2019arr\u00eater mercredi soir \u00e0 domicile. Malgr\u00e9 une prestation solide de leur nouveau gardien Jacob Smith, l\u2019\u00e9quipe s\u2019est inclin\u00e9e face aux Dragons de Rouen sur le score de 0-1, quittant ainsi la comp\u00e9tition dont elle \u00e9tait tenante du titre.<\/strong><\/p>\n<p><strong>Premi\u00e8re convaincante pour Jacob Smith<\/strong><\/p>\n<p>Arriv\u00e9 r\u00e9cemment pour suppl\u00e9er Matt O\u2019Connor, bless\u00e9 apr\u00e8s l\u2019incident survenu \u00e0 Grenoble en Ligue Magnus, Jacob Smith vivait son premier match sous les couleurs angevines. Le gardien italo-canadien n\u2019a pas manqu\u00e9 son entr\u00e9e, r\u00e9alisant 36 arr\u00eats et maintenant son \u00e9quipe dans la partie.<br \/>Face \u00e0 lui, les leaders du Championnat ont toutefois impos\u00e9 leur rythme, dominant les d\u00e9bats avec 37 tirs cadr\u00e9s contre 24 pour Angers.<\/p>\n<p><strong>Un but de Rouen qui scelle le sort du match<\/strong><\/p>\n<p>Apr\u00e8s une premi\u00e8re demi-heure sans but, c\u2019est Anthony Rech qui a d\u00e9bloqu\u00e9 la rencontre en deuxi\u00e8me p\u00e9riode, offrant l\u2019avantage aux Dragons.<br \/>Rouen a ensuite conserv\u00e9 ce court avantage jusqu\u2019au terme du match, validant sa qualification pour les demi-finales et mettant fin au parcours d\u2019Angers dans cette \u00e9dition de la Coupe de France.<\/p>\n","protected":false},"excerpt":{"rendered":"Angers, pourtant soutenu par un excellent premier match de son nouveau gardien Jacob Smith, a \u00e9t\u00e9 \u00e9limin\u00e9 en&hellip;\n","protected":false},"author":2,"featured_media":608876,"comment_status":"","ping_status":"","sticky":false,"template":"","format":"standard","meta":{"footnotes":""},"categories":[9587],"tags":[1111,11,1438,54460,1777,674,1011,27,13291,12,5161,25,9590],"class_list":{"0":"post-608875","1":"post","2":"type-post","3":"status-publish","4":"format-standard","5":"has-post-thumbnail","7":"category-rouen","8":"tag-actu","9":"tag-actualites","10":"tag-angers","11":"tag-ducs-angers","12":"tag-eu","13":"tag-europe","14":"tag-fr","15":"tag-france","16":"tag-maine-et-loire","17":"tag-news","18":"tag-normandie","19":"tag-republique-francaise","20":"tag-rouen"},"share_on_mastodon":{"url":"https:\/\/pubeurope.com\/@fr\/115744522791891516","error":""},"_links":{"self":[{"href":"https:\/\/www.europesays.com\/fr\/wp-json\/wp\/v2\/posts\/608875","targetHints":{"allow":["GET"]}}],"collection":[{"href":"https:\/\/www.europesays.com\/fr\/wp-json\/wp\/v2\/posts"}],"about":[{"href":"https:\/\/www.europesays.com\/fr\/wp-json\/wp\/v2\/types\/post"}],"author":[{"embeddable":true,"href":"https:\/\/www.europesays.com\/fr\/wp-json\/wp\/v2\/users\/2"}],"replies":[{"embeddable":true,"href":"https:\/\/www.europesays.com\/fr\/wp-json\/wp\/v2\/comments?post=608875"}],"version-history":[{"count":0,"href":"https:\/\/www.europesays.com\/fr\/wp-json\/wp\/v2\/posts\/608875\/revisions"}],"wp:featuredmedia":[{"embeddable":true,"href":"https:\/\/www.europesays.com\/fr\/wp-json\/wp\/v2\/media\/608876"}],"wp:attachment":[{"href":"https:\/\/www.europesays.com\/fr\/wp-json\/wp\/v2\/media?parent=608875"}],"wp:term":[{"taxonomy":"category","embeddable":true,"href":"https:\/\/www.europesays.com\/fr\/wp-json\/wp\/v2\/categories?post=608875"},{"taxonomy":"post_tag","embeddable":true,"href":"https:\/\/www.europesays.com\/fr\/wp-json\/wp\/v2\/tags?post=608875"}],"curies":[{"name":"wp","href":"https:\/\/api.w.org\/{rel}","templated":true}]}}