{"id":608877,"date":"2025-12-19T05:16:01","date_gmt":"2025-12-19T05:16:01","guid":{"rendered":"https:\/\/www.europesays.com\/fr\/608877\/"},"modified":"2025-12-19T05:16:01","modified_gmt":"2025-12-19T05:16:01","slug":"rendez-vous-en-prefecture-ce-jeudi-et-circulation-perturbee","status":"publish","type":"post","link":"https:\/\/www.europesays.com\/fr\/608877\/","title":{"rendered":"rendez-vous en pr\u00e9fecture ce jeudi et circulation perturb\u00e9e"},"content":{"rendered":"<p itemprop=\"description\"><strong>La contestation agricole se poursuit \u00e0 Grenoble ce jeudi matin pour une rencontre attendue avec la pr\u00e9f\u00e8te de l&rsquo;Is\u00e8re et une pression maintenue sur les pouvoirs publics avec des blocages.<\/strong><\/p>\n<p>Le face-\u00e0-face attendu entre les repr\u00e9sentants agricoles et l\u2019\u00c9tat n\u2019aura finalement pas lieu l\u00e0 o\u00f9 il \u00e9tait initialement pr\u00e9vu. La rencontre annonc\u00e9e ce jeudi matin se tiendra directement \u00e0 la pr\u00e9fecture de l\u2019Is\u00e8re, et non plus dans les locaux de la Direction d\u00e9partementale des territoires, situ\u00e9s boulevard Joseph-Vallier.<\/p>\n<p>Une nouvelle s\u00e9quence qui s\u2019inscrit dans un mouvement engag\u00e9 depuis plusieurs jours en Nord-Is\u00e8re, marqu\u00e9 par des ralentissements volontaires sur les routes et des actions symboliques. Sur place, des arbres ont \u00e9t\u00e9 sectionn\u00e9s puis incendi\u00e9s devant les locaux de l\u2019administration pour manifester le m\u00e9contentement, ce qui n\u2019aurait pas \u00e9t\u00e9 du go\u00fbt de la pr\u00e9f\u00e8te Catherine Seguin. Une dizaine de tracteurs suppl\u00e9mentaires est annonc\u00e9e pour renforcer le dispositif.<\/p>\n<p>Les manifestants entendent obtenir des d\u00e9cisions concr\u00e8tes face \u00e0 la propagation de la dermatose nodulaire contagieuse et aux inqui\u00e9tudes suscit\u00e9es par l\u2019accord commercial entre l\u2019Union europ\u00e9enne et le Mercosur.<\/p>\n<p>C\u00f4t\u00e9 transports, la situation s\u2019est l\u00e9g\u00e8rement d\u00e9tendue : apr\u00e8s une interruption temporaire, la ligne C du tramway circule de nouveau entre Gustave-Rivet et Catane. Les perturbations routi\u00e8res pourraient toutefois se prolonger en fonction de l\u2019\u00e9volution de la mobilisation au cours de la matin\u00e9e.<\/p>\n","protected":false},"excerpt":{"rendered":"La contestation agricole se poursuit \u00e0 Grenoble ce jeudi matin pour une rencontre attendue avec la pr\u00e9f\u00e8te de&hellip;\n","protected":false},"author":2,"featured_media":608878,"comment_status":"","ping_status":"","sticky":false,"template":"","format":"standard","meta":{"footnotes":""},"categories":[9566],"tags":[1111,11,2813,2430,1109,251,1112,2811,1777,674,118,1011,27,21780,2731,14004,1922,1110,1114,108,12,316,25,2812,517,800],"class_list":{"0":"post-608877","1":"post","2":"type-post","3":"status-publish","4":"format-standard","5":"has-post-thumbnail","7":"category-grenoble","8":"tag-actu","9":"tag-actualites","10":"tag-article","11":"tag-auvergne-rhone-alpes","12":"tag-breves","13":"tag-culture","14":"tag-depeches","15":"tag-economique","16":"tag-eu","17":"tag-europe","18":"tag-faits-divers","19":"tag-fr","20":"tag-france","21":"tag-gf38","22":"tag-grenoble","23":"tag-grenoblemag","24":"tag-info","25":"tag-informations","26":"tag-infos","27":"tag-isere","28":"tag-news","29":"tag-politique","30":"tag-republique-francaise","31":"tag-sociale","32":"tag-sport","33":"tag-transports"},"share_on_mastodon":{"url":"https:\/\/pubeurope.com\/@fr\/115744537532373783","error":""},"_links":{"self":[{"href":"https:\/\/www.europesays.com\/fr\/wp-json\/wp\/v2\/posts\/608877","targetHints":{"allow":["GET"]}}],"collection":[{"href":"https:\/\/www.europesays.com\/fr\/wp-json\/wp\/v2\/posts"}],"about":[{"href":"https:\/\/www.europesays.com\/fr\/wp-json\/wp\/v2\/types\/post"}],"author":[{"embeddable":true,"href":"https:\/\/www.europesays.com\/fr\/wp-json\/wp\/v2\/users\/2"}],"replies":[{"embeddable":true,"href":"https:\/\/www.europesays.com\/fr\/wp-json\/wp\/v2\/comments?post=608877"}],"version-history":[{"count":0,"href":"https:\/\/www.europesays.com\/fr\/wp-json\/wp\/v2\/posts\/608877\/revisions"}],"wp:featuredmedia":[{"embeddable":true,"href":"https:\/\/www.europesays.com\/fr\/wp-json\/wp\/v2\/media\/608878"}],"wp:attachment":[{"href":"https:\/\/www.europesays.com\/fr\/wp-json\/wp\/v2\/media?parent=608877"}],"wp:term":[{"taxonomy":"category","embeddable":true,"href":"https:\/\/www.europesays.com\/fr\/wp-json\/wp\/v2\/categories?post=608877"},{"taxonomy":"post_tag","embeddable":true,"href":"https:\/\/www.europesays.com\/fr\/wp-json\/wp\/v2\/tags?post=608877"}],"curies":[{"name":"wp","href":"https:\/\/api.w.org\/{rel}","templated":true}]}}