{"id":608882,"date":"2025-12-19T05:20:20","date_gmt":"2025-12-19T05:20:20","guid":{"rendered":"https:\/\/www.europesays.com\/fr\/608882\/"},"modified":"2025-12-19T05:20:20","modified_gmt":"2025-12-19T05:20:20","slug":"que-faire-a-rennes-ce-week-end-du-20-decembre-au-21-decembre-2025","status":"publish","type":"post","link":"https:\/\/www.europesays.com\/fr\/608882\/","title":{"rendered":"Que faire \u00e0 Rennes ce week-end du 20 d\u00e9cembre au 21 d\u00e9cembre 2025 ?"},"content":{"rendered":"<p>\n        En \u00e9cho au Poisson qui vivait dans les arbres, Herv\u00e9 Walbecq revient avec ce mobile XXL install\u00e9 sous le puits de lumi\u00e8re du hall du Triangle. Avec cette immersion po\u00e9tique et d\u00e9cal\u00e9e dans l\u2019espace, c\u2019est un bestiaire tout droit sorti des souvenirs d\u2019Herv\u00e9 qui s\u2019articule devant les yeux des visiteurs.\n        <\/p>\n<p><a href=\"https:\/\/www.letelegramme.fr\/api\/gotourl\/bevt\/2910686\/\" target=\"_blank\" rel=\"noopener\"><br \/>\n        Exposition \u00ab\u00a0Voix de femmes, un matrimoine au coeur du Blosne\u00a0\u00bb<br \/>\n        <\/a><\/p>\n<p>\n        Tout public. Dispositif propos\u00e9 par la Ville de Rennes. Dans le cadre du dispositif Nouveaux commissaires, sept habitants du quartier ont choisi de concevoir une exposition sur le matrimoine du Blosne, abord\u00e9 \u00e0 travers les t\u00e9moignages de femmes qui font ou ont fait l\u2019histoire et le matrimoine du quartier.\n        <\/p>\n<p><a href=\"https:\/\/www.letelegramme.fr\/api\/gotourl\/bevt\/3047980\/\" target=\"_blank\" rel=\"noopener\"><br \/>\n        Exposition\u00a0: Faire corps<br \/>\n        <\/a><\/p>\n<p>\n        Dans le cadre du festival Glaz, rencontres internationales de la photographie de Rennes, dont l\u2019\u00e9dition 2025 explore les liens entre actes d\u2019amour et de r\u00e9bellion, L\u2019Imagerie centre d\u2019art et de photographie \u00e0 Lannion, s\u2019associe au Frac Bretagne pour une exposition construite \u00e0 partir de leurs collections photographiques. Cette proposition r\u00e9unit des \u0153uvres de 17 artistes de diff\u00e9rentes nationalit\u00e9s qui interrogent les mani\u00e8res de se relier les uns aux autres.\n        <\/p>\n<p><a href=\"https:\/\/www.letelegramme.fr\/api\/gotourl\/bevt\/3042058\/\" target=\"_blank\" rel=\"noopener\"><br \/>\n        Exposition\u00a0: Elles &#8211; Leurs droits, notre histoire<br \/>\n        <\/a><\/p>\n<p>\n        Pour plonger dans le quotidien des Bretilliennes, du XIXe si\u00e8cle \u00e0 nos jours. \u00ab Elles. Leurs droits, notre histoire. Les Bretilliennes s\u2019\u00e9mancipent (XIX-XXe si\u00e8cles) \u00bb retrace l\u2019histoire de l\u2019\u00e9mancipation f\u00e9minine et l\u2019impact que la conqu\u00eate des droits a eu sur le quotidien des femmes d\u2019Ille-et-Vilaine. Fermeture le premier lundi de chaque mois et jours f\u00e9ri\u00e9s. Ouverture exceptionnelle : dimanche 26 octobre, dimanche 30 novembre, dimanches 1er f\u00e9vrier et 8 mars 2026 de 14 h 30 \u00e0 18 h.\n        <\/p>\n<p>L&rsquo;agenda des loisirs<\/p>\n<p class=\"moveInBrittany__text\" style=\"color:#fff\">\n            Festivals, expositions, visites, conf\u00e9rences, &#8230;\n          <\/p>\n<p>Sortir \u00e0 Rennes le dimanche 21 d\u00e9cembre<a href=\"https:\/\/www.letelegramme.fr\/api\/gotourl\/bevt\/3099281\/\" target=\"_blank\" rel=\"noopener\"><br \/>\n        No\u00ebl avec les commer\u00e7ants<br \/>\n        <\/a><\/p>\n<p>\n        D\u00e9ambulation de la compagnie Remue-M\u00e9nage en centre-ville le samedi 13 d\u00e9cembre de 16 h 30 \u00e0 18 h 30. D\u00e9ambulation du p\u00e8re No\u00ebl dans un v\u00e9lo tra\u00eeneau en centre-ville les 17, 20, 21, 23, 24 d\u00e9cembre, de 16 h 30 \u00e0 19 h. D\u00e9ambulation du trio jazz manouche Chauffe Marcel en v\u00e9lo-cargo dans le centre-ville les 17, 20, 21, 23, 24, 26, 27 d\u00e9cembre, de 16 h 30 \u00e0 19 h. Promenades en cal\u00e8ches ; circuit en Sulkys, chalet du Carr\u00e9 Rennais (ferm\u00e9 jeudi 25 d\u00e9cembre).\n        <\/p>\n<p><a href=\"https:\/\/www.letelegramme.fr\/api\/gotourl\/bevt\/3099240\/\" target=\"_blank\" rel=\"noopener\"><br \/>\n        Projections sur l\u2019H\u00f4tel de Ville \u00ab\u00a0R\u00eave de lumi\u00e8re\u00a0\u00bb<br \/>\n        <\/a><\/p>\n<p>\n        Avec un nouveau spectacle in\u00e9dit, \u00ab R\u00eave de lumi\u00e8re \u00bb. Au programme : une odyss\u00e9e nocturne pour red\u00e9couvrir la ville de Rennes en compagnie\u2026 d\u2019une poule Coucou !\n        <\/p>\n<p><a href=\"https:\/\/www.letelegramme.fr\/api\/gotourl\/bevt\/3099239\/\" target=\"_blank\" rel=\"noopener\"><br \/>\n        Ouverture du clo\u00eetre au c\u0153ur du Couvent des Jacobins<br \/>\n        <\/a><\/p>\n<p>\n        \u00c0 l\u2019occasion des f\u00eates de fin d\u2019ann\u00e9e, le clo\u00eetre est \u00e0 d\u00e9couvrir librement avec au programme : lumi\u00e8res, concerts, spectacles, contes et d\u00e9gustations pour toute la famille (derni\u00e8re entr\u00e9e \u00e0 19 h). Les 24 et 31 d\u00e9cembre de 14 h \u00e0 18 h 30. Gratuit et sans r\u00e9servation dans la limite des places disponibles.\n        <\/p>\n<p><a href=\"https:\/\/www.letelegramme.fr\/api\/gotourl\/bevt\/3100897\/\" target=\"_blank\" rel=\"noopener\"><br \/>\n        Foire d\u2019hiver\u00a0: f\u00eate foraine<br \/>\n        <\/a><\/p>\n<p>\n        Dans le cadre de Cet hiver \u00e0 Rennes. Man\u00e8ges, stands et gourmandises pour les petits et les grands. F\u00eate foraine ouverte le mercredi 31 d\u00e9cembre de 14 h \u00e0 3 h.\n        <\/p>\n<p><a href=\"https:\/\/www.letelegramme.fr\/api\/gotourl\/bevt\/3104145\/\" target=\"_blank\" rel=\"noopener\"><br \/>\n        Cet Hiver \u00e0 Rennes\u00a0: Week-end de No\u00ebl au Grand Huit<br \/>\n        <\/a><\/p>\n<p>\n        Les activit\u00e9s propos\u00e9es incluent des animations permanentes : man\u00e8ges, confiserie, bistrot, march\u00e9 de No\u00ebl et ateliers cr\u00e9atifs \u00ab Fabrique ton cadeau \u00bb. Programme du samedi soir : un concert du trio vocal Christmas Swing suivi d\u2019une session de danse anim\u00e9e par Swingin\u2019in the Rennes. Programme du dimanche : La visite du p\u00e8re No\u00ebl.\n        <\/p>\n<p><\/p>\n","protected":false},"excerpt":{"rendered":"En \u00e9cho au Poisson qui vivait dans les arbres, Herv\u00e9 Walbecq revient avec ce mobile XXL install\u00e9 sous&hellip;\n","protected":false},"author":2,"featured_media":6963,"comment_status":"","ping_status":"","sticky":false,"template":"","format":"standard","meta":{"footnotes":""},"categories":[2821],"tags":[1111,11,829,1777,674,1011,27,12,3907,584,25],"class_list":{"0":"post-608882","1":"post","2":"type-post","3":"status-publish","4":"format-standard","5":"has-post-thumbnail","7":"category-rennes","8":"tag-actu","9":"tag-actualites","10":"tag-bretagne","11":"tag-eu","12":"tag-europe","13":"tag-fr","14":"tag-france","15":"tag-news","16":"tag-que-faire","17":"tag-rennes","18":"tag-republique-francaise"},"share_on_mastodon":{"url":"https:\/\/pubeurope.com\/@fr\/115744553337718064","error":""},"_links":{"self":[{"href":"https:\/\/www.europesays.com\/fr\/wp-json\/wp\/v2\/posts\/608882","targetHints":{"allow":["GET"]}}],"collection":[{"href":"https:\/\/www.europesays.com\/fr\/wp-json\/wp\/v2\/posts"}],"about":[{"href":"https:\/\/www.europesays.com\/fr\/wp-json\/wp\/v2\/types\/post"}],"author":[{"embeddable":true,"href":"https:\/\/www.europesays.com\/fr\/wp-json\/wp\/v2\/users\/2"}],"replies":[{"embeddable":true,"href":"https:\/\/www.europesays.com\/fr\/wp-json\/wp\/v2\/comments?post=608882"}],"version-history":[{"count":0,"href":"https:\/\/www.europesays.com\/fr\/wp-json\/wp\/v2\/posts\/608882\/revisions"}],"wp:featuredmedia":[{"embeddable":true,"href":"https:\/\/www.europesays.com\/fr\/wp-json\/wp\/v2\/media\/6963"}],"wp:attachment":[{"href":"https:\/\/www.europesays.com\/fr\/wp-json\/wp\/v2\/media?parent=608882"}],"wp:term":[{"taxonomy":"category","embeddable":true,"href":"https:\/\/www.europesays.com\/fr\/wp-json\/wp\/v2\/categories?post=608882"},{"taxonomy":"post_tag","embeddable":true,"href":"https:\/\/www.europesays.com\/fr\/wp-json\/wp\/v2\/tags?post=608882"}],"curies":[{"name":"wp","href":"https:\/\/api.w.org\/{rel}","templated":true}]}}