{"id":608887,"date":"2025-12-19T05:33:54","date_gmt":"2025-12-19T05:33:54","guid":{"rendered":"https:\/\/www.europesays.com\/fr\/608887\/"},"modified":"2025-12-19T05:33:54","modified_gmt":"2025-12-19T05:33:54","slug":"le-festival-trajectoires-est-de-retour-pour-celebrer-les-recits-de-vie","status":"publish","type":"post","link":"https:\/\/www.europesays.com\/fr\/608887\/","title":{"rendered":"Le festival Trajectoires est de retour pour c\u00e9l\u00e9brer les r\u00e9cits de vie"},"content":{"rendered":"<p><strong>Le Festival Trajectoires fait son grand retour du 13 janvier au 13 f\u00e9vrier prochain. D\u00e9partementalis\u00e9 depuis 2022, le premier festival des Alpes-Maritimes s\u2019affirme comme un rendez-vous majeur d\u00e9di\u00e9 aux \u00ab\u00a0r\u00e9cits de vie\u00a0\u00bb.\u00a0<\/strong><\/p>\n<p>\u00ab\u00a0Avec quatorze spectacles au programme, les plateaux vibreront au rythme des portraits intimes, parcours singuliers et r\u00e9cits d\u2019engagements forts port\u00e9s \u00e0 la sc\u00e8ne par les artistes d\u2019ici et d\u2019ailleurs\u00a0\u00bb r\u00e9sume Le\u00efla Benhabyl\u00e8s, directrice du Forum Jacques Pr\u00e9vert qui coordonne l\u2019\u00e9v\u00e9nement. Pour sa septi\u00e8me \u00e9dition depuis 2019, Trajectoires poursuit une programmation attentive aux enjeux contemporains, au v\u00e9cu, \u00e0 notre place dans la soci\u00e9t\u00e9. Ce festival collaboratif r\u00e9unit plusieurs partenaires culturels du d\u00e9partement des Alpes-Maritimes, parmi lesquels le Th\u00e9\u00e2tre National de Nice, la Sc\u00e8ne 55 \u00e0 Mougins, le Th\u00e9\u00e2tre de la Licorne de Cannes, le Th\u00e9\u00e2tre de Grasse, ou encore la M\u00e9diath\u00e8que de Mouans-Sartoux. Cette \u00e9dition pluridisciplinaire met en avant l\u2019humain, des plus jeunes (\u00c7a va faire m\u00e2le !) aux plus \u00e2g\u00e9s (La vie secr\u00e8te des vieux), et invite \u00e9galement le public \u00e0 se questionner sur l\u2019intime qui fait na\u00eetre l\u2019art vivant sur sc\u00e8ne \u00a0(La Lettre).<\/p>\n<p><strong>De l\u2019intime \u00e0 l\u2019universel<\/strong><\/p>\n<p>Cette ann\u00e9e, Trajectoires donne voix \u00e0 des r\u00e9cits de marginalit\u00e9, notamment \u00e0 travers trois pi\u00e8ces autour du milieu carc\u00e9ral et psychiatrique : Sortie de piste de Warren Zavatta, Entre les lignes de Tiago Rodrigues o\u00f9 le mythe d\u2019\u0152dipe s\u2019entrem\u00eale avec l\u2019incarc\u00e9ration d\u2019un fils qui a tu\u00e9 son p\u00e8re, et \u00c0 l\u2019ombre du r\u00e9verb\u00e8re d\u2019Enzo Verdet, seul-en-sc\u00e8ne dans lequel Redwane Rajel aborde son parcours de r\u00e9silience, de la prison au th\u00e9\u00e2tre. Ces deux derni\u00e8res pi\u00e8ces ont particuli\u00e8rement marqu\u00e9 la r\u00e9daction, aux c\u00f4t\u00e9s de Il ne m\u2019est jamais rien arriv\u00e9 de Johanny Bert, o\u00f9 Vincent Dedienne explore les journaux intimes du regrett\u00e9 Jean-Luc Lagarce. La famille est au centre de Au nom du P\u00e8re, du Fils et de Jackie Chan, dans lequel Matthias Fortune \u00e9rige l\u2019acteur Jackie Chan en figure tut\u00e9laire et salvatrice. Dans L\u2019Extraordinaire destin de Sarah Bernhardt, G\u00e9raldine Martineau conte la vie de l\u2019actrice incontournable du XX\u1d49 si\u00e8cle. Une programmation r\u00e9solument hybride, foisonnante et d\u00e9cloisonn\u00e9e, qui convoque aussi le slam (Kay ! Lettres \u00e0 un po\u00e8te disparu), la danse (Ma part d\u2019ombre, Tandem), la litt\u00e9rature (Boum Litt\u00e9raire), ou encore les marionnettes (Petite Touche). Le festival multiplie \u00e9galement les rendez-vous avec le public :\u00a0 rencontres, s\u00e9ances de d\u00e9dicaces, cours de danse\u2026 Autant de moments pens\u00e9s pour que les r\u00e9cits de vie des artistes entrent en r\u00e9sonance avec ceux du public.<\/p>\n<p><strong>Silo\u00e9 Lema\u00eetre<\/strong><\/p>\n","protected":false},"excerpt":{"rendered":"Le Festival Trajectoires fait son grand retour du 13 janvier au 13 f\u00e9vrier prochain. D\u00e9partementalis\u00e9 depuis 2022, le&hellip;\n","protected":false},"author":2,"featured_media":608888,"comment_status":"","ping_status":"","sticky":false,"template":"","format":"standard","meta":{"footnotes":""},"categories":[2819],"tags":[1111,11,1777,674,1011,27,12,2401,882,25],"class_list":{"0":"post-608887","1":"post","2":"type-post","3":"status-publish","4":"format-standard","5":"has-post-thumbnail","7":"category-nice","8":"tag-actu","9":"tag-actualites","10":"tag-eu","11":"tag-europe","12":"tag-fr","13":"tag-france","14":"tag-news","15":"tag-nice","16":"tag-provence-alpes-cote-dazur","17":"tag-republique-francaise"},"share_on_mastodon":{"url":"https:\/\/pubeurope.com\/@fr\/115744608306218444","error":""},"_links":{"self":[{"href":"https:\/\/www.europesays.com\/fr\/wp-json\/wp\/v2\/posts\/608887","targetHints":{"allow":["GET"]}}],"collection":[{"href":"https:\/\/www.europesays.com\/fr\/wp-json\/wp\/v2\/posts"}],"about":[{"href":"https:\/\/www.europesays.com\/fr\/wp-json\/wp\/v2\/types\/post"}],"author":[{"embeddable":true,"href":"https:\/\/www.europesays.com\/fr\/wp-json\/wp\/v2\/users\/2"}],"replies":[{"embeddable":true,"href":"https:\/\/www.europesays.com\/fr\/wp-json\/wp\/v2\/comments?post=608887"}],"version-history":[{"count":0,"href":"https:\/\/www.europesays.com\/fr\/wp-json\/wp\/v2\/posts\/608887\/revisions"}],"wp:featuredmedia":[{"embeddable":true,"href":"https:\/\/www.europesays.com\/fr\/wp-json\/wp\/v2\/media\/608888"}],"wp:attachment":[{"href":"https:\/\/www.europesays.com\/fr\/wp-json\/wp\/v2\/media?parent=608887"}],"wp:term":[{"taxonomy":"category","embeddable":true,"href":"https:\/\/www.europesays.com\/fr\/wp-json\/wp\/v2\/categories?post=608887"},{"taxonomy":"post_tag","embeddable":true,"href":"https:\/\/www.europesays.com\/fr\/wp-json\/wp\/v2\/tags?post=608887"}],"curies":[{"name":"wp","href":"https:\/\/api.w.org\/{rel}","templated":true}]}}