{"id":608889,"date":"2025-12-19T05:35:21","date_gmt":"2025-12-19T05:35:21","guid":{"rendered":"https:\/\/www.europesays.com\/fr\/608889\/"},"modified":"2025-12-19T05:35:21","modified_gmt":"2025-12-19T05:35:21","slug":"pourquoi-la8-sest-figee-mercredi-soir-autour-de-nice-sans-accident-ni-evenement-particulier-on-vous-explique","status":"publish","type":"post","link":"https:\/\/www.europesays.com\/fr\/608889\/","title":{"rendered":"Pourquoi l\u2019A8 s\u2019est fig\u00e9e mercredi soir autour de Nice, sans accident ni \u00e9v\u00e9nement particulier ? On vous explique"},"content":{"rendered":"<p class=\"fs-5 \">Mercredi 17 d\u00e9cembre au soir,<a href=\"https:\/\/www.nicematin.com\/info-trafic\/le-temps-de-trajet-allonge-d-une-heure-sur-l-a8-en-direction-de-l-italie-l-entree-nice-saint-isidore-fermee-10661362\" target=\"_blank\" rel=\"noopener\"> l\u2019A8 a \u00e9t\u00e9 paralys\u00e9e entre Nice et Antibes<\/a>, avec des files interminables et des temps de parcours multipli\u00e9s par trois, voire quatre. Selon Vinci Autoroutes, alors qu\u2019\u00e0 16 h 32 on mesurait 600 m de bouchons, la situation a rapidement empir\u00e9 : \u00ab 3,6 km \u00e0 17 h 30, 6,6 km \u00e0 17 h 43 et jusqu\u2019\u00e0 10 km \u00e0 18 h 27 \u00bb, indique le concessionnaire.<\/p>\n<p class=\"fs-5 \">Aucun accident majeur ni intemp\u00e9ries ne sont \u00e0 l\u2019origine. Au lendemain de cette paralysie, Vinci autoroutes et la Ville de Nice se renvoient la balle.<\/p>\n<p>                                                                                Circulation dense dans le centre de Nice ou v\u00e9hicule en panne sur l\u2019A8 ?<\/p>\n<p class=\"fs-5 \">Le gestionnaire de l\u2019A8 pointe un \u00ab trafic particuli\u00e8rement charg\u00e9 dans le centre-ville de Nice, notamment \u00e0 Nice-Est o\u00f9 la promenade du Paillon et le tunnel Andr\u00e9-Liautaud \u00e9taient satur\u00e9s. De nombreux automobilistes ont contourn\u00e9 ces axes en se reportant sur l\u2019autoroute. \u00bb Cette situation a conduit \u00e0 la fermeture de l\u2019entr\u00e9e n\u00b0 52 Nice Saint-Isidore en direction de l\u2019Italie, \u00ab en accord avec la Ville, afin d\u2019all\u00e9ger le flux sur l\u2019A8 \u00bb, pr\u00e9cise le concessionnaire.<\/p>\n<p class=\"fs-5 \">La Ville de Nice reconna\u00eet la conjonction de plusieurs facteurs. Mais d\u00e9signe \u00ab en premier lieu, un v\u00e9hicule en panne sur l\u2019autoroute A8 qui a fortement perturb\u00e9 la circulation. Cette situation a \u00e9t\u00e9 amplifi\u00e9e par une tr\u00e8s forte affluence sur le secteur de La Trinit\u00e9 et de sa zone commerciale, li\u00e9e notamment \u00e0 un mercredi pr\u00e9c\u00e9dant les f\u00eates de No\u00ebl, p\u00e9riode traditionnellement marqu\u00e9e par une hausse significative des d\u00e9placements. Ce secteur a connu une saturation rapide, g\u00e9n\u00e9rant des bouchons qui se sont progressivement propag\u00e9s vers l\u2019autoroute et les axes secondaires. \u00bb<\/p>\n<p>        <img src=\"https:\/\/www.europesays.com\/fr\/wp-content\/uploads\/2025\/12\/b435c85_upload-1-8lfz31uxmsxk-capture-d-e-cran-2025-12-17-a-20-03-37.png\"   loading=\"lazy\" decoding=\"async\" alt=\"Le trafic a \u00e9t\u00e9 ralenti pendant deux heures ce mercredi soir sur l\u2019A8.\" class=\"img-fluid position-absolute w-100 object-fit-cover rounded-2\" width=\"600\" height=\"400\"\/><\/p>\n<p class=\"fs-5 \">Vinci conc\u00e8de \u00ab deux incidents sur l\u2019autoroute qui ont aggrav\u00e9 une situation d\u00e9j\u00e0 tendue. \u00c0 18 h 55, un v\u00e9hicule est tomb\u00e9 en panne dans le tunnel de Canta-Galet. Le trafic n\u2019a pu \u00eatre r\u00e9tabli qu\u2019\u00e0 20 h 12. \u00bb<\/p>\n<p class=\"fs-5 \">Pourquoi une telle dur\u00e9e ? \u00ab Parce que les v\u00e9hicules d\u2019intervention ont rencontr\u00e9 de grandes difficult\u00e9s pour acc\u00e9der jusqu\u2019\u00e0 la voiture en panne. En p\u00e9riode de fort trafic, certains usagers ont tendance \u00e0 ne pas faciliter leur passage \u00bb, poursuit l\u2019exploitant. \u00c0 19 h 20, un second v\u00e9hicule s\u2019est immobilis\u00e9 avant l\u2019\u00e9changeur de Nice-Nord, neutralisant une voie de circulation.<\/p>\n<p class=\"fs-5 \">Les automobilistes ont-ils \u00e9t\u00e9 suffisamment inform\u00e9s ? Certains de ceux pris au pi\u00e8ge semblaient dire le contraire. Et c\u2019est sur les r\u00e9seaux sociaux qu\u2019ils ont exprim\u00e9 leur col\u00e8re. Le gestionnaire assure pourtant avoir pr\u00e9venu les usagers \u00ab d\u00e8s le d\u00e9but des perturbations. \u00c0 partir de 16 h 32, on a commenc\u00e9 \u00e0 informer par la Radio Vinci autoroutes. Puis les panneaux \u00e0 messages lumineux ont \u00e9t\u00e9 activ\u00e9s d\u00e8s 17 h 43, ainsi que des messages d\u2019alertes sur le compte X de l\u2019A8 \u00e0 partir de 18 heures. Aux heures traditionnelles de trafic routier important, nous invitons les usagers \u00e0 s\u2019informer avant de prendre la route. \u00bb<\/p>\n<p>                                                                                L\u2019A8, colonne vert\u00e9brale satur\u00e9e des Alpes-Maritimes<\/p>\n<p class=\"fs-5 \">L\u2019autoroute n\u2019a donc pas souffert d\u2019un \u00e9v\u00e9nement exceptionnel, mais sans doute a-t-elle d\u00e9pass\u00e9 son seuil de saturation. Un ph\u00e9nom\u00e8ne fr\u00e9quent sur un axe sous tr\u00e8s forte tension.<\/p>\n<p class=\"fs-5 \">L\u2019A8 est une des autoroutes les plus fr\u00e9quent\u00e9es de France. \u00ab Et surtout sur l\u2019axe Saint-Laurent-du-Var Nice-Ouest. Sur cette portion, c\u2019est plus 150.000 v\u00e9hicules par jour \u00bb, signale le concessionnaire. Un trafic comparable \u00e0 celui de l\u2019A7, \u00e0 Mont\u00e9limar (Dr\u00f4me) lors des gros d\u00e9parts en vacances. Ou du p\u00e9riph\u00e9rique parisien. \u00ab Avec un volume aussi important, on atteint des saturations tr\u00e8s vite. \u00bb Un r\u00e9seau sous tension, o\u00f9 le moindre incident, mais aussi parfois une simple hausse du trafic, suffit \u00e0 bloquer l\u2019ensemble du syst\u00e8me.<\/p>\n<p>                                                                                Un territoire enclav\u00e9<\/p>\n<p class=\"fs-5 \">Pour Vinci Autoroutes, la fluidit\u00e9 d\u00e9pend aussi du comportement des automobilistes. Laisser passer les v\u00e9hicules d\u2019intervention, rester vigilant et \u00e9viter les distractions, comme le t\u00e9l\u00e9phone au volant, sont essentiels. \u00ab M\u00eame avec huit voies, des \u00e9pisodes de saturation resteront in\u00e9vitables si les comportements ne changent pas \u00bb, estime le concessionnaire.<\/p>\n<p class=\"fs-5 \">La g\u00e9ographie du d\u00e9partement complique toute solution d\u2019\u00e9largissement : mer au sud, montagnes au nord, tunnels et viaducs dans un tissu urbain dense, souvent sans bandes d\u2019arr\u00eat d\u2019urgence.<\/p>\n<p class=\"fs-5 \">Depuis des ann\u00e9es, \u00e9lus et techniciens explorent toutes les pistes \u2014 covoiturage, transports en commun, voies d\u00e9di\u00e9es \u2014 mais la densit\u00e9 et la croissance du trafic rendent les solutions complexes \u00e0 mettre en \u0153uvre.<\/p>\n<p class=\"fs-5 \">Pour Vinci, l\u2019\u00e9pisode de mercredi est un ph\u00e9nom\u00e8ne de saturation qui interroge sur l\u2019usage de la route. Il pose aussi une question essentielle : quand l\u2019A8 se bloquera-t-elle \u00e0 nouveau, et jusqu\u2019o\u00f9 un territoire aussi contraint que les Alpes-Maritimes pourra-t-il absorber une circulation toujours plus dense ?<\/p>\n","protected":false},"excerpt":{"rendered":"Mercredi 17 d\u00e9cembre au soir, l\u2019A8 a \u00e9t\u00e9 paralys\u00e9e entre Nice et Antibes, avec des files interminables et&hellip;\n","protected":false},"author":2,"featured_media":608890,"comment_status":"","ping_status":"","sticky":false,"template":"","format":"standard","meta":{"footnotes":""},"categories":[2819],"tags":[1111,11,1777,674,1011,27,12,2401,882,25],"class_list":{"0":"post-608889","1":"post","2":"type-post","3":"status-publish","4":"format-standard","5":"has-post-thumbnail","7":"category-nice","8":"tag-actu","9":"tag-actualites","10":"tag-eu","11":"tag-europe","12":"tag-fr","13":"tag-france","14":"tag-news","15":"tag-nice","16":"tag-provence-alpes-cote-dazur","17":"tag-republique-francaise"},"share_on_mastodon":{"url":"https:\/\/pubeurope.com\/@fr\/115744613403222231","error":""},"_links":{"self":[{"href":"https:\/\/www.europesays.com\/fr\/wp-json\/wp\/v2\/posts\/608889","targetHints":{"allow":["GET"]}}],"collection":[{"href":"https:\/\/www.europesays.com\/fr\/wp-json\/wp\/v2\/posts"}],"about":[{"href":"https:\/\/www.europesays.com\/fr\/wp-json\/wp\/v2\/types\/post"}],"author":[{"embeddable":true,"href":"https:\/\/www.europesays.com\/fr\/wp-json\/wp\/v2\/users\/2"}],"replies":[{"embeddable":true,"href":"https:\/\/www.europesays.com\/fr\/wp-json\/wp\/v2\/comments?post=608889"}],"version-history":[{"count":0,"href":"https:\/\/www.europesays.com\/fr\/wp-json\/wp\/v2\/posts\/608889\/revisions"}],"wp:featuredmedia":[{"embeddable":true,"href":"https:\/\/www.europesays.com\/fr\/wp-json\/wp\/v2\/media\/608890"}],"wp:attachment":[{"href":"https:\/\/www.europesays.com\/fr\/wp-json\/wp\/v2\/media?parent=608889"}],"wp:term":[{"taxonomy":"category","embeddable":true,"href":"https:\/\/www.europesays.com\/fr\/wp-json\/wp\/v2\/categories?post=608889"},{"taxonomy":"post_tag","embeddable":true,"href":"https:\/\/www.europesays.com\/fr\/wp-json\/wp\/v2\/tags?post=608889"}],"curies":[{"name":"wp","href":"https:\/\/api.w.org\/{rel}","templated":true}]}}