{"id":608893,"date":"2025-12-19T05:37:14","date_gmt":"2025-12-19T05:37:14","guid":{"rendered":"https:\/\/www.europesays.com\/fr\/608893\/"},"modified":"2025-12-19T05:37:14","modified_gmt":"2025-12-19T05:37:14","slug":"pour-son-entree-en-lice-en-coupe-de-france-le-fc-nantes-na-plus-perdu-contre-une-equipe-de-division-inferieure-depuis-sa-defaite-a-concarneau-en-2009","status":"publish","type":"post","link":"https:\/\/www.europesays.com\/fr\/608893\/","title":{"rendered":"Pour son entr\u00e9e en lice en Coupe de France, le FC Nantes n\u2019a plus perdu contre une \u00e9quipe de division inf\u00e9rieure depuis sa d\u00e9faite \u00e0 Concarneau en 2009"},"content":{"rendered":"<p>Coupe de France (32es de finale). US Concarneau &#8211; FC Nantes, dimanche (14 h 45)<\/p>\n<p>Pour mesurer la port\u00e9e de l\u2019exploit de l\u2019US Concarneau quand il a \u00e9limin\u00e9 3 \u00e0 0 le FC Nantes du 7e tour de la Coupe de France le dimanche 22 novembre 2009, une statistique suffit.<\/p>\n<p>Depuis cette date, le FC Nantes n\u2019a jamais perdu lors de son entr\u00e9e en lice en Coupe de France contre un adversaire d\u2019une division inf\u00e9rieure.<\/p>\n<p>Depuis l\u2019\u00e9dition 2009-10, les deux \u00e9liminations du quadruple vainqueur de la Coupe de France (1979, 1999, 2000, 2022) et du sextuple finaliste (1966, 1970, 1973, 1983, 1993, 2023) ont eu lieu en 32es de finale contre des \u00e9quipes de Ligue 1 : Nice (0-2) en 2013-2014 et Lens (2-4) en 2020-2021.<\/p>\n<p>Toutes les autres ann\u00e9es, les Canaris n\u2019ont pas manqu\u00e9 leur entr\u00e9e en lice, soit par ordre chronologique , des victoires \u00e0 Romagn\u00e9 (DSR), 1-7, en 2010-2011, au Bouscat (DRH), 1-3 apr\u00e8s prolongation, en 2011-2012, \u00e0 Romorantin (CFA) 0-1 en 2012-2013 au 7e tour, puis en 32es de finale contre le Club Franciscain (DH Martinique) 4-0 en 2014-2015, \u00e0 Blanc-Mesnil (R1), 0-2, en 2015-2016, \u00e0 Blois (N3), 1-2, en 2016-2017, \u00e0 Senlis (N3), 0-4, en 2017-2018, contre Ch\u00e2teauroux (L2), 4-0, en 2018-2019, \u00e0 Bayonne (N3), 0-2, en 2019-2020, \u00e0 Sochaux (L2), 0-0, 4-5 tab, en 2021-2022, \u00e0 Vire (N3), 0-2, en 2022-2023, \u00e0 Pau (L2), 1-4, en 2023-2024 et \u00e0 Drancy (N3), 1-4, en 2024-2025.<\/p>\n<p>Depuis ce funeste 22 novembre 2009, le FC Nantes n\u2019a perdu contre un adversaire inf\u00e9rieur de deux divisions ou plus que deux fois : lors du 8e tour de l\u2019\u00e9dition 2010-11 \u00e0 la TA Rennes (DH) aux tirs au but (2-2, 4-3) puis en 16es de finale de l\u2019\u00e9dition suivante \u00e0 Epinal (National) \u00e9galement aux tirs au but (1-1, 4-3).<\/p>\n","protected":false},"excerpt":{"rendered":"Coupe de France (32es de finale). US Concarneau &#8211; FC Nantes, dimanche (14 h 45) Pour mesurer la&hellip;\n","protected":false},"author":2,"featured_media":608894,"comment_status":"","ping_status":"","sticky":false,"template":"","format":"standard","meta":{"footnotes":""},"categories":[2818],"tags":[1111,11,1777,674,63,1011,27,766,12,2636,25,60,14656],"class_list":{"0":"post-608893","1":"post","2":"type-post","3":"status-publish","4":"format-standard","5":"has-post-thumbnail","7":"category-nantes","8":"tag-actu","9":"tag-actualites","10":"tag-eu","11":"tag-europe","12":"tag-football","13":"tag-fr","14":"tag-france","15":"tag-nantes","16":"tag-news","17":"tag-pays-de-la-loire","18":"tag-republique-francaise","19":"tag-sports","20":"tag-us-concarneau"},"share_on_mastodon":{"url":"https:\/\/pubeurope.com\/@fr\/115744620180627614","error":""},"_links":{"self":[{"href":"https:\/\/www.europesays.com\/fr\/wp-json\/wp\/v2\/posts\/608893","targetHints":{"allow":["GET"]}}],"collection":[{"href":"https:\/\/www.europesays.com\/fr\/wp-json\/wp\/v2\/posts"}],"about":[{"href":"https:\/\/www.europesays.com\/fr\/wp-json\/wp\/v2\/types\/post"}],"author":[{"embeddable":true,"href":"https:\/\/www.europesays.com\/fr\/wp-json\/wp\/v2\/users\/2"}],"replies":[{"embeddable":true,"href":"https:\/\/www.europesays.com\/fr\/wp-json\/wp\/v2\/comments?post=608893"}],"version-history":[{"count":0,"href":"https:\/\/www.europesays.com\/fr\/wp-json\/wp\/v2\/posts\/608893\/revisions"}],"wp:featuredmedia":[{"embeddable":true,"href":"https:\/\/www.europesays.com\/fr\/wp-json\/wp\/v2\/media\/608894"}],"wp:attachment":[{"href":"https:\/\/www.europesays.com\/fr\/wp-json\/wp\/v2\/media?parent=608893"}],"wp:term":[{"taxonomy":"category","embeddable":true,"href":"https:\/\/www.europesays.com\/fr\/wp-json\/wp\/v2\/categories?post=608893"},{"taxonomy":"post_tag","embeddable":true,"href":"https:\/\/www.europesays.com\/fr\/wp-json\/wp\/v2\/tags?post=608893"}],"curies":[{"name":"wp","href":"https:\/\/api.w.org\/{rel}","templated":true}]}}