{"id":608956,"date":"2025-12-19T06:33:15","date_gmt":"2025-12-19T06:33:15","guid":{"rendered":"https:\/\/www.europesays.com\/fr\/608956\/"},"modified":"2025-12-19T06:33:15","modified_gmt":"2025-12-19T06:33:15","slug":"voici-les-6-aliments-a-supprimer-de-votre-assiette-pour-vivre-plus-longtemps","status":"publish","type":"post","link":"https:\/\/www.europesays.com\/fr\/608956\/","title":{"rendered":"voici les 6 aliments \u00e0 supprimer de votre assiette pour vivre plus longtemps"},"content":{"rendered":"<p>Ce que nous mangeons et ce que nous buvons influence directement<br \/>\nune multitude d\u00a0\u00bbaspects de notre quotidien. Le poids, \u00e9videmment,<br \/>\nmais aussi la sant\u00e9 globale, la qualit\u00e9 de la peau, des cheveux et<br \/>\ndes ongles, la fatigue, la concentration, sans oublier les<br \/>\nperformances sportives ou professionnelles. Si certains exc\u00e8s sont<br \/>\nconnus, d&rsquo;autres choix alimentaires, en apparence anodins, le sont<br \/>\nbeaucoup moins. Dans une interview accord\u00e9e \u00e0 CNBC, le chirurgien<br \/>\nesth\u00e9tique am\u00e9ricain Anthony Youn a dress\u00e9 la liste de <a href=\"https:\/\/www.grazia.fr\/beaute\/forme-minceur\/selon-un-medecin-minceur-cet-aliment-quon-a-dans-notre-cuisine-permet-de-perdre-du-poids-sans-changer-dalimentation-1018542.html\" rel=\"nofollow noopener\" target=\"_blank\"><br \/>\nsix aliments \u00e0 \u00e9viter<\/a> pour pr\u00e9server sa sant\u00e9 et vivre plus<br \/>\nlongtemps. Des propos ensuite d\u00e9crypt\u00e9s par la<br \/>\ndi\u00e9t\u00e9ticienne-nutritionniste Alexandra Murcier dans<br \/>\nDoctissimo.<\/p>\n<p>Les aliments qui acc\u00e9l\u00e8rent le vieillissement sans qu&rsquo;on y<br \/>\npense<\/p>\n<p>Avant d&rsquo;augmenter le nombre de s\u00e9ances \u00e0 la salle de sport ou<br \/>\nd&rsquo;envisager quelques piq\u00fbres chez un chirurgien esth\u00e9tique, il est<br \/>\nessentiel de regarder de pr\u00e8s le contenu de son assiette. Le Dr<br \/>\nAnthony Youn rappelle que <strong>l&rsquo;alimentation joue un r\u00f4le cl\u00e9<br \/>\ndans les m\u00e9canismes de vieillissement<\/strong>. Bien s\u00fbr, les<br \/>\nsodas, les plats industriels et les exc\u00e8s de sucre font partie des<br \/>\ncoupables bien connus. Mais le m\u00e9decin insiste sur le fait que<br \/>\nd&rsquo;autres aliments, parfois consomm\u00e9s sans arri\u00e8re-pens\u00e9e, m\u00e9ritent<br \/>\naussi d&rsquo;\u00eatre limit\u00e9s au quotidien.<\/p>\n<p>Parmi eux, <strong>les aliments br\u00fbl\u00e9s ou carbonis\u00e9s<\/strong>.<br \/>\nViandes trop grill\u00e9es, bacon croustillant ou aliments noircis<br \/>\nproduisent des substances qui favorisent l&rsquo;inflammation, augmentent<br \/>\nle risque de cancer et acc\u00e9l\u00e8rent le vieillissement cellulaire.<br \/>\n<strong>Les boissons sucr\u00e9es<\/strong> constituent un autre point<br \/>\nd&rsquo;alerte. Jus, sodas ou th\u00e9s glac\u00e9s industriels provoquent des pics<br \/>\nde glyc\u00e9mie responsables du ph\u00e9nom\u00e8ne de glycation. Attention<br \/>\n\u00e9galement aux boissons qui affichent une image saine. Une eau<br \/>\naromatis\u00e9e peut contenir suffisamment de sucre pour ne plus \u00eatre<br \/>\nanodine pour la sant\u00e9, <strong>malgr\u00e9 son apparence<br \/>\n\u00ab\u00a0healthy\u00a0\u00bb<\/strong>.<\/p>\n<p>Pourquoi les produits laitiers posent-ils probl\u00e8me ?<\/p>\n<p><strong>Les collations ultra-transform\u00e9es<\/strong> font partie<br \/>\ndes aliments qui vont presque de soi lorsqu&rsquo;on parle de<br \/>\nvieillissement pr\u00e9matur\u00e9. Barres de c\u00e9r\u00e9ales, biscuits, chips,<br \/>\nbonbons ou g\u00e2teaux industriels contiennent souvent une combinaison<br \/>\npeu favorable d&rsquo;additifs, de conservateurs et de sucres raffin\u00e9s.<br \/>\nLeur faible teneur en fibres entra\u00eene des variations rapides de la<br \/>\nglyc\u00e9mie, ce qui sollicite excessivement l&rsquo;organisme sur le long<br \/>\nterme. Anthony Youn souligne que ces aliments n&rsquo;apportent que peu<br \/>\nde b\u00e9n\u00e9fices nutritionnels, tout en surchargeant le corps.<\/p>\n<p>Plus surprenant, <strong>la surconsommation de produits<br \/>\nlaitiers<\/strong> reste encore largement m\u00e9connue du grand public.<br \/>\nSelon le chirurgien, le lactose et la cas\u00e9ine peuvent <strong>avoir<br \/>\nun effet inflammatoire<\/strong> chez certaines personnes et<br \/>\nimpacter la qualit\u00e9 de la peau. De nombreux professionnels de sant\u00e9<br \/>\nrecommandent alors de se tourner vers <a href=\"https:\/\/www.grazia.fr\/cuisine\/actualite-food\/alternative-au-lait-de-vache-quel-lait-vegetal-est-le-meilleur-106108.html\" rel=\"nofollow noopener\" target=\"_blank\"><br \/>\ndes laits v\u00e9g\u00e9taux<\/a>. L\u00e0 encore, la vigilance reste de mise.<br \/>\nCertains produits affichent des compositions riches en sucres<br \/>\najout\u00e9s, ce qui annule rapidement leurs b\u00e9n\u00e9fices initiaux.<\/p>\n<blockquote class=\"tiktok-embed\" cite=\"https:\/\/www.tiktok.com\/@rtl.officiel\/video\/7502371534846070038\" data-video-id=\"7502371534846070038\" style=\"max-width: 605px;min-width: 325px;\"><p>\n<a target=\"_blank\" href=\"https:\/\/www.tiktok.com\/@rtl.officiel\/video\/7502371534846070038\" rel=\"nofollow noopener\"><img decoding=\"async\" src=\"https:\/\/www.tiktok.com\/img\/logo.png\" alt=\"TikTok Logo\"\/><\/a>\n<\/p><\/blockquote>\n<p>R\u00e9\u00e9quilibrer ses assiettes sans tomber<br \/>\ndans l&rsquo;exc\u00e8s<\/p>\n<p>Les aliments trop sal\u00e9s sont d&rsquo;autres aliments \u00e0 limiter.<br \/>\n<strong>Un exc\u00e8s de sel favorise la r\u00e9tention d&rsquo;eau et peut donner<br \/>\n\u00e0 la peau un aspect gonfl\u00e9 et fatigu\u00e9<\/strong>. \u00c0 cela s&rsquo;ajoutent<br \/>\n<strong>les c\u00e9r\u00e9ales raffin\u00e9es<\/strong>, comme le pain blanc, le<br \/>\nriz blanc ou les p\u00e2tes classiques. Le raffinage \u00e9limine une grande<br \/>\npartie des fibres et des nutriments, ce qui favorise \u00e0 nouveau des<br \/>\npics de glyc\u00e9mie.<\/p>\n<p>M\u00eame si cela peut sembler complexe, adopter une alimentation<br \/>\n\u00e9quilibr\u00e9e n&rsquo;a rien d&rsquo;inaccessible une fois que l&rsquo;on a int\u00e9gr\u00e9 les<br \/>\nbons r\u00e9flexes. Il est recommand\u00e9 d&rsquo;adopter <a href=\"https:\/\/www.grazia.fr\/beaute\/forme-minceur\/un-retardateur-de-vieillissement-cette-boisson-aux-champignons-qui-remplace-le-cafe-et-le-the-est-deux-fois-plus-concentre-en-antioxydants-1034029.html\" rel=\"nofollow noopener\" target=\"_blank\"><br \/>\nune alimentation riche en antioxydants<\/a>, de <strong>varier les<br \/>\nsources de nutriments<\/strong> et de rester attentif aux \u00e9tiquettes<br \/>\ndes produits achet\u00e9s au supermarch\u00e9. La di\u00e9t\u00e9ticienne rappelle<br \/>\n\u00e9galement : \u00ab\u00a0Des nutriments comme le zinc, le s\u00e9l\u00e9nium et la<br \/>\nvitamine C, pr\u00e9sents dans les fruits et les l\u00e9gumes, permettent de<br \/>\nlutter contre le stress oxydatif caus\u00e9 par le tabac, la pollution<br \/>\nou encore l&rsquo;alcool.\u00a0\u00bb Enfin, il reste important de se faire<br \/>\nplaisir de temps en temps pour \u00e9viter toute frustration.<br \/>\n<strong>Tout est, toujours, une question d&rsquo;\u00e9quilibre<\/strong>.<\/p>\n<p><script async src=\"\/\/www.tiktok.com\/embed.js\"><\/script><\/p>\n","protected":false},"excerpt":{"rendered":"Ce que nous mangeons et ce que nous buvons influence directement une multitude d\u00a0\u00bbaspects de notre quotidien. Le&hellip;\n","protected":false},"author":2,"featured_media":608957,"comment_status":"","ping_status":"","sticky":false,"template":"","format":"standard","meta":{"footnotes":""},"categories":[10],"tags":[28015,13041,489,50169,17488,13967,1805,932,71452,1011,27,72,151,29723,378,471,71,7323,3681,6013,15161],"class_list":{"0":"post-608956","1":"post","2":"type-post","3":"status-publish","4":"format-standard","5":"has-post-thumbnail","7":"category-sante","8":"tag-28015","9":"tag-a","10":"tag-aliments","11":"tag-assiette","12":"tag-ce","13":"tag-chirurgien","14":"tag-de","15":"tag-est","16":"tag-formel","17":"tag-fr","18":"tag-france","19":"tag-health","20":"tag-les","21":"tag-longtemps","22":"tag-plus","23":"tag-pour","24":"tag-sante","25":"tag-supprimer","26":"tag-vivre","27":"tag-voici","28":"tag-votre"},"share_on_mastodon":{"url":"https:\/\/pubeurope.com\/@fr\/115744841244370133","error":""},"_links":{"self":[{"href":"https:\/\/www.europesays.com\/fr\/wp-json\/wp\/v2\/posts\/608956","targetHints":{"allow":["GET"]}}],"collection":[{"href":"https:\/\/www.europesays.com\/fr\/wp-json\/wp\/v2\/posts"}],"about":[{"href":"https:\/\/www.europesays.com\/fr\/wp-json\/wp\/v2\/types\/post"}],"author":[{"embeddable":true,"href":"https:\/\/www.europesays.com\/fr\/wp-json\/wp\/v2\/users\/2"}],"replies":[{"embeddable":true,"href":"https:\/\/www.europesays.com\/fr\/wp-json\/wp\/v2\/comments?post=608956"}],"version-history":[{"count":0,"href":"https:\/\/www.europesays.com\/fr\/wp-json\/wp\/v2\/posts\/608956\/revisions"}],"wp:featuredmedia":[{"embeddable":true,"href":"https:\/\/www.europesays.com\/fr\/wp-json\/wp\/v2\/media\/608957"}],"wp:attachment":[{"href":"https:\/\/www.europesays.com\/fr\/wp-json\/wp\/v2\/media?parent=608956"}],"wp:term":[{"taxonomy":"category","embeddable":true,"href":"https:\/\/www.europesays.com\/fr\/wp-json\/wp\/v2\/categories?post=608956"},{"taxonomy":"post_tag","embeddable":true,"href":"https:\/\/www.europesays.com\/fr\/wp-json\/wp\/v2\/tags?post=608956"}],"curies":[{"name":"wp","href":"https:\/\/api.w.org\/{rel}","templated":true}]}}