{"id":608986,"date":"2025-12-19T06:53:13","date_gmt":"2025-12-19T06:53:13","guid":{"rendered":"https:\/\/www.europesays.com\/fr\/608986\/"},"modified":"2025-12-19T06:53:13","modified_gmt":"2025-12-19T06:53:13","slug":"a-rouen-des-visites-virtuelles-pour-decouvrir-les-eglises-comme-vous-ne-les-avez-jamais-vues","status":"publish","type":"post","link":"https:\/\/www.europesays.com\/fr\/608986\/","title":{"rendered":"\u00c0 Rouen, des visites virtuelles pour d\u00e9couvrir les \u00e9glises comme vous ne les avez jamais vues"},"content":{"rendered":"<p>                    Par<br \/>\n        <strong><br \/>\n            <a href=\"https:\/\/actu.fr\/auteur\/fmass\" title=\"Consulter tous les articles de Fabien Massin\" target=\"_blank\" rel=\"noopener\">Fabien Massin<\/a><br \/>\n                    <\/strong><\/p>\n<p>        Publi\u00e9 le<\/p>\n<p>            19 d\u00e9c. 2025 \u00e0 7h02        <\/p>\n<p>D\u00e9couvrez les tr\u00e9sors derri\u00e8re ces portes closes. \u00c0 <a href=\"https:\/\/actu.fr\/normandie\/rouen_76540\" target=\"_blank\" rel=\"noopener\">Rouen (Seine-Maritime)<\/a>, c\u2019est ce que propose la soci\u00e9t\u00e9 Juumo, sp\u00e9cialis\u00e9e dans la r\u00e9alisation de<strong> visites virtuelles de lieux<\/strong>, en lan\u00e7ant un dispositif en ligne de d\u00e9couvertes d\u2019\u00e9glises rouennaises. Des \u00e9glises dont certaines ne sont <strong>pas ouvertes au public<\/strong> en dehors des temps de culte et <strong>qui restent donc largement m\u00e9connues.\u00a0<\/strong><\/p>\n<p>Un acc\u00e8s payant \u00e0 3 euros<\/p>\n<p class=\" wall-content\">Pour ce projet, Juumo s\u2019est associ\u00e9 \u00e0 CathoRouen (rassemblement de quatre paroisses de la rive droite) et \u00e0 <a href=\"https:\/\/actu.fr\/normandie\/rouen_76540\/qui-est-elodie-passionnee-par-les-secrets-de-rouen-et-star-des-reseaux-sociaux_62124648.html\" target=\"_blank\" rel=\"noopener\">\u00c9lodie, guide locale ind\u00e9pendante<\/a> cr\u00e9atrice de contenus avec son compagnon Pierre. Dans un premier temps, des visites dans quatre \u00e9glises seront disponibles : <strong>Sainte Jeanne-d\u2019Arc, Saint Maclou, Saint Godard et Saint Gervais<\/strong>, les deux derni\u00e8res \u00e9tant les moins accessibles au grand public.\u00a0<\/p>\n<p class=\" wall-content\">Comment \u00e7a marche ? \u00ab\u00a0Tout se fait 100 % sur le web, pas via une application, nous avons pens\u00e9 que c\u2019\u00e9tait plus simple comme cela,<strong> explique Tom Laurent, co-fondateur de Juumo<\/strong>. On acc\u00e8de \u00e0 la visite virtuelle par un QR code, que l\u2019on retrouve devant et \u00e0 l\u2019int\u00e9rieur des \u00e9glises, ainsi que sur des magnets.\u00a0\u00bb De chez soi on peut \u00e9galement aller directement sur la<a href=\"https:\/\/saintejeannedarc.juumo.fr\/fr-fr\" target=\"_blank\" rel=\"noopener\"> page web<\/a> consacr\u00e9e aux \u00e9glises.\u00a0<\/p>\n<p class=\" wall-content\">\u00c0 partir de l\u00e0, on peut naviguer dans les \u00e9glises, mais la visite va bien au-del\u00e0 <strong>si l\u2019on souscrit au service payant<\/strong>, d\u2019un montant de 3 euros (r\u00e9partis ensuite entre les trois partenaires) : on acc\u00e8de \u00e0 des vid\u00e9os \u2014 o\u00f9 intervient la guide \u00c9lodie \u2014 sur tel ou tel aspect de l\u2019\u00e9difice (vitraux, chapelles, curiosit\u00e9s), on visite une crypte, on va sur les toits et recoins des \u00e9glises, etc.<\/p>\n<p>Une alternative aux visites classiques<\/p>\n<p class=\" wall-content\"><strong>Pour cela, un drone est utilis\u00e9 dans la r\u00e9alisation des contenus<\/strong>. \u00c0 terme, les informations seront \u00e9galement disponibles en anglais, espagnol et italien. Pour bien profiter de toute la visite, compter entre 20 et 45 minutes selon les \u00e9difices, mais on peut bien s\u00fbr le faire \u00e0 son rythme et en plusieurs fois, sur place ou chez soi.\u00a0\u00a0<\/p>\n<p class=\" wall-content\">\u00ab\u00a0L\u2019id\u00e9e est \u00e0 la fois de faire entrer les gens dans des lieux peu accessibles et de proposer une alternative \u00e0 ceux qui ne peuvent pas suivre une visite guid\u00e9e classique\u00a0\u00bb, souligne Tom Laurent.\u00a0<\/p>\n<p>Votre r\u00e9gion, votre actu !<\/p>\n<p>Recevez chaque jour les infos qui comptent pour vous.<\/p>\n<p>\t<a href=\"https:\/\/actu.fr\/newsletter\" class=\"ac-btn ac-btn--corner ac-btn--medium ac-btn--blue800\" target=\"_blank\" rel=\"noopener\">S&rsquo;incrire<\/a><\/p>\n<p class=\" wall-content\">Apr\u00e8s les quatre premi\u00e8res \u00e9glises,<strong> la cath\u00e9drale de Rouen devrait suivre<\/strong>, et selon le succ\u00e8s de l\u2019op\u00e9ration, \u00ab\u00a0pourquoi pas ensuite, s\u2019int\u00e9resser \u00e0 d\u2019autres monuments et dans d\u2019autres villes\u00a0\u00bb, indique Tom Laurent.\u00a0<\/p>\n<p>    <img   decoding=\"async\" loading=\"lazy\" src=\"https:\/\/www.europesays.com\/fr\/wp-content\/uploads\/2025\/12\/eglises-rouen-visite-virtuelle-960x640.jpg\" alt=\"On d\u00e9couvre les \u00e9difices jusque dans des endroits inaccessible autrement que par drone. \" width=\"960\" height=\"640\"\/><br \/>\n    On d\u00e9couvre les \u00e9difices jusque dans des endroits inaccessibles autrement que par drone. (\u00a9Capture d\u2019\u00e9cran\/Juumo)<\/p>\n<p class=\" wall-content\">*Saint Filleul (\u00e9glises du Sacr\u00e9 C\u0153ur \u2013 Sainte Madeleine \u2013 Saint Gervais), Notre Dame de Rouen Centre (\u00e9glises Sainte Jeanne d\u2019Arc \u2013 Saint Godard \u2013 Saint Patrice), Saint Jean XXIII (\u00e9glises Saint Romain \u2013 Saint Joseph), Saint Marc<\/p>\n<p>Suivez l\u2019actualit\u00e9 de Rouen sur notre <a href=\"https:\/\/www.whatsapp.com\/channel\/0029VaKfnf99hXF2ddApFB1D\" target=\"_blank\" rel=\"noopener\">cha\u00eene WhatsApp<\/a> et sur notre <a href=\"https:\/\/www.tiktok.com\/@76actu.fr?lang=fr\" target=\"_blank\" rel=\"noopener\">compte TikTok<\/a><\/p>\n<p class=\" wall-content\">Personnalisez votre actualit\u00e9 en ajoutant vos villes et m\u00e9dias en favori avec <a href=\"https:\/\/moncompte.actu.fr\" title=\"D\u00e9couvez Mon Actu\" rel=\"nofollow noopener\" data-trk=\"{&quot;cta&quot;:{&quot;action&quot;:&quot;https:\\\/\\\/moncompte.actu.fr&quot;,&quot;category&quot;:&quot;mon compte&quot;,&quot;from&quot;:&quot;article footer&quot;,&quot;name&quot;:&quot;Mon actu&quot;,&quot;type&quot;:&quot;cta&quot;}}\" target=\"_blank\">Mon Actu<\/a>.<\/p>\n<p>                    <script async src=\"\/\/www.tiktok.com\/embed.js\"><\/script><\/p>\n","protected":false},"excerpt":{"rendered":"Par Fabien Massin Publi\u00e9 le 19 d\u00e9c. 2025 \u00e0 7h02 D\u00e9couvrez les tr\u00e9sors derri\u00e8re ces portes closes. \u00c0&hellip;\n","protected":false},"author":2,"featured_media":608987,"comment_status":"","ping_status":"","sticky":false,"template":"","format":"standard","meta":{"footnotes":""},"categories":[9587],"tags":[1111,11,9086,1777,674,1011,27,58904,12,5161,2551,25,9590],"class_list":{"0":"post-608986","1":"post","2":"type-post","3":"status-publish","4":"format-standard","5":"has-post-thumbnail","7":"category-rouen","8":"tag-actu","9":"tag-actualites","10":"tag-bon-plan-a-rouen","11":"tag-eu","12":"tag-europe","13":"tag-fr","14":"tag-france","15":"tag-histoire-patrimoine","16":"tag-news","17":"tag-normandie","18":"tag-patrimoine","19":"tag-republique-francaise","20":"tag-rouen"},"share_on_mastodon":{"url":"https:\/\/pubeurope.com\/@fr\/115744919720680430","error":""},"_links":{"self":[{"href":"https:\/\/www.europesays.com\/fr\/wp-json\/wp\/v2\/posts\/608986","targetHints":{"allow":["GET"]}}],"collection":[{"href":"https:\/\/www.europesays.com\/fr\/wp-json\/wp\/v2\/posts"}],"about":[{"href":"https:\/\/www.europesays.com\/fr\/wp-json\/wp\/v2\/types\/post"}],"author":[{"embeddable":true,"href":"https:\/\/www.europesays.com\/fr\/wp-json\/wp\/v2\/users\/2"}],"replies":[{"embeddable":true,"href":"https:\/\/www.europesays.com\/fr\/wp-json\/wp\/v2\/comments?post=608986"}],"version-history":[{"count":0,"href":"https:\/\/www.europesays.com\/fr\/wp-json\/wp\/v2\/posts\/608986\/revisions"}],"wp:featuredmedia":[{"embeddable":true,"href":"https:\/\/www.europesays.com\/fr\/wp-json\/wp\/v2\/media\/608987"}],"wp:attachment":[{"href":"https:\/\/www.europesays.com\/fr\/wp-json\/wp\/v2\/media?parent=608986"}],"wp:term":[{"taxonomy":"category","embeddable":true,"href":"https:\/\/www.europesays.com\/fr\/wp-json\/wp\/v2\/categories?post=608986"},{"taxonomy":"post_tag","embeddable":true,"href":"https:\/\/www.europesays.com\/fr\/wp-json\/wp\/v2\/tags?post=608986"}],"curies":[{"name":"wp","href":"https:\/\/api.w.org\/{rel}","templated":true}]}}