{"id":608994,"date":"2025-12-19T06:58:13","date_gmt":"2025-12-19T06:58:13","guid":{"rendered":"https:\/\/www.europesays.com\/fr\/608994\/"},"modified":"2025-12-19T06:58:13","modified_gmt":"2025-12-19T06:58:13","slug":"lexposition-vente-des-seiz-breur-aux-seiz-avel-se-poursuit-jusquau-21-decembre-aux-lices","status":"publish","type":"post","link":"https:\/\/www.europesays.com\/fr\/608994\/","title":{"rendered":"l\u2019exposition-vente \u00ab Des Seiz Breur aux Seiz Avel \u00bb se poursuit jusqu\u2019au 21 d\u00e9cembre aux Lices"},"content":{"rendered":"<p>Depuis mercredi, Rennes Ench\u00e8res Bretagne accueille au c\u0153ur de la place des Lices une exposition-vente consacr\u00e9e aux cr\u00e9ateurs d\u2019Ar Seiz Avel, jeune fondation d\u00e9di\u00e9e \u00e0 la promotion de l\u2019art contemporain inspir\u00e9 par la Bretagne. L\u2019\u00e9v\u00e9nement, intitul\u00e9 \u00ab Des Seiz Breur aux Seiz Avel \u00bb, se d\u00e9roule jusqu\u2019au dimanche 21 d\u00e9cembre, avec un programme m\u00ealant vente directe d\u2019\u0153uvres, conf\u00e9rences et rencontres avec les artistes.<\/p>\n<p><strong>L\u2019objectif affich\u00e9 est clair : mettre en lumi\u00e8re une nouvelle g\u00e9n\u00e9ration de cr\u00e9ateurs enracin\u00e9s dans le territoire, et rendre leurs productions accessibles au public. Gravures, sculptures, bijoux, c\u00e9ramiques, textiles, mobilier ou encore peintures sont expos\u00e9s et propos\u00e9s \u00e0 la vente, dans un esprit de transmission et d\u2019ouverture. Les visiteurs peuvent ainsi d\u00e9couvrir le travail exigeant de ces artistes qui, chacun \u00e0 leur mani\u00e8re, r\u00e9interpr\u00e8tent le patrimoine culturel breton dans une perspective contemporaine.<\/strong><\/p>\n<p>La dimension culturelle de l\u2019\u00e9v\u00e9nement ne se limite pas aux \u0153uvres. Un cycle de conf\u00e9rences est \u00e9galement organis\u00e9, abordant des th\u00e9matiques vari\u00e9es comme l\u2019architecture bretonne, l\u2019influence du patrimoine celte, ou encore la place des nouvelles technologies dans la cr\u00e9ation artistique. Des personnalit\u00e9s qualifi\u00e9es issues de Bretagne mais aussi d\u2019\u00c9cosse et d\u2019Irlande illustrent cette volont\u00e9 de renforcer les ponts entre l\u2019art breton et le monde celtique.<\/p>\n<p>L\u2019exposition s\u2019inscrit dans une d\u00e9marche plus large engag\u00e9e ces derni\u00e8res ann\u00e9es : soutenir les artistes locaux, encourager une production enracin\u00e9e et, surtout, offrir des d\u00e9bouch\u00e9s concrets \u00e0 ces cr\u00e9ateurs. \u00c0 noter \u00e9galement qu\u2019un aper\u00e7u des pi\u00e8ces qui seront mises aux ench\u00e8res lors de la vente Bretagne Moderne du 19 janvier 2026 est pr\u00e9sent\u00e9 sur place, permettant au public de d\u00e9couvrir en avant-premi\u00e8re les \u0153uvres qui feront l\u2019actualit\u00e9 artistique r\u00e9gionale d\u00e9but 2026.<\/p>\n<p>\u00c0 l\u2019heure o\u00f9 les march\u00e9s de No\u00ebl battent leur plein, cet \u00e9v\u00e9nement constitue une occasion rare d\u2019acqu\u00e9rir des \u0153uvres locales, r\u00e9alis\u00e9es en Bretagne, et de soutenir une dynamique artistique ind\u00e9pendante et enracin\u00e9e. Pour ceux qui n\u2019auraient pas encore eu l\u2019occasion de s\u2019y rendre, il reste trois jours pour d\u00e9couvrir le travail de ces cr\u00e9ateurs bretons, rencontrer les artistes et assister aux conf\u00e9rences pr\u00e9vues jusqu\u2019au dimanche 21 d\u00e9cembre, de 10 h \u00e0 12 h et de 14 h \u00e0 17 h, \u00e0 l\u2019H\u00f4tel des ventes, place des Lices.<\/p>\n<p><img fetchpriority=\"high\" decoding=\"async\" src=\"data:image\/svg+xml,%3Csvg%20xmlns=\" http:=\"\" alt=\"\" width=\"700\" height=\"990\" data-lazy- data-lazy- data-lazy-src=\"https:\/\/www.europesays.com\/fr\/wp-content\/uploads\/2025\/12\/seiz.png\"\/><\/p>\n<p>Cr\u00e9dit photo : DR<\/p>\n<p>[cc]\u00a0<a href=\"http:\/\/breizh-info.com\/\" target=\"_blank\" rel=\"noopener\" data-saferedirecturl=\"https:\/\/www.google.com\/url?q=http:\/\/breizh-info.com\/&amp;source=gmail&amp;ust=1669399506105000&amp;usg=AOvVaw0etmiWJT9QYt-RQiCAPeFF\">Breizh-info.com<\/a>, 2025, d\u00e9p\u00eaches libres de copie et de diffusion sous r\u00e9serve de mention et de lien vers la source d\u2019origine<\/p>\n","protected":false},"excerpt":{"rendered":"Depuis mercredi, Rennes Ench\u00e8res Bretagne accueille au c\u0153ur de la place des Lices une exposition-vente consacr\u00e9e aux cr\u00e9ateurs&hellip;\n","protected":false},"author":2,"featured_media":608995,"comment_status":"","ping_status":"","sticky":false,"template":"","format":"standard","meta":{"footnotes":""},"categories":[2821],"tags":[1111,11,72017,72018,2937,829,50392,1777,674,72019,1011,27,12,72020,584,72021,25,72022,7458],"class_list":{"0":"post-608994","1":"post","2":"type-post","3":"status-publish","4":"format-standard","5":"has-post-thumbnail","7":"category-rennes","8":"tag-actu","9":"tag-actualites","10":"tag-ar-seiz-avel","11":"tag-art-breton","12":"tag-artistes","13":"tag-bretagne","14":"tag-creation-contemporaine","15":"tag-eu","16":"tag-europe","17":"tag-exposition-rennes","18":"tag-fr","19":"tag-france","20":"tag-news","21":"tag-patrimoine-breton","22":"tag-rennes","23":"tag-rennes-encheres-bretagne","24":"tag-republique-francaise","25":"tag-seiz-breur","26":"tag-vente-aux-encheres"},"share_on_mastodon":{"url":"https:\/\/pubeurope.com\/@fr\/115744938754439686","error":""},"_links":{"self":[{"href":"https:\/\/www.europesays.com\/fr\/wp-json\/wp\/v2\/posts\/608994","targetHints":{"allow":["GET"]}}],"collection":[{"href":"https:\/\/www.europesays.com\/fr\/wp-json\/wp\/v2\/posts"}],"about":[{"href":"https:\/\/www.europesays.com\/fr\/wp-json\/wp\/v2\/types\/post"}],"author":[{"embeddable":true,"href":"https:\/\/www.europesays.com\/fr\/wp-json\/wp\/v2\/users\/2"}],"replies":[{"embeddable":true,"href":"https:\/\/www.europesays.com\/fr\/wp-json\/wp\/v2\/comments?post=608994"}],"version-history":[{"count":0,"href":"https:\/\/www.europesays.com\/fr\/wp-json\/wp\/v2\/posts\/608994\/revisions"}],"wp:featuredmedia":[{"embeddable":true,"href":"https:\/\/www.europesays.com\/fr\/wp-json\/wp\/v2\/media\/608995"}],"wp:attachment":[{"href":"https:\/\/www.europesays.com\/fr\/wp-json\/wp\/v2\/media?parent=608994"}],"wp:term":[{"taxonomy":"category","embeddable":true,"href":"https:\/\/www.europesays.com\/fr\/wp-json\/wp\/v2\/categories?post=608994"},{"taxonomy":"post_tag","embeddable":true,"href":"https:\/\/www.europesays.com\/fr\/wp-json\/wp\/v2\/tags?post=608994"}],"curies":[{"name":"wp","href":"https:\/\/api.w.org\/{rel}","templated":true}]}}