{"id":608996,"date":"2025-12-19T06:59:18","date_gmt":"2025-12-19T06:59:18","guid":{"rendered":"https:\/\/www.europesays.com\/fr\/608996\/"},"modified":"2025-12-19T06:59:18","modified_gmt":"2025-12-19T06:59:18","slug":"strasbourg-jean-philippe-maurer-demande-un-plan-departemental-de-lutte-contre-les-frelons-asiatiques","status":"publish","type":"post","link":"https:\/\/www.europesays.com\/fr\/608996\/","title":{"rendered":"Strasbourg. Jean-Philippe Maurer demande un plan d\u00e9partemental de lutte contre les frelons asiatiques"},"content":{"rendered":"<p>\u00ab\u00a0La <a href=\"https:\/\/www.dna.fr\/environnement\/2025\/09\/14\/face-a-l-envol-du-frelon-asiatique-dans-la-region-un-front-en-ordre-disperse\" target=\"_blank\" rel=\"noopener\">prolif\u00e9ration des frelons asiatiques<\/a> est devenue un ph\u00e9nom\u00e8ne massif dont le traitement est laiss\u00e9 \u00e0 l\u2019appr\u00e9ciation de chaque commune\u00a0\u00bb, observe Jean-Philippe Maurer (LR).<\/p>\n<p>Le vice-pr\u00e9sident de la CEA et conseiller municipal d\u2019opposition \u00e0 Strasbourg regrette \u00ab\u00a0les r\u00e9ponses et les strat\u00e9gies tr\u00e8s diverses\u00a0\u00bb qui vont \u00ab\u00a0de l\u2019inaction \u00e0 l\u2019intervention forte\u00a0\u00bb. Or, plaide-t-il, \u00ab\u00a0il s\u2019agit d\u2019endiguer cette prolif\u00e9ration par une action d\u2019ensemble coordonn\u00e9e et coh\u00e9rente\u00a0\u00bb.<\/p>\n<p>  Un courrier au pr\u00e9fet<\/p>\n<p>D\u2019o\u00f9 le courrier qu\u2019il vient d\u2019adresser au nouveau pr\u00e9fet du Bas-Rhin, <a href=\"https:\/\/www.dna.fr\/politique\/2025\/12\/01\/le-nouveau-prefet-du-bas-rhin-et-du-grand-est-amaury-de-saint-quentin-prend-ses-fonctions\" target=\"_blank\" rel=\"noopener\">Amaury de Saint-Quentin<\/a>, dans lequel il lui demande de \u00ab\u00a0mettre en place un plan d\u00e9partemental de lutte, pour accompagner et mobiliser toutes les parties concern\u00e9es\u00a0\u00bb. Et de faire remarquer au repr\u00e9sentant de l\u2019\u00c9tat que \u00ab\u00a0certains d\u00e9partements ont d\u00e9j\u00e0 adopt\u00e9 un tel plan de lutte contre les frelons asiatiques\u00a0\u00bb.<\/p>\n","protected":false},"excerpt":{"rendered":"\u00ab\u00a0La prolif\u00e9ration des frelons asiatiques est devenue un ph\u00e9nom\u00e8ne massif dont le traitement est laiss\u00e9 \u00e0 l\u2019appr\u00e9ciation de&hellip;\n","protected":false},"author":2,"featured_media":608997,"comment_status":"","ping_status":"","sticky":false,"template":"","format":"standard","meta":{"footnotes":""},"categories":[2820],"tags":[1111,11,3677,1984,2880,436,1777,674,107,1011,27,775,12,316,25,640],"class_list":{"0":"post-608996","1":"post","2":"type-post","3":"status-publish","4":"format-standard","5":"has-post-thumbnail","7":"category-strasbourg","8":"tag-actu","9":"tag-actualites","10":"tag-collectivite-europeenne-dalsace","11":"tag-conseil-municipal","12":"tag-edition-strasbourg","13":"tag-environnement","14":"tag-eu","15":"tag-europe","16":"tag-fil-info","17":"tag-fr","18":"tag-france","19":"tag-grand-est","20":"tag-news","21":"tag-politique","22":"tag-republique-francaise","23":"tag-strasbourg"},"share_on_mastodon":{"url":"https:\/\/pubeurope.com\/@fr\/115744942574425174","error":""},"_links":{"self":[{"href":"https:\/\/www.europesays.com\/fr\/wp-json\/wp\/v2\/posts\/608996","targetHints":{"allow":["GET"]}}],"collection":[{"href":"https:\/\/www.europesays.com\/fr\/wp-json\/wp\/v2\/posts"}],"about":[{"href":"https:\/\/www.europesays.com\/fr\/wp-json\/wp\/v2\/types\/post"}],"author":[{"embeddable":true,"href":"https:\/\/www.europesays.com\/fr\/wp-json\/wp\/v2\/users\/2"}],"replies":[{"embeddable":true,"href":"https:\/\/www.europesays.com\/fr\/wp-json\/wp\/v2\/comments?post=608996"}],"version-history":[{"count":0,"href":"https:\/\/www.europesays.com\/fr\/wp-json\/wp\/v2\/posts\/608996\/revisions"}],"wp:featuredmedia":[{"embeddable":true,"href":"https:\/\/www.europesays.com\/fr\/wp-json\/wp\/v2\/media\/608997"}],"wp:attachment":[{"href":"https:\/\/www.europesays.com\/fr\/wp-json\/wp\/v2\/media?parent=608996"}],"wp:term":[{"taxonomy":"category","embeddable":true,"href":"https:\/\/www.europesays.com\/fr\/wp-json\/wp\/v2\/categories?post=608996"},{"taxonomy":"post_tag","embeddable":true,"href":"https:\/\/www.europesays.com\/fr\/wp-json\/wp\/v2\/tags?post=608996"}],"curies":[{"name":"wp","href":"https:\/\/api.w.org\/{rel}","templated":true}]}}