{"id":609000,"date":"2025-12-19T07:02:19","date_gmt":"2025-12-19T07:02:19","guid":{"rendered":"https:\/\/www.europesays.com\/fr\/609000\/"},"modified":"2025-12-19T07:02:19","modified_gmt":"2025-12-19T07:02:19","slug":"modernise-par-benjamin-millepied-casse-noisette-enchante-lopera-de-nice","status":"publish","type":"post","link":"https:\/\/www.europesays.com\/fr\/609000\/","title":{"rendered":"Modernis\u00e9 par Benjamin Millepied, \u00ab\u00a0Casse-Noisette\u00a0\u00bb enchante l\u2019Op\u00e9ra de Nice"},"content":{"rendered":"<p class=\"fs-5 \">Casse-Noisette a pris ses quartiers \u00e0 l\u2019Op\u00e9ra de Nice. Le c\u00e9l\u00e8bre ballet de Tcha\u00efkovsky, modernis\u00e9 par le chor\u00e9graphe Benjamin Millepied, est jou\u00e9, \u00e0 guichet presque ferm\u00e9, jusqu\u2019au 31 d\u00e9cembre. Contrairement \u00e0 ce qui arrive souvent lorsque des metteurs en sc\u00e8ne contemporains s\u2019emparent d\u2019\u0153uvres anciennes et leur tordent le cou, ce rajeunissement garde \u00e0 l\u2019\u0153uvre sa fra\u00eecheur, son \u00e9lan, sa po\u00e9sie, sa beaut\u00e9. R\u00e9sultat : un total ravissement.<\/p>\n<p class=\"fs-5 \">L\u2019histoire : Clara s\u2019endort au milieu de ses jouets et r\u00eave d\u2019un casse-noisette se transformant en prince. Les d\u00e9cors de Paul Cox donnent l\u2019illusion de feuilleter un livre enfantin aux dessins na\u00effs, aux couleurs franches. Comme dans un grand dessin anim\u00e9, on assiste \u00e0 un combat entre de gros rats sympas et des dr\u00f4les de grenadiers. On voit pleuvoir des flocons comme dans un man\u00e8ge enchant\u00e9. Clara fait tourner un globe terrestre de ses mains r\u00eaveuses et voit d\u00e9filer devant elle les danses du monde. Tout virevolte, cabriole, dans un tournoiement color\u00e9. Un seul regret : la c\u00e9l\u00e8bre Valse des fleurs manque de charme, dans\u00e9e par un essaim de jardiniers dans un tempo pr\u00e9cipit\u00e9.<\/p>\n<p>        <img src=\"https:\/\/www.europesays.com\/fr\/wp-content\/uploads\/2025\/12\/1766127739_640_311b64f_upload-from-url-1-gknokvkdknck-data-art-16785081.jpg\"   loading=\"lazy\" decoding=\"async\" alt=\"Ce spectacle est pour Benjamin Millepied, l\u2019occasion de cr\u00e9er pour la premi\u00e8re fois une pi\u00e8ce \u00e0 l\u2019Op\u00e9ra de Nice. Photo dylan meiffret \" class=\"img-fluid position-absolute w-100 object-fit-cover rounded-2\" width=\"600\" height=\"400\"\/><\/p>\n<p>                                                                                Les danseurs du ballet de l\u2019Op\u00e9ra se distinguent<\/p>\n<p class=\"fs-5 \">Les danseurs du ballet de l\u2019Op\u00e9ra \u00e9clatent de jeunesse, de souplesse, d\u2019entrain. Leur compagnie s\u2019affirme comme l\u2019un des grands ballets fran\u00e7ais d\u2019aujourd\u2019hui. Dans ce tournoiement de gr\u00e2ce et de jeunesse, on a applaudi Ilenia Vinci et Zhani Lukaj, dans le r\u00f4le des parents ; Bernadette Sinues et Daniel Rodriguez, dans ceux de la f\u00e9\u00e9 et du prince ; Madeleine Pastor et Thomas Rousse, du c\u00f4t\u00e9 du jardin fleuri.<\/p>\n<p class=\"fs-5 \">Dans la fosse, l\u2019orchestre d\u00e9roule le velours chatoyant de la musique de Tcha\u00efkovski sous la baguette souple de Daniel Gil. La violoniste V\u00e9ra Novakova fait s\u2019envoler un charmant solo tandis qu\u2019on fr\u00e9mit au doux murmure des voix du ch\u0153ur.<\/p>\n<p class=\"fs-5 \">Apr\u00e8s Nice, Paris accueillera les danseurs ni\u00e7ois dans ce spectacle. Ce sera une nouvelle cons\u00e9cration parisienne pour l\u2019Op\u00e9ra de Nice apr\u00e8s sa triomphale production d\u2019Akhnaten, il y a un mois.<\/p>\n<p class=\"fs-5 \"><strong>Les artistes alertent sur leur pr\u00e9carit\u00e9<\/strong><\/p>\n<p class=\"fs-5 \">Le cri d\u2019alerte ne faisait pas partie du spectacle, et pour cause : sur les planches, la magie de Casse-Noisette est bien \u00e9trang\u00e8re \u00e0 la morosit\u00e9 des artistes, en coulisse. Avant le lever de rideau, des employ\u00e9s de l\u2019Op\u00e9ra de Nice ont fustig\u00e9 dans un discours leurs maigres r\u00e9mun\u00e9rations, alertant sur la situation critique que traversent notamment les jeunes recrues, de \u00ab grands talents \u00bb chass\u00e9s par \u00ab une grande pr\u00e9carit\u00e9 \u00bb. Avec des salaires exc\u00e9dant parfois \u00e0 peine le SMIC, ces travailleurs &#8211; pourtant tri\u00e9s sur le volet et venus du monde entier &#8211; peinent \u00e0 se loger dans la ville plus ch\u00e8re de France apr\u00e8s Paris. Les loyers exorbitants les poussent ainsi \u00e0 la d\u00e9mission.<\/p>\n<p class=\"fs-5 \">La non-valorisation des salaires inqui\u00e8te aussi les choristes, corps le moins bien pay\u00e9 de l\u2019op\u00e9ra, dont \u00ab l\u2019int\u00e9grit\u00e9 en tant que force artistique permanente \u00bb est \u00ab menac\u00e9e \u00bb. Dans un tract de soutien, la CGT indique que les danseurs \u00ab subissent \u00e9galement une accumulation de contrats courts et sont souvent remerci\u00e9s apr\u00e8s des ann\u00e9es de bons et loyaux services \u00bb, aux portes du CDI. Le syndicat rappelle aussi que les musiciens doivent entretenir leurs instruments quand la prime allou\u00e9e consacr\u00e9e n\u2019a jamais \u00e9t\u00e9 revaloris\u00e9e depuis 1984&#8230; malgr\u00e9 des co\u00fbts cinq \u00e0 dix fois plus importants aujourd\u2019hui. Enfin, les artistes ont de nouveau milit\u00e9 pour la construction d\u2019un auditorium symphonique d\u00e9di\u00e9 pour y o\u00f9 r\u00e9p\u00e9ter sans avoir \u00e0 se soucier des r\u00e9servations de la salle par un tiers.<\/p>\n<p class=\"fs-5 \">Rens. : du 17 au 31 d\u00e9cembre. De 19 \u00e0 47 euros. 04.92.17.40.40.<\/p>\n","protected":false},"excerpt":{"rendered":"Casse-Noisette a pris ses quartiers \u00e0 l\u2019Op\u00e9ra de Nice. Le c\u00e9l\u00e8bre ballet de Tcha\u00efkovsky, modernis\u00e9 par le chor\u00e9graphe&hellip;\n","protected":false},"author":2,"featured_media":609001,"comment_status":"","ping_status":"","sticky":false,"template":"","format":"standard","meta":{"footnotes":""},"categories":[2819],"tags":[1111,11,1777,674,1011,27,12,2401,882,25],"class_list":{"0":"post-609000","1":"post","2":"type-post","3":"status-publish","4":"format-standard","5":"has-post-thumbnail","7":"category-nice","8":"tag-actu","9":"tag-actualites","10":"tag-eu","11":"tag-europe","12":"tag-fr","13":"tag-france","14":"tag-news","15":"tag-nice","16":"tag-provence-alpes-cote-dazur","17":"tag-republique-francaise"},"share_on_mastodon":{"url":"https:\/\/pubeurope.com\/@fr\/115744955273736360","error":""},"_links":{"self":[{"href":"https:\/\/www.europesays.com\/fr\/wp-json\/wp\/v2\/posts\/609000","targetHints":{"allow":["GET"]}}],"collection":[{"href":"https:\/\/www.europesays.com\/fr\/wp-json\/wp\/v2\/posts"}],"about":[{"href":"https:\/\/www.europesays.com\/fr\/wp-json\/wp\/v2\/types\/post"}],"author":[{"embeddable":true,"href":"https:\/\/www.europesays.com\/fr\/wp-json\/wp\/v2\/users\/2"}],"replies":[{"embeddable":true,"href":"https:\/\/www.europesays.com\/fr\/wp-json\/wp\/v2\/comments?post=609000"}],"version-history":[{"count":0,"href":"https:\/\/www.europesays.com\/fr\/wp-json\/wp\/v2\/posts\/609000\/revisions"}],"wp:featuredmedia":[{"embeddable":true,"href":"https:\/\/www.europesays.com\/fr\/wp-json\/wp\/v2\/media\/609001"}],"wp:attachment":[{"href":"https:\/\/www.europesays.com\/fr\/wp-json\/wp\/v2\/media?parent=609000"}],"wp:term":[{"taxonomy":"category","embeddable":true,"href":"https:\/\/www.europesays.com\/fr\/wp-json\/wp\/v2\/categories?post=609000"},{"taxonomy":"post_tag","embeddable":true,"href":"https:\/\/www.europesays.com\/fr\/wp-json\/wp\/v2\/tags?post=609000"}],"curies":[{"name":"wp","href":"https:\/\/api.w.org\/{rel}","templated":true}]}}