{"id":609002,"date":"2025-12-19T07:03:12","date_gmt":"2025-12-19T07:03:12","guid":{"rendered":"https:\/\/www.europesays.com\/fr\/609002\/"},"modified":"2025-12-19T07:03:12","modified_gmt":"2025-12-19T07:03:12","slug":"pres-de-nice-les-stations-de-ski-ont-elles-assez-de-neige-pour-noel-on-fait-le-point","status":"publish","type":"post","link":"https:\/\/www.europesays.com\/fr\/609002\/","title":{"rendered":"Pr\u00e8s de Nice. Les stations de ski ont-elles assez de neige pour No\u00ebl ? On fait le point"},"content":{"rendered":"<p>                    Par<br \/>\n        <strong><br \/>\n            <a href=\"https:\/\/actu.fr\/auteur\/ugo-maillard\" title=\"Consulter tous les articles de Ugo Maillard\" target=\"_blank\" rel=\"noopener\">Ugo Maillard<\/a><br \/>\n                    <\/strong><\/p>\n<p>        Publi\u00e9 le<\/p>\n<p>            19 d\u00e9c. 2025 \u00e0 7h36        <\/p>\n<p>La neige sera-t-elle le premier cadeau de No\u00ebl des skieurs\u2009? \u00c0 quelques heures des vacances de f\u00eates de fin d\u2019ann\u00e9e, les <strong>stations de ski<\/strong> des <a href=\"https:\/\/actu.fr\/provence-alpes-cote-d-azur\/alpes-maritimes_06\" target=\"_blank\" rel=\"noopener\">Alpes-Maritimes<\/a> s\u2019appr\u00eatent \u00e0 accueillir la premi\u00e8re vague massive de clients. Pour les domaines \u00e0 proximit\u00e9 de <a href=\"https:\/\/actu.fr\/nice\/\" target=\"_blank\" rel=\"noopener\">Nice<\/a>, la <strong>saison hivernale 2025-2026<\/strong> va se lancer sous de bons auspices puisque les r\u00e9centes chutes de neige font le bonheur des acteurs \u00e9conomiques de la montagne. Une situation \u00e0 nuancer pusiqu\u2019<strong>aucun domaine ne peut ouvir plus de 50 % des pistes<\/strong>.<\/p>\n<p class=\" wall-content\">On fait le point sur le niveau d\u2019enneigement et sur le nombre de pistes ouvertes dans les stations de ski maralpines, alors que d\u2019importantes quantit\u00e9s de flocons sont attendues en d\u00e9but de semaine prochaine.<\/p>\n<p>Isola et Auron se portent bien<\/p>\n<p class=\" wall-content\">La saison hivernale a commenc\u00e9 en trombes dans le plus grand domaine des Alpes-Maritimes. Gr\u00e2ce \u00e0 des chutes de neige pr\u00e9coces, la station d\u2019<strong>Isola 2000<\/strong> a pu <a href=\"https:\/\/actu.fr\/provence-alpes-cote-d-azur\/nice_06088\/neige-cette-station-de-ski-proche-de-nice-ouvre-en-avant-premiere-voici-le-tarif_63497289.html\" target=\"_blank\" rel=\"noopener\">ouvrir en avance<\/a> lors du mois de d\u00e9cembre.<\/p>\n<p>    <a href=\"https:\/\/www.facebook.com\/plugins\/post.php?href=https%3A%2F%2Fwww.facebook.com%2FIsola2000%2Fposts%2Fpfbid0xGg1ma7b4vvU6mwgyqBdxuaytmDgECEJeGuPUW6XYozReKA5vBjbDpqv5XohPR3Sl&amp;show_text=true&amp;width=350\" title=\"Ouvrie le lien\" target=\"_blank\" rel=\"noopener\">Cliquez ici pour visualiser le contenu<\/a><\/p>\n<p class=\" wall-content\">Pour ce qui est des relev\u00e9s de ce jeudi 18\u00a0d\u00e9cembre, on mesure entre 60 et 75\u00a0cm de neige sur les pistes. Actuellement, 22 pistes sur 45 sont ouvertes, soit 49\u2009%.<\/p>\n<p class=\" wall-content\">Situation quasi similaire du c\u00f4t\u00e9 d\u2019<strong>Auron<\/strong>. La station de ski perch\u00e9e \u00e0 plus de 1600 m\u00e8tres d\u2019altitude a ouvert 16 des 43 pistes et affiche un niveau d\u2019enneigement mesur\u00e9 entre 50 et 56\u00a0cm.<\/p>\n<p>Des situations plus contrast\u00e9es<\/p>\n<p class=\" wall-content\">Du c\u00f4t\u00e9 de <strong>Valberg<\/strong> \u00e0 1780m, la situation est l\u00e9g\u00e8rement moins favorable avec 20 \u00e0 30cm de neige fra\u00eeche. Cons\u00e9quences, 12 pistes sur 42 sont skiables ce jeudi.<\/p>\n<p>Votre r\u00e9gion, votre actu !<\/p>\n<p>Recevez chaque jour les infos qui comptent pour vous.<\/p>\n<p>\t<a href=\"https:\/\/actu.fr\/newsletter\" class=\"ac-btn ac-btn--corner ac-btn--medium ac-btn--blue800\" target=\"_blank\" rel=\"noopener\">S&rsquo;incrire<\/a><\/p>\n<p>    <a href=\"https:\/\/www.facebook.com\/plugins\/post.php?href=https%3A%2F%2Fwww.facebook.com%2FValberg06%2Fposts%2Fpfbid02xNF2FvM2pY3zsrPcMB9s5A4uKi6QLiygHZdMYqdnqTLjkgERroV8BAMJPkyGvBRJl&amp;show_text=true&amp;width=350\" title=\"Ouvrie le lien\" target=\"_blank\" rel=\"noopener\">Cliquez ici pour visualiser le contenu<\/a><\/p>\n<p class=\" wall-content\">Le sourire est \u00e9galement pr\u00e9sent \u00e0 <strong>La Colmiane<\/strong> avec jusqu\u2019\u00e0 45\u00a0cm de poudreuse mesur\u00e9s par endroits. La station indique que 7 pistes sur 18 sont accessibles.<\/p>\n<p class=\" wall-content\">\u00c0 l\u2019ouest du d\u00e9partement, la station de <strong>Gr\u00e9oli\u00e8res 1400<\/strong> inaugurera bien sa saison le samedi 20\u00a0d\u00e9cembre. Trois pistes seront ouvertes ce week-end.<\/p>\n<p class=\" wall-content\">\u00c0 noter que les stations de <strong>Roubion<\/strong> et de <strong>Turini<\/strong> ouvriront \u00e9galement ce week-end du 20 et 21\u00a0d\u00e9cembre.<\/p>\n<p class=\" wall-content\">Personnalisez votre actualit\u00e9 en ajoutant vos villes et m\u00e9dias en favori avec <a href=\"https:\/\/moncompte.actu.fr\" title=\"D\u00e9couvez Mon Actu\" rel=\"nofollow noopener\" data-trk=\"{&quot;cta&quot;:{&quot;action&quot;:&quot;https:\\\/\\\/moncompte.actu.fr&quot;,&quot;category&quot;:&quot;mon compte&quot;,&quot;from&quot;:&quot;article footer&quot;,&quot;name&quot;:&quot;Mon actu&quot;,&quot;type&quot;:&quot;cta&quot;}}\" target=\"_blank\">Mon Actu<\/a>.<\/p>\n","protected":false},"excerpt":{"rendered":"Par Ugo Maillard Publi\u00e9 le 19 d\u00e9c. 2025 \u00e0 7h36 La neige sera-t-elle le premier cadeau de No\u00ebl&hellip;\n","protected":false},"author":2,"featured_media":609003,"comment_status":"","ping_status":"","sticky":false,"template":"","format":"standard","meta":{"footnotes":""},"categories":[2819],"tags":[1111,11,1777,674,1011,27,1305,12,2401,882,25,4129],"class_list":{"0":"post-609002","1":"post","2":"type-post","3":"status-publish","4":"format-standard","5":"has-post-thumbnail","7":"category-nice","8":"tag-actu","9":"tag-actualites","10":"tag-eu","11":"tag-europe","12":"tag-fr","13":"tag-france","14":"tag-lifestyle","15":"tag-news","16":"tag-nice","17":"tag-provence-alpes-cote-dazur","18":"tag-republique-francaise","19":"tag-ski"},"share_on_mastodon":{"url":"https:\/\/pubeurope.com\/@fr\/115744958311346315","error":""},"_links":{"self":[{"href":"https:\/\/www.europesays.com\/fr\/wp-json\/wp\/v2\/posts\/609002","targetHints":{"allow":["GET"]}}],"collection":[{"href":"https:\/\/www.europesays.com\/fr\/wp-json\/wp\/v2\/posts"}],"about":[{"href":"https:\/\/www.europesays.com\/fr\/wp-json\/wp\/v2\/types\/post"}],"author":[{"embeddable":true,"href":"https:\/\/www.europesays.com\/fr\/wp-json\/wp\/v2\/users\/2"}],"replies":[{"embeddable":true,"href":"https:\/\/www.europesays.com\/fr\/wp-json\/wp\/v2\/comments?post=609002"}],"version-history":[{"count":0,"href":"https:\/\/www.europesays.com\/fr\/wp-json\/wp\/v2\/posts\/609002\/revisions"}],"wp:featuredmedia":[{"embeddable":true,"href":"https:\/\/www.europesays.com\/fr\/wp-json\/wp\/v2\/media\/609003"}],"wp:attachment":[{"href":"https:\/\/www.europesays.com\/fr\/wp-json\/wp\/v2\/media?parent=609002"}],"wp:term":[{"taxonomy":"category","embeddable":true,"href":"https:\/\/www.europesays.com\/fr\/wp-json\/wp\/v2\/categories?post=609002"},{"taxonomy":"post_tag","embeddable":true,"href":"https:\/\/www.europesays.com\/fr\/wp-json\/wp\/v2\/tags?post=609002"}],"curies":[{"name":"wp","href":"https:\/\/api.w.org\/{rel}","templated":true}]}}