{"id":609016,"date":"2025-12-19T07:10:13","date_gmt":"2025-12-19T07:10:13","guid":{"rendered":"https:\/\/www.europesays.com\/fr\/609016\/"},"modified":"2025-12-19T07:10:13","modified_gmt":"2025-12-19T07:10:13","slug":"cree-a-lille-un-fonds-pour-financer-des-projets-innovants-en-matiere-de-prevention-des-suicides","status":"publish","type":"post","link":"https:\/\/www.europesays.com\/fr\/609016\/","title":{"rendered":"Cr\u00e9\u00e9 \u00e0 Lille, un fonds pour financer des projets innovants en mati\u00e8re de pr\u00e9vention des suicides"},"content":{"rendered":"<p>                    Par<br \/>\n        <strong><br \/>\n            <a href=\"https:\/\/actu.fr\/auteur\/amandine-vachez\" title=\"Consulter tous les articles de Amandine Vachez\" target=\"_blank\" rel=\"noopener\">Amandine Vachez<\/a><br \/>\n                    <\/strong><\/p>\n<p>        Publi\u00e9 le<\/p>\n<p>            19 d\u00e9c. 2025 \u00e0 6h26        <\/p>\n<p>Une nouvelle fois, le <a href=\"https:\/\/actu.fr\/tag\/chu-de-lille\" target=\"_blank\" rel=\"noopener\">CHU de Lille<\/a> (Nord) voit un dispositif innovant na\u00eetre entre ses murs\u2009: <b>Pr\u00e9vention suicide France.<\/b> Cette association, compos\u00e9e d\u2019un conseil d\u2019administration et d\u2019un comit\u00e9 scientifique interdisciplinaire, \u0153uvre pour une <b>pr\u00e9vention cibl\u00e9e et efficace<\/b>. Elle est notamment porteuse du<b> premier fonds de dotation enti\u00e8rement d\u00e9di\u00e9 au suicide<\/b>. Or, c\u2019est un ph\u00e9nom\u00e8ne de soci\u00e9t\u00e9 tristement important : une personne perd la vie par ce biais toutes les 40 minutes en France. Lanc\u00e9 en 2024, l\u2019organisme lillois a pr\u00e9sent\u00e9 les premiers projets qu\u2019il accompagne, ce<b> jeudi 18\u00a0d\u00e9cembre 2025<\/b>.<\/p>\n<p>Construire une synergie pour plus d\u2019impact<\/p>\n<p class=\" wall-content\">Pierre Thomas, professeur psychiatre au CHU de Lille et pr\u00e9sident de l\u2019association, insiste sur l\u2019importance de<b> mutualiser les actions et croiser les comp\u00e9tences<\/b>, au niveau national et m\u00eame international, pour endiguer le probl\u00e8me. Ceci dans un contexte critique, o\u00f9 <a href=\"https:\/\/actu.fr\/societe\/sante-mentale-un-jeune-sur-quatre-en-depression-une-crise-qui-s-aggrave-en-france_63111667.html\" target=\"_blank\" rel=\"noopener\">la cause nationale sanitaire de 2025 est la sant\u00e9 mentale<\/a>. \u00ab\u2009Il y a eu des avanc\u00e9es, avec le <a href=\"https:\/\/actu.fr\/ile-de-france\/etampes_91223\/suicide-le-dispositif-de-prevention-vigilans-deploye-en-essonne-et-en-seine-et-marne_50277799.html\" target=\"_blank\" rel=\"noopener\">dispositif VigilanS<\/a>, la cr\u00e9ation du <a href=\"https:\/\/sante.gouv.fr\/prevention-en-sante\/sante-mentale\/promotion-et-prevention\/la-prevention-du-suicide\/article\/le-numero-national-de-prevention-du-suicide\" target=\"_blank\" rel=\"noopener\">num\u00e9ro national 3114<\/a>. On sent une envie chez les porteurs de projets de construire des partenariats pour \u00eatre plus efficaces.\u2009\u00bb<\/p>\n<blockquote class=\"ac-article-quote wall-content\">\n<p>Chaque jour, il y a des d\u00e9c\u00e8s, des tentatives, des personnes d\u00e9vast\u00e9es par le suicide. Et cela reste une mort \u00e9vitable.<\/p>\n<p>Pr Pierre Thomas, psychiatre au CHU de Lille.<\/p><\/blockquote>\n<p class=\" wall-content\">L\u2019id\u00e9e de Pr\u00e9vention suicide France est, au-del\u00e0 de<b> rassembler les comp\u00e9tences, d\u2019accompagner des projets innovants<\/b>. Les aider \u00e0 se d\u00e9velopper et, dans la mesure du possible, les d\u00e9ployer \u00e0 plus large \u00e9chelle.<b> <\/b><\/p>\n<p class=\" wall-content\">N\u00e9e en 2024, l\u2019association a su trouver un fonds et lancer un premier appel \u00e0 projets. 60 notes d\u2019intention ont \u00e9t\u00e9 re\u00e7ues pour cette premi\u00e8re \u00e9dition, qui a vu plusieurs laur\u00e9ats s\u00e9lectionn\u00e9s par 14 membres de Pr\u00e9vention suicide (psychiatres, sociologues, infirmiers, journaliste\u2026). Les laur\u00e9ats vont recevoir une aide financi\u00e8re\u2009:<b> 50 000 euros et 40 000 euros pour les deux grands gagnants<\/b>, et <b>10\u2009 000 euros chacun pour les deux \u00ab\u2009prix \u00e9mergence\u2009\u00bb<\/b>. Ceci compl\u00e9t\u00e9 par un<b> accompagnement scientifique et op\u00e9rationnel sur 2 \u00e0 3\u00a0ans.<\/b><\/p>\n<p>Explorer les nouvelles pratiques et les d\u00e9velopper<\/p>\n<p class=\" wall-content\">Pour choisir les projets, plusieurs crit\u00e8res ont guid\u00e9 le comit\u00e9 de s\u00e9lection, dont la coh\u00e9rence et l\u2019originalit\u00e9 de la proposition, et bien s\u00fbr son c\u00f4t\u00e9 innovant. Parmi les projets retenus, celui de l\u2019association CAPU, d\u00e9di\u00e9e \u00e0 la sant\u00e9 mentale pour les 11-30 ans. \u00ab\u2009Nous proposons un parcours complet \u00e0 nos b\u00e9n\u00e9ficiaires\u2009\u00bb, pr\u00e9sente Domitille Fehrenbach, fondatrice de l\u2019association. Une ligne t\u00e9l\u00e9phonique est ouverte 6 soirs sur 7 (appel et SMS), des temps de rencontres sont r\u00e9guli\u00e8rement organis\u00e9s en pr\u00e9sentiel et distanciel, et un programme permet \u00e0 des jeunes r\u00e9tablis de prendre sous leur aile d\u2019autres, en crise. L\u2019accompagnement de Pr\u00e9vention suicide permettra d\u2019int\u00e9grer un protocole pr\u00e9cis, avec des r\u00e9f\u00e9rents professionnels, pour aller plus loin dans la gestion de crise suicidaire.<\/p>\n<p class=\" wall-content\">Second \u00ab\u2009prix \u00e9mergence\u2009\u00bb pour Le prix de la vocation, un <b>docu-fiction consacr\u00e9 au risque suicidaire chez les soignants<\/b>, accompagn\u00e9 d\u2019un appui m\u00e9thodologique au d\u00e9ploiement. Ce film sera diffus\u00e9 aupr\u00e8s de professionnels du secteur et d\u2019\u00e9tudiants en m\u00e9decine, ainsi qu\u2019au grand public. Il a \u00e9t\u00e9 pens\u00e9 par La Fabrique des soignants, dont la mission est de \u00ab\u2009mettre en avant des r\u00e9cits peu d\u00e9ploy\u00e9s en sant\u00e9\u2009\u00bb, r\u00e9sume son repr\u00e9sentant Kendrys Legenty. \u00ab\u2009Le suicide reste un sujet \u2018tabou\u2019, il y a une omerta dans le milieu hospitalier\u2009\u00bb, d\u00e9crit-il, alors que les professionnels de sant\u00e9 sont, le rappelle B\u00e9n\u00e9dicte Dufour, particuli\u00e8rement \u00e0 risque.<\/p>\n<p>Votre r\u00e9gion, votre actu !<\/p>\n<p>Recevez chaque jour les infos qui comptent pour vous.<\/p>\n<p>\t<a href=\"https:\/\/actu.fr\/newsletter\" class=\"ac-btn ac-btn--corner ac-btn--medium ac-btn--blue800\" target=\"_blank\" rel=\"noopener\">S&rsquo;incrire<\/a><br \/>\nAller \u00e0 la rencontre des personnes endeuill\u00e9es, recueillir des t\u00e9moignages \u00e0 visage d\u00e9couverts<\/p>\n<p class=\" wall-content\">Les id\u00e9es retenues sont aussi riches qu\u2019originales, comme celle de \u00ab\u2009Lim on the road\u2009\u00bb qui va <b>\u00e0 la rencontre des populations dans le Limousin, avec un v\u00e9hicule.<\/b> \u00ab\u2009Nous sommes l\u00e0 pour \u00e9couter, orienter et accompagner les personnes endeuill\u00e9es, proches ou moins proches\u2009\u00bb, pr\u00e9sente C\u00e9line Rebet Hric, infirmi\u00e8re de m\u00e9tier et co-cr\u00e9atrice du concept port\u00e9 par l\u2019association PTSM Limousin.<\/p>\n<blockquote class=\"ac-article-quote wall-content\">\n<p>Le but de notre d\u00e9marche est de briser l\u2019isolement de la personne endeuill\u00e9e qui, par culpabilit\u00e9, par honte, s\u2019emp\u00eache d\u2019aller vers un accompagnement.<\/p>\n<\/blockquote>\n<p class=\" wall-content\">Autre projet p\u00e9pite retenu, celui des Ulysses, par Horizon Atlantique 17 : un<b> site internet sur lequel on peut voir des t\u00e9moignages vid\u00e9o \u00e0 visage d\u00e9couvert.<\/b> Un processus construit avec les personnes qui s\u2019y livrent, insiste Emilie Sauvaget, repr\u00e9sentante de la structure porteuse du projet. \u00ab\u2009Tout est valid\u00e9 avec la personne, \u00e9tape par \u00e9tape. On commence par un entretien clinique. Puis elle choisit un lieu de tournage. Elle valide toujours la vid\u00e9o, et peut d\u00e9cider de la retirer \u00e0 tout moment, sans explication.\u2009\u00bb La plateforme num\u00e9rique compte ces t\u00e9moignages forts, mais aussi <b>des contenus en BD et en format webtoon <\/b>pour <b>toucher les plus jeunes. <\/b>Demain, il s\u2019agira d\u2019aller plus loin dans l\u2019accompagnement, toujours dans le m\u00eame esprit de co-construction. \u00ab\u2009L\u2019id\u00e9e est pour nous de faire le lien, d\u2019accompagner autrement. Et au besoin \u00e9videmment, de renvoyer vers la structure adapt\u00e9e.\u2009\u00bb<\/p>\n<blockquote class=\"ac-article-quote wall-content\">\n<p>Notre id\u00e9e est de cr\u00e9er un espace num\u00e9rique fiable, humain et s\u00e9curis\u00e9.<\/p>\n<p>Emilie Sauvaget, pour Les Ulysses.<\/p><\/blockquote>\n<p class=\" wall-content\">Pr\u00e9vention suicide France lance ainsi son premier accompagnement, et reconduira chaque ann\u00e9e un appel \u00e0 projets, pour trouver des id\u00e9es n\u00e9es sur les territoires. \u00ab\u2009On veut<b> donner leur chance aux acteurs de terrain de d\u00e9velopper leur id\u00e9e. <\/b>On a besoin de porter cette voix\u2009\u00bb, mart\u00e8le le Dr Charles Edouard Notredame, psychiatre de l\u2019enfant et de l\u2019adolescent et Secr\u00e9taire g\u00e9n\u00e9ral de l\u2019association lilloise. \u00ab\u2009La suite sera de<b> prendre davantage de place<\/b>, de<b> monter en puissance en faveur de la pr\u00e9vention du suicide.<\/b> Car le suicide n\u2019est pas qu\u2019une affaire intime, \u00e7a nous concerne tous.\u2009\u00bb<\/p>\n<p class=\" wall-content\">Personnalisez votre actualit\u00e9 en ajoutant vos villes et m\u00e9dias en favori avec <a href=\"https:\/\/moncompte.actu.fr\" title=\"D\u00e9couvez Mon Actu\" rel=\"nofollow noopener\" data-trk=\"{&quot;cta&quot;:{&quot;action&quot;:&quot;https:\\\/\\\/moncompte.actu.fr&quot;,&quot;category&quot;:&quot;mon compte&quot;,&quot;from&quot;:&quot;article footer&quot;,&quot;name&quot;:&quot;Mon actu&quot;,&quot;type&quot;:&quot;cta&quot;}}\" target=\"_blank\">Mon Actu<\/a>.<\/p>\n","protected":false},"excerpt":{"rendered":"Par Amandine Vachez Publi\u00e9 le 19 d\u00e9c. 2025 \u00e0 6h26 Une nouvelle fois, le CHU de Lille (Nord)&hellip;\n","protected":false},"author":2,"featured_media":609017,"comment_status":"","ping_status":"","sticky":false,"template":"","format":"standard","meta":{"footnotes":""},"categories":[2815],"tags":[1111,11,1777,674,1011,27,811,1307,12,25,71,104],"class_list":{"0":"post-609016","1":"post","2":"type-post","3":"status-publish","4":"format-standard","5":"has-post-thumbnail","7":"category-lille","8":"tag-actu","9":"tag-actualites","10":"tag-eu","11":"tag-europe","12":"tag-fr","13":"tag-france","14":"tag-hauts-de-france","15":"tag-lille","16":"tag-news","17":"tag-republique-francaise","18":"tag-sante","19":"tag-societe"},"share_on_mastodon":{"url":"https:\/\/pubeurope.com\/@fr\/115744986115606205","error":""},"_links":{"self":[{"href":"https:\/\/www.europesays.com\/fr\/wp-json\/wp\/v2\/posts\/609016","targetHints":{"allow":["GET"]}}],"collection":[{"href":"https:\/\/www.europesays.com\/fr\/wp-json\/wp\/v2\/posts"}],"about":[{"href":"https:\/\/www.europesays.com\/fr\/wp-json\/wp\/v2\/types\/post"}],"author":[{"embeddable":true,"href":"https:\/\/www.europesays.com\/fr\/wp-json\/wp\/v2\/users\/2"}],"replies":[{"embeddable":true,"href":"https:\/\/www.europesays.com\/fr\/wp-json\/wp\/v2\/comments?post=609016"}],"version-history":[{"count":0,"href":"https:\/\/www.europesays.com\/fr\/wp-json\/wp\/v2\/posts\/609016\/revisions"}],"wp:featuredmedia":[{"embeddable":true,"href":"https:\/\/www.europesays.com\/fr\/wp-json\/wp\/v2\/media\/609017"}],"wp:attachment":[{"href":"https:\/\/www.europesays.com\/fr\/wp-json\/wp\/v2\/media?parent=609016"}],"wp:term":[{"taxonomy":"category","embeddable":true,"href":"https:\/\/www.europesays.com\/fr\/wp-json\/wp\/v2\/categories?post=609016"},{"taxonomy":"post_tag","embeddable":true,"href":"https:\/\/www.europesays.com\/fr\/wp-json\/wp\/v2\/tags?post=609016"}],"curies":[{"name":"wp","href":"https:\/\/api.w.org\/{rel}","templated":true}]}}