{"id":609018,"date":"2025-12-19T07:11:30","date_gmt":"2025-12-19T07:11:30","guid":{"rendered":"https:\/\/www.europesays.com\/fr\/609018\/"},"modified":"2025-12-19T07:11:30","modified_gmt":"2025-12-19T07:11:30","slug":"pronostic-lusitanos-lille-coupe-de-france","status":"publish","type":"post","link":"https:\/\/www.europesays.com\/fr\/609018\/","title":{"rendered":"Pronostic Lusitanos Lille &#8211; Coupe De France"},"content":{"rendered":"<p class=\"text-xs leading-5 text-gray-400 mb-2\">\n                        Publi\u00e9 le 18\/12\/2025 08:30<br \/>\n                        \u00a0par<br \/>\n                                                            <a href=\"https:\/\/www.sportytrader.com\/auteur\/steeven-occhipinti-1\/\" target=\"_blank\" rel=\"noopener\">Steeven Occhipinti<\/a><\/p>\n<p>                                                    |<br \/>\n                            Modifi\u00e9 le<br \/>\n                                18\/12\/2025<br \/>\n                                \u00e0 10:12<\/p>\n<p>                                                                                                            dans<br \/>\n                                <a data-trans=\"tips.published.competition %competition%\" href=\"https:\/\/www.sportytrader.com\/pronostics\/football\/france\/coupe-de-france-126\/\" target=\"_blank\" rel=\"noopener\"><br \/>\n                                    Pronostic Coupe De France<br \/>\n                                <\/a><\/p>\n<p style=\"text-align: justify;\">Pensionnaire de National 2, Lusitanos St-Maur a h\u00e9rit\u00e9 d&rsquo;un gros morceau pour les 32es de finale de la Coupe de France. Ce samedi \u00e0 15h30, il va d\u00e9fier le LOSC au\u00a0Stade Dominique-Duvauchelle. Pr\u00e9sents dans le groupe C du quatri\u00e8me \u00e9chelon tricolore, les locaux sont \u00e0 la lutte pour la mont\u00e9e. Certes, ils restent sur 2 nuls de suite en championnat. Ils sont toutefois \u00e0 la 2e place du classement, \u00e0 2 longueurs de la t\u00eate. En parall\u00e8le,\u00a0Lusitanos St-Maur r\u00e9alise un tr\u00e8s joli parcours en Coupe de France. Pour la premi\u00e8re fois dans cette \u00e9dition de la coupe nationale, il d\u00e9fiera une \u00e9curie professionnelle.<\/p>\n<p style=\"text-align: justify;\">Le LOSC brille sur tous les tableaux dans cette premi\u00e8re partie de saison. En plus d&rsquo;\u00eatre pr\u00e9sent dans le top 24 de la phase de ligue de l&rsquo;Europa League, le club lillois est \u00e0 la 4e position de la Ligue 1. Les Dogues sont d&rsquo;ailleurs en grande forme sur la sc\u00e8ne nationale. Ils viennent de remporter leurs 4 pr\u00e9c\u00e9dentes journ\u00e9es face au Paris FC (4-2), au Havre AC (0-1), \u00e0 l&rsquo;OM (1-0) et \u00e0 l&rsquo;AJ Auxerre (3-4). Les hommes de Bruno G\u00e9n\u00e9sio ne veulent pas baisser le pied pour leur entr\u00e9e en lice en Coupe de France. Ils auront de quoi composter leur ticket pour la suite sans trop de difficult\u00e9s.<\/p>\n","protected":false},"excerpt":{"rendered":"Publi\u00e9 le 18\/12\/2025 08:30 \u00a0par Steeven Occhipinti | Modifi\u00e9 le 18\/12\/2025 \u00e0 10:12 dans Pronostic Coupe De France&hellip;\n","protected":false},"author":2,"featured_media":609019,"comment_status":"","ping_status":"","sticky":false,"template":"","format":"standard","meta":{"footnotes":""},"categories":[2815],"tags":[1111,11,83,1777,674,1011,27,811,1307,72024,12,1817,1821,25],"class_list":{"0":"post-609018","1":"post","2":"type-post","3":"status-publish","4":"format-standard","5":"has-post-thumbnail","7":"category-lille","8":"tag-actu","9":"tag-actualites","10":"tag-coupe-de-france","11":"tag-eu","12":"tag-europe","13":"tag-fr","14":"tag-france","15":"tag-hauts-de-france","16":"tag-lille","17":"tag-lusitanos","18":"tag-news","19":"tag-pronostic","20":"tag-pronostics","21":"tag-republique-francaise"},"share_on_mastodon":{"url":"https:\/\/pubeurope.com\/@fr\/115744990083736525","error":""},"_links":{"self":[{"href":"https:\/\/www.europesays.com\/fr\/wp-json\/wp\/v2\/posts\/609018","targetHints":{"allow":["GET"]}}],"collection":[{"href":"https:\/\/www.europesays.com\/fr\/wp-json\/wp\/v2\/posts"}],"about":[{"href":"https:\/\/www.europesays.com\/fr\/wp-json\/wp\/v2\/types\/post"}],"author":[{"embeddable":true,"href":"https:\/\/www.europesays.com\/fr\/wp-json\/wp\/v2\/users\/2"}],"replies":[{"embeddable":true,"href":"https:\/\/www.europesays.com\/fr\/wp-json\/wp\/v2\/comments?post=609018"}],"version-history":[{"count":0,"href":"https:\/\/www.europesays.com\/fr\/wp-json\/wp\/v2\/posts\/609018\/revisions"}],"wp:featuredmedia":[{"embeddable":true,"href":"https:\/\/www.europesays.com\/fr\/wp-json\/wp\/v2\/media\/609019"}],"wp:attachment":[{"href":"https:\/\/www.europesays.com\/fr\/wp-json\/wp\/v2\/media?parent=609018"}],"wp:term":[{"taxonomy":"category","embeddable":true,"href":"https:\/\/www.europesays.com\/fr\/wp-json\/wp\/v2\/categories?post=609018"},{"taxonomy":"post_tag","embeddable":true,"href":"https:\/\/www.europesays.com\/fr\/wp-json\/wp\/v2\/tags?post=609018"}],"curies":[{"name":"wp","href":"https:\/\/api.w.org\/{rel}","templated":true}]}}