{"id":609020,"date":"2025-12-19T07:12:19","date_gmt":"2025-12-19T07:12:19","guid":{"rendered":"https:\/\/www.europesays.com\/fr\/609020\/"},"modified":"2025-12-19T07:12:19","modified_gmt":"2025-12-19T07:12:19","slug":"rockspell-representera-la-region-paca-au-concours-sur-france-3","status":"publish","type":"post","link":"https:\/\/www.europesays.com\/fr\/609020\/","title":{"rendered":"Rock&rsquo;Spell repr\u00e9sentera la r\u00e9gion Paca au concours sur France 3"},"content":{"rendered":"<p>Pour la<strong> deuxi\u00e8me \u00e9dition du concours de France 3<\/strong> \u00ab\u00a0Qui sera la meilleure chorale de France\u00a0\u00bb,<strong> le ch\u0153ur marseillais \u00ab\u00a0Rock&rsquo;Spell\u00a0\u00bb<\/strong> repr\u00e9sentera la r\u00e9gion Paca au Royal Palace Kirrwilller de Strasbourg.<\/p>\n<p><a href=\"https:\/\/www.laprovence.com\/article\/region\/1356897905341816\/video-grand-concours-des-regions-des-marseillais-chantent-le-folklore-de-provence\" target=\"_blank\" rel=\"noopener\">L&rsquo;\u00e9mission de France 3<\/a>, diffus\u00e9e ce vendredi 19 d\u00e9cembre pour les qualifications, et pour le final le 26, vise \u00e0 \u00e9lire<strong> la meilleure chorale de France<\/strong>. Chaque r\u00e9gion est repr\u00e9sent\u00e9e par un ch\u0153ur qui poss\u00e8de son propre style musical. Tous les participants <strong>chantent avec leurs sp\u00e9cialit\u00e9s en live<\/strong> pour tenter de s\u00e9duire le jury. Apr\u00e8s la victoire de l&rsquo;Ensemble Leszczynski de Nancy, 14 nouvelles chorales vont performer pour glaner le titre cette ann\u00e9e.<\/p>\n<p>Une association fond\u00e9e r\u00e9cemment<\/p>\n<p>Le groupe a \u00e9t\u00e9 invit\u00e9 \u00e0 participer \u00e0 la deuxi\u00e8me \u00e9dition du concours et d\u00e9voilera ses chansons tourn\u00e9es autour de l&rsquo;amour, la r\u00e9silience, l&rsquo;unit\u00e9 et la foi en l&rsquo;humain. \u00ab\u00a0Rock&rsquo;spell\u00a0\u00bb s&rsquo;est fond\u00e9 suite \u00e0 la r\u00e9cup\u00e9ration de l&rsquo;association \u00ab\u00a0Marseille Gospel Residence\u00a0\u00bb, cr\u00e9\u00e9e il y a huit ans. Le ch\u0153ur marseillais s&rsquo;est fond\u00e9, lui, en 2023, au sein de l&rsquo;association \u00ab\u00a0Spell Your Name\u00a0\u00bb. Il a pour but de promouvoir le travail artistique et musical d&rsquo;artistes \u00e9mergents.<\/p>\n<p>Tout de jaune et de noir v\u00eatue, cette s\u00e9lection met en valeur <strong>l&rsquo;investissement des 40 choristes<\/strong> et le travail artistique men\u00e9 sous la direction de Capucine Trotobas. \u00ab\u00a0On esp\u00e8re que \u00e7a va nous apporter de la visibilit\u00e9\u00a0\u00bb, assume la cheffe de ch\u0153ur. Alors que les autres groupes sont vieux d&rsquo;une dizaine d&rsquo;ann\u00e9es, Capucine Trotobas a bien conscience de leur \u00ab\u00a0jeunesse\u00a0\u00bb. \u00ab\u00a0On est fiers de ce qu&rsquo;on a r\u00e9alis\u00e9, les autres groupes ont plus de dix ans d&rsquo;exp\u00e9rience, nous sommes en quelque sorte les petits poucets du concours.\u00a0\u00bb<\/p>\n<p>Le groupe poursuit son envie de mener des projets qui leur tiennent \u00e0 c\u0153ur. Apr\u00e8s le succ\u00e8s du groupe, avec <a href=\"https:\/\/www.laprovence.com\/article\/culture-loisirs\/87961072337331\/gims-a-regne-en-maitre-sur-le-dome-a-marseille-pendant-deux-heures-ce-dimanche-soir\" target=\"_blank\" rel=\"noopener\">un concert au D\u00f4me<\/a> et deux dates compl\u00e8tes \u00e0 <a href=\"https:\/\/www.laprovence.com\/article\/region\/68422057050991\/a-l-espace-julien-a-marseille-une-saison-2024-2025-plurielle-et-collaborative\" target=\"_blank\" rel=\"noopener\">l&rsquo;Espace Julien<\/a>, le ch\u0153ur pr\u00e9voit un enregistrement en studio pour 2026.<\/p>\n","protected":false},"excerpt":{"rendered":"Pour la deuxi\u00e8me \u00e9dition du concours de France 3 \u00ab\u00a0Qui sera la meilleure chorale de France\u00a0\u00bb, le ch\u0153ur&hellip;\n","protected":false},"author":2,"featured_media":609021,"comment_status":"","ping_status":"","sticky":false,"template":"","format":"standard","meta":{"footnotes":""},"categories":[2814],"tags":[17,1111,11,22417,251,1777,674,1011,27,884,26820,12,883,882,16,10152,25,72025],"class_list":{"0":"post-609020","1":"post","2":"type-post","3":"status-publish","4":"format-standard","5":"has-post-thumbnail","7":"category-marseille","8":"tag-17","9":"tag-actu","10":"tag-actualites","11":"tag-chorale","12":"tag-culture","13":"tag-eu","14":"tag-europe","15":"tag-fr","16":"tag-france","17":"tag-marseille","18":"tag-meilleure","19":"tag-news","20":"tag-paca","21":"tag-provence-alpes-cote-dazur","22":"tag-region","23":"tag-representera","24":"tag-republique-francaise","25":"tag-rockspell"},"share_on_mastodon":{"url":"https:\/\/pubeurope.com\/@fr\/115744993718456534","error":""},"_links":{"self":[{"href":"https:\/\/www.europesays.com\/fr\/wp-json\/wp\/v2\/posts\/609020","targetHints":{"allow":["GET"]}}],"collection":[{"href":"https:\/\/www.europesays.com\/fr\/wp-json\/wp\/v2\/posts"}],"about":[{"href":"https:\/\/www.europesays.com\/fr\/wp-json\/wp\/v2\/types\/post"}],"author":[{"embeddable":true,"href":"https:\/\/www.europesays.com\/fr\/wp-json\/wp\/v2\/users\/2"}],"replies":[{"embeddable":true,"href":"https:\/\/www.europesays.com\/fr\/wp-json\/wp\/v2\/comments?post=609020"}],"version-history":[{"count":0,"href":"https:\/\/www.europesays.com\/fr\/wp-json\/wp\/v2\/posts\/609020\/revisions"}],"wp:featuredmedia":[{"embeddable":true,"href":"https:\/\/www.europesays.com\/fr\/wp-json\/wp\/v2\/media\/609021"}],"wp:attachment":[{"href":"https:\/\/www.europesays.com\/fr\/wp-json\/wp\/v2\/media?parent=609020"}],"wp:term":[{"taxonomy":"category","embeddable":true,"href":"https:\/\/www.europesays.com\/fr\/wp-json\/wp\/v2\/categories?post=609020"},{"taxonomy":"post_tag","embeddable":true,"href":"https:\/\/www.europesays.com\/fr\/wp-json\/wp\/v2\/tags?post=609020"}],"curies":[{"name":"wp","href":"https:\/\/api.w.org\/{rel}","templated":true}]}}