{"id":609024,"date":"2025-12-19T07:14:18","date_gmt":"2025-12-19T07:14:18","guid":{"rendered":"https:\/\/www.europesays.com\/fr\/609024\/"},"modified":"2025-12-19T07:14:18","modified_gmt":"2025-12-19T07:14:18","slug":"la-premiere-phase-de-reamenagement-de-lavenue-des-freres-lumiere-est-achevee","status":"publish","type":"post","link":"https:\/\/www.europesays.com\/fr\/609024\/","title":{"rendered":"la premi\u00e8re phase de r\u00e9am\u00e9nagement de l\u2019avenue des Fr\u00e8res Lumi\u00e8re est achev\u00e9e"},"content":{"rendered":"<p itemprop=\"description\"><strong>La premi\u00e8re phase de requalification de l\u2019avenue des Fr\u00e8res Lumi\u00e8re, \u00e0 Monplaisir, a \u00e9t\u00e9 officiellement livr\u00e9e cette semaine.<\/strong><\/p>\n<p>Un projet pol\u00e9mique, rejet\u00e9 par une partie des commer\u00e7ants.<\/p>\n<p>Ce premier tron\u00e7on, situ\u00e9 entre la rue G\u00e9libert et la place Ambroise Courtois, marque une nouvelle \u00e9tape dans la transformation de cette art\u00e8re commer\u00e7ante en rue partag\u00e9e, plus v\u00e9g\u00e9talis\u00e9e et apais\u00e9e selon les \u00e9cologistes.<\/p>\n<p>Pour symboliser la fin des travaux, deux classes de l\u2019\u00e9cole Lumi\u00e8re, soit une cinquantaine d\u2019\u00e9l\u00e8ves, ont particip\u00e9 \u00e0 une plantation de vivaces dans les bandes v\u00e9g\u00e9talis\u00e9es am\u00e9nag\u00e9es sur ce secteur. Plusieurs essences d\u2019arbres ont \u00e9galement \u00e9t\u00e9 plant\u00e9es, dont des ch\u00eanes, des sophoras du Japon et des am\u00e9lanchiers.<\/p>\n<p>Engag\u00e9 en 2022, le projet vise selon la M\u00e9tropole et la mairie \u00e0 am\u00e9liorer la qualit\u00e9 des espaces publics du c\u0153ur de quartier, tout en mettant en valeur le patrimoine culturel de Monplaisir. Le r\u00e9am\u00e9nagement pr\u00e9voit notamment des trottoirs \u00e9largis, des espaces suppl\u00e9mentaires pour les terrasses, une centaine d\u2019arbres plant\u00e9s, 1500 m2 de bandes v\u00e9g\u00e9talis\u00e9es et une travers\u00e9e cyclable s\u00e9curis\u00e9e.<\/p>\n<p>La r\u00e9duction du trafic de transit constitue un axe central du projet. Un nouveau plan de circulation, mis en place \u00e0 la fin de l\u2019\u00e9t\u00e9 2025, limite d\u00e9sormais l\u2019acc\u00e8s aux riverains. Des ajustements ont \u00e9t\u00e9 r\u00e9alis\u00e9s, notamment sur la signal\u00e9tique, les feux de circulation et l\u2019int\u00e9gration du plan dans les navigateurs GPS.<\/p>\n<p>Les travaux se poursuivent sur les tron\u00e7ons suivants de l\u2019avenue. La section centrale doit \u00eatre achev\u00e9e \u00e0 l\u2019\u00e9t\u00e9 2026, avant une derni\u00e8re phase programm\u00e9e au second semestre 2026.<\/p>\n","protected":false},"excerpt":{"rendered":"La premi\u00e8re phase de requalification de l\u2019avenue des Fr\u00e8res Lumi\u00e8re, \u00e0 Monplaisir, a \u00e9t\u00e9 officiellement livr\u00e9e cette semaine.&hellip;\n","protected":false},"author":2,"featured_media":609025,"comment_status":"","ping_status":"","sticky":false,"template":"","format":"standard","meta":{"footnotes":""},"categories":[1889],"tags":[1111,11,2813,2190,2430,1109,251,1112,2811,1777,674,118,1011,27,1922,1110,1114,2428,2810,12,241,316,25,2812,517,800],"class_list":{"0":"post-609024","1":"post","2":"type-post","3":"status-publish","4":"format-standard","5":"has-post-thumbnail","7":"category-lyon","8":"tag-actu","9":"tag-actualites","10":"tag-article","11":"tag-asvel","12":"tag-auvergne-rhone-alpes","13":"tag-breves","14":"tag-culture","15":"tag-depeches","16":"tag-economique","17":"tag-eu","18":"tag-europe","19":"tag-faits-divers","20":"tag-fr","21":"tag-france","22":"tag-info","23":"tag-informations","24":"tag-infos","25":"tag-lyon","26":"tag-lyonmag","27":"tag-news","28":"tag-ol","29":"tag-politique","30":"tag-republique-francaise","31":"tag-sociale","32":"tag-sport","33":"tag-transports"},"share_on_mastodon":{"url":"https:\/\/pubeurope.com\/@fr\/115745001708369025","error":""},"_links":{"self":[{"href":"https:\/\/www.europesays.com\/fr\/wp-json\/wp\/v2\/posts\/609024","targetHints":{"allow":["GET"]}}],"collection":[{"href":"https:\/\/www.europesays.com\/fr\/wp-json\/wp\/v2\/posts"}],"about":[{"href":"https:\/\/www.europesays.com\/fr\/wp-json\/wp\/v2\/types\/post"}],"author":[{"embeddable":true,"href":"https:\/\/www.europesays.com\/fr\/wp-json\/wp\/v2\/users\/2"}],"replies":[{"embeddable":true,"href":"https:\/\/www.europesays.com\/fr\/wp-json\/wp\/v2\/comments?post=609024"}],"version-history":[{"count":0,"href":"https:\/\/www.europesays.com\/fr\/wp-json\/wp\/v2\/posts\/609024\/revisions"}],"wp:featuredmedia":[{"embeddable":true,"href":"https:\/\/www.europesays.com\/fr\/wp-json\/wp\/v2\/media\/609025"}],"wp:attachment":[{"href":"https:\/\/www.europesays.com\/fr\/wp-json\/wp\/v2\/media?parent=609024"}],"wp:term":[{"taxonomy":"category","embeddable":true,"href":"https:\/\/www.europesays.com\/fr\/wp-json\/wp\/v2\/categories?post=609024"},{"taxonomy":"post_tag","embeddable":true,"href":"https:\/\/www.europesays.com\/fr\/wp-json\/wp\/v2\/tags?post=609024"}],"curies":[{"name":"wp","href":"https:\/\/api.w.org\/{rel}","templated":true}]}}