{"id":609040,"date":"2025-12-19T07:24:13","date_gmt":"2025-12-19T07:24:13","guid":{"rendered":"https:\/\/www.europesays.com\/fr\/609040\/"},"modified":"2025-12-19T07:24:13","modified_gmt":"2025-12-19T07:24:13","slug":"le-fils-de-bolsonaro-eduardo-perd-son-mandat-de-depute-apres-son-lobbying-aux-etats-unis","status":"publish","type":"post","link":"https:\/\/www.europesays.com\/fr\/609040\/","title":{"rendered":"le fils de Bolsonaro, Eduardo, perd son mandat de d\u00e9put\u00e9 apr\u00e8s son lobbying aux \u00c9tats-Unis"},"content":{"rendered":"<p>Selon un document, la chambre basse du Parlement br\u00e9silien a \u00ab\u00a0d\u00e9clar\u00e9 la perte du mandat du d\u00e9put\u00e9 Eduardo Bolsonaro\u00a0\u00bb pour avoir d\u00e9pass\u00e9 le nombre d\u2019absences autoris\u00e9es de l\u2019h\u00e9micycle depuis son d\u00e9part du Br\u00e9sil au d\u00e9but de l\u2019ann\u00e9e.<\/p>\n<p>Le troisi\u00e8me fils de Jair Bolsonaro ne s\u2019est pas rendu au Parlement \u00e0 Brasilia depuis f\u00e9vrier, quand il a rejoint les \u00c9tats-Unis pour peser sur l\u2019administration du pr\u00e9sident Donald Trump afin qu\u2019elle fasse pression sur Brasilia, dans le but d\u2019att\u00e9nuer la pression judiciaire sur son p\u00e8re.<\/p>\n<p>Un mandat perdu pour cause d\u2019absent\u00e9isme<\/p>\n<p>\u00ab\u00a0On m\u2019a priv\u00e9 de mon mandat, non pas pour corruption ou trafic de drogue [\u2026], mais pour avoir fait exactement ce que mes \u00e9lecteurs attendent de moi\u00a0\u00bb, a r\u00e9agi Eduardo Bolsonaro, 41\u00a0ans, dans une vid\u00e9o publi\u00e9e sur le r\u00e9seau social X.<\/p>\n<p>Son lobbying s\u2019est av\u00e9r\u00e9 efficace dans un premier temps, quand Washington a inflig\u00e9 une surtaxe de 40\u00a0% sur des produits br\u00e9siliens export\u00e9s vers les \u00c9tats-Unis, invoquant une \u00ab\u00a0chasse aux sorci\u00e8res\u00a0\u00bb contre l\u2019ancien pr\u00e9sident br\u00e9silien.<\/p>\n<p>Entr\u00e9e en vigueur d\u00e9but ao\u00fbt, cette surtaxe a toutefois \u00e9t\u00e9 lev\u00e9e en grande partie en novembre, faisant face notamment \u00e0 l\u2019inflation aux \u00c9tats-Unis sur des produits comme le caf\u00e9, dont le Br\u00e9sil est le principal fournisseur.<\/p>\n<p>Cette suppression des droits de douane a \u00e9galement eu lieu \u00e0 la faveur d\u2019une d\u00e9tente des relations entre les \u00c9tats-Unis et le pays sud-am\u00e9ricain, marqu\u00e9e par une rencontre entre Donald Trump et le pr\u00e9sident de gauche du Br\u00e9sil, Luiz Inacio Lula da Silva, fin octobre.<\/p>\n<p>La semaine derni\u00e8re, Washington a \u00e9galement lev\u00e9 des sanctions financi\u00e8res contre Alexandre de Moraes, le juge de la Cour supr\u00eame en charge du proc\u00e8s lors duquel Jair Bolsonaro a \u00e9t\u00e9 condamn\u00e9 \u00e0 27\u00a0ans de prison en septembre.<\/p>\n<p>La peine de Jair Bolsonaro bient\u00f4t r\u00e9duite\u00a0?<\/p>\n<p>L\u2019ancien pr\u00e9sident (2019-2022) purge sa peine depuis novembre dans les locaux de la Police f\u00e9d\u00e9rale de Brasilia. Mais la dur\u00e9e de son incarc\u00e9ration pourrait \u00eatre r\u00e9duite \u00e0 un peu plus de deux ans \u00e0 la faveur d\u2019une loi approuv\u00e9e mercredi par le Parlement \u00e0 forte majorit\u00e9 conservatrice.<\/p>\n<p>Trois autres fils de l\u2019ex-pr\u00e9sident d\u2019extr\u00eame droite ont eux aussi embrass\u00e9 la carri\u00e8re politique, dont l\u2019a\u00een\u00e9, Flavio Bolsonaro, s\u00e9nateur d\u00e9sign\u00e9 par son p\u00e8re comme son successeur pour repr\u00e9senter le camp conservateur lors de la prochaine pr\u00e9sidentielle de 2026.<\/p>\n","protected":false},"excerpt":{"rendered":"Selon un document, la chambre basse du Parlement br\u00e9silien a \u00ab\u00a0d\u00e9clar\u00e9 la perte du mandat du d\u00e9put\u00e9 Eduardo&hellip;\n","protected":false},"author":2,"featured_media":609041,"comment_status":"","ping_status":"","sticky":false,"template":"","format":"standard","meta":{"footnotes":""},"categories":[1589],"tags":[11,73,1866,12,1864,1865,1863,308],"class_list":{"0":"post-609040","1":"post","2":"type-post","3":"status-publish","4":"format-standard","5":"has-post-thumbnail","7":"category-etats-unis","8":"tag-actualites","9":"tag-etats-unis","10":"tag-etats-unis-damerique","11":"tag-news","12":"tag-united-states","13":"tag-united-states-of-america","14":"tag-us","15":"tag-usa"},"share_on_mastodon":{"url":"https:\/\/pubeurope.com\/@fr\/115745040944407006","error":""},"_links":{"self":[{"href":"https:\/\/www.europesays.com\/fr\/wp-json\/wp\/v2\/posts\/609040","targetHints":{"allow":["GET"]}}],"collection":[{"href":"https:\/\/www.europesays.com\/fr\/wp-json\/wp\/v2\/posts"}],"about":[{"href":"https:\/\/www.europesays.com\/fr\/wp-json\/wp\/v2\/types\/post"}],"author":[{"embeddable":true,"href":"https:\/\/www.europesays.com\/fr\/wp-json\/wp\/v2\/users\/2"}],"replies":[{"embeddable":true,"href":"https:\/\/www.europesays.com\/fr\/wp-json\/wp\/v2\/comments?post=609040"}],"version-history":[{"count":0,"href":"https:\/\/www.europesays.com\/fr\/wp-json\/wp\/v2\/posts\/609040\/revisions"}],"wp:featuredmedia":[{"embeddable":true,"href":"https:\/\/www.europesays.com\/fr\/wp-json\/wp\/v2\/media\/609041"}],"wp:attachment":[{"href":"https:\/\/www.europesays.com\/fr\/wp-json\/wp\/v2\/media?parent=609040"}],"wp:term":[{"taxonomy":"category","embeddable":true,"href":"https:\/\/www.europesays.com\/fr\/wp-json\/wp\/v2\/categories?post=609040"},{"taxonomy":"post_tag","embeddable":true,"href":"https:\/\/www.europesays.com\/fr\/wp-json\/wp\/v2\/tags?post=609040"}],"curies":[{"name":"wp","href":"https:\/\/api.w.org\/{rel}","templated":true}]}}