{"id":609054,"date":"2025-12-19T07:32:16","date_gmt":"2025-12-19T07:32:16","guid":{"rendered":"https:\/\/www.europesays.com\/fr\/609054\/"},"modified":"2025-12-19T07:32:16","modified_gmt":"2025-12-19T07:32:16","slug":"la-banque-de-france-revise-a-la-hausse-sa-prevision-pour-2025","status":"publish","type":"post","link":"https:\/\/www.europesays.com\/fr\/609054\/","title":{"rendered":"la Banque de France r\u00e9vise \u00e0 la hausse sa pr\u00e9vision pour 2025"},"content":{"rendered":"<p>\n    L\u2019institution pr\u00e9voit une croissance de 0,9% pour l\u2019ann\u00e9e 2025, moindre qu\u2019en 2024 mais plut\u00f4t optimiste dans ce contexte d\u2019incertitude budg\u00e9taire.<\/p>\n<p class=\"fig-paragraph\">L\u2019\u00e9conomie tricolore r\u00e9siste. La Banque de France a relev\u00e9 ce vendredi 19 d\u00e9cembre sa pr\u00e9vision de croissance \u00e0 0,9% pour 2025, apr\u00e8s 1,1% en 2024, notamment en raison de chocs sur l\u2019\u00e9conomie fran\u00e7aise\u00a0<a href=\"http:\/\/www.lefigaro.fr\/conjoncture\/l-economie-resiste-la-banque-de-france-va-remonter-sa-prevision-de-croissance-pour-2025-et-2026-20251210\" data-fig-type=\"NewsFlash\" data-gtm-custom-categorie=\"navigation\" data-gtm-custom-action=\"crossclick\" data-gtm-custom-label=\"Contextuel\" data-gtm-event=\"customEventSPE\" data-fig-domain=\"LEFIGARO\" target=\"_blank\" rel=\"noopener\">aux effets moindres qu\u2019escompt\u00e9 il y a quelques mois<\/a>, et malgr\u00e9 un contexte budg\u00e9taire incertain.\u00a0<a href=\"http:\/\/www.lefigaro.fr\/conjoncture\/la-croissance-resiste-en-2025-et-2026-malgre-le-chahut-budgetaire-20251217\" data-fig-type=\"NewsFlash\" data-gtm-custom-categorie=\"navigation\" data-gtm-custom-action=\"crossclick\" data-gtm-custom-label=\"Contextuel\" data-gtm-event=\"customEventSPE\" data-fig-domain=\"LEFIGARO\" target=\"_blank\" rel=\"noopener\">Dans le sillage de l\u2019Insee<\/a>, l\u2019institution mon\u00e9taire a r\u00e9vis\u00e9 \u00e0 la hausse sa projection annuelle.<\/p>\n<p class=\"fig-paragraph\">La banque centrale tablait jusqu\u2019ici sur une progression du produit int\u00e9rieur brut (PIB) tricolore de 0,7% en 2025 et 0,9% en 2026, tandis que le minist\u00e8re de l\u2019\u00c9conomie anticipe toujours une croissance \u00e0 0,8% en 2025. Selon la Banque de France, le PIB progresserait de 1% en 2026. Elle estime aussi que l\u2019inflation devrait s\u2019\u00e9tablir \u00e0 0,9% en 2025, apr\u00e8s 2,3% en 2024, une pr\u00e9vision sensiblement inf\u00e9rieure \u00e0 ses estimations d\u2019il y a un an.<\/p>\n<p class=\"fig-body-link\">\n            \u00c0 lire aussi<br \/>\n        <a class=\"fig-body-link__link fig-premium-mark\" href=\"http:\/\/www.lefigaro.fr\/conjoncture\/au-dela-de-5-de-deficit-la-france-se-mettrait-en-danger-la-mise-en-garde-du-gouverneur-de-la-banque-de-france-20251219\" target=\"_blank\" data-fig-type=\"NewsFlash\" rel=\"noopener\" data-gtm-custom-categorie=\"navigation\" data-gtm-custom-action=\"crossclick\" data-gtm-custom-label=\"Contextuel\" data-gtm-event=\"customEventSPE\" data-fig-domain=\"LEFIGARO\"><\/p>\n<p>        \u00ab\u00a0Au-del\u00e0 de 5 % de d\u00e9ficit, la France se mettrait en danger\u00a0\u00bb\u00a0: la mise en garde du gouverneur de la Banque de France<br \/>\n    <\/a>\n<\/p>\n<p>                                            <a class=\"fig-a11y-skip\" href=\"#fig-a11y-skip-main-inarticle\" data-module=\"a11y-skip\" data-context=\"was @visible\"><br \/>\n    Passer la publicit\u00e9<br \/>\n<\/a>            <\/p>\n<p>                                            Contexte politique incertain<\/p>\n<p class=\"fig-paragraph\">Ces donn\u00e9es sont publi\u00e9es dans un contexte politique et budg\u00e9taire incertain, alors qu\u2019une r\u00e9union cruciale entre s\u00e9nateurs et d\u00e9put\u00e9s doit se tenir vendredi\u00a0<a href=\"https:\/\/www.lefigaro.fr\/conjoncture\/en-direct-budget-2026-sebastien-lecornu-loi-speciale-commission-mixte-paritaire-deputes-senateurs-20251219\" target=\"_blank\" data-fig-type=\"Live\" rel=\"noopener\" data-gtm-custom-categorie=\"navigation\" data-gtm-custom-action=\"crossclick\" data-gtm-custom-label=\"Contextuel\" data-gtm-event=\"customEventSPE\" data-fig-domain=\"LEFIGARO\">pour tenter d\u2019aboutir \u00e0 un compromis sur le budget<\/a>, et dont l\u2019issue para\u00eet incertaine. En cas d\u2019\u00e9chec de ce conclave, le gouvernement pourrait envisager le vote d\u2019une loi sp\u00e9ciale, ce qui permettrait de reconduire les imp\u00f4ts de 2025 en 2026 (hors mesures exceptionnelles), une solution temporaire avant de tenter de faire adopter un budget l\u2019ann\u00e9e prochaine.<\/p>\n<p class=\"fig-paragraph\">C\u2019est dans ce contexte que la Banque de France a pr\u00e9sent\u00e9 ses projections macro\u00e9conomiques, renouant avec les pr\u00e9visions de croissance partag\u00e9es un an auparavant, en d\u00e9cembre 2024, quand l\u2019institution mon\u00e9taire pr\u00e9voyait une croissance de 0,9% pour l\u2019ann\u00e9e 2025. Face \u00e0 de multiples chocs d\u2019incertitude, et en particulier la menace des droits de douane am\u00e9ricains, la Banque de France avait ensuite abaiss\u00e9 sa pr\u00e9vision de croissance au cours de l\u2019ann\u00e9e, \u00e0 0,6% au mois de juin, a pr\u00e9cis\u00e9 l\u2019\u00e9conomiste en chef de la Banque de France, Olivier Garnier.<\/p>\n<p class=\"fig-paragraph\">\u00abOn revient en fin d\u2019ann\u00e9e aux projections d\u2019il y a un an, un peu comme s\u2019il n\u2019y avait pas eu tous les chocs d\u2019incertitude\u00bb, a-t-il relev\u00e9, soulignant leur impact moindre qu\u2019anticip\u00e9, mais dont les effets pourraient peut-\u00eatre \u00eatre \u00abplus durables\u00bb. Pendant l\u2019ann\u00e9e, l\u2019activit\u00e9 a notamment \u00e9t\u00e9 tir\u00e9e par l\u2019a\u00e9ronautique et des exportations tr\u00e8s dynamiques au second semestre, et la demande adress\u00e9e \u00e0 la France a \u00e9t\u00e9 \u00abtr\u00e8s sensiblement r\u00e9vis\u00e9e \u00e0 la hausse\u00bb, a expliqu\u00e9 Olivier Garnier. En 2026, la pr\u00e9vision de croissance serait soutenue par un redressement de la consommation des m\u00e9nages et de l\u2019investissement priv\u00e9, estime la Banque de France, qui s\u2019est toutefois gard\u00e9e de fournir des pr\u00e9visions chiffr\u00e9es sur le d\u00e9ficit public.<\/p>\n","protected":false},"excerpt":{"rendered":"L\u2019institution pr\u00e9voit une croissance de 0,9% pour l\u2019ann\u00e9e 2025, moindre qu\u2019en 2024 mais plut\u00f4t optimiste dans ce contexte&hellip;\n","protected":false},"author":2,"featured_media":609055,"comment_status":"","ping_status":"","sticky":false,"template":"","format":"standard","meta":{"footnotes":""},"categories":[4],"tags":[11,24240,913,1011,27,12,25],"class_list":{"0":"post-609054","1":"post","2":"type-post","3":"status-publish","4":"format-standard","5":"has-post-thumbnail","7":"category-france","8":"tag-actualites","9":"tag-banque-de-france","10":"tag-croissance","11":"tag-fr","12":"tag-france","13":"tag-news","14":"tag-republique-francaise"},"share_on_mastodon":{"url":"https:\/\/pubeurope.com\/@fr\/115745072255187254","error":""},"_links":{"self":[{"href":"https:\/\/www.europesays.com\/fr\/wp-json\/wp\/v2\/posts\/609054","targetHints":{"allow":["GET"]}}],"collection":[{"href":"https:\/\/www.europesays.com\/fr\/wp-json\/wp\/v2\/posts"}],"about":[{"href":"https:\/\/www.europesays.com\/fr\/wp-json\/wp\/v2\/types\/post"}],"author":[{"embeddable":true,"href":"https:\/\/www.europesays.com\/fr\/wp-json\/wp\/v2\/users\/2"}],"replies":[{"embeddable":true,"href":"https:\/\/www.europesays.com\/fr\/wp-json\/wp\/v2\/comments?post=609054"}],"version-history":[{"count":0,"href":"https:\/\/www.europesays.com\/fr\/wp-json\/wp\/v2\/posts\/609054\/revisions"}],"wp:featuredmedia":[{"embeddable":true,"href":"https:\/\/www.europesays.com\/fr\/wp-json\/wp\/v2\/media\/609055"}],"wp:attachment":[{"href":"https:\/\/www.europesays.com\/fr\/wp-json\/wp\/v2\/media?parent=609054"}],"wp:term":[{"taxonomy":"category","embeddable":true,"href":"https:\/\/www.europesays.com\/fr\/wp-json\/wp\/v2\/categories?post=609054"},{"taxonomy":"post_tag","embeddable":true,"href":"https:\/\/www.europesays.com\/fr\/wp-json\/wp\/v2\/tags?post=609054"}],"curies":[{"name":"wp","href":"https:\/\/api.w.org\/{rel}","templated":true}]}}