{"id":609056,"date":"2025-12-19T07:35:11","date_gmt":"2025-12-19T07:35:11","guid":{"rendered":"https:\/\/www.europesays.com\/fr\/609056\/"},"modified":"2025-12-19T07:35:11","modified_gmt":"2025-12-19T07:35:11","slug":"les-raisons-du-retour-en-force-du-stade-francais","status":"publish","type":"post","link":"https:\/\/www.europesays.com\/fr\/609056\/","title":{"rendered":"les raisons du retour en force du Stade Fran\u00e7ais"},"content":{"rendered":"<p>\n    Triste 12e du championnat la saison derni\u00e8re, le club parisien est de nouveau aux avant-postes (4e) avant le br\u00fblant derby contre le Racing 92 ce samedi. Explications.<\/p>\n<p>                                    <strong>Gustard a (enfin) les pleins pouvoirs<\/strong><\/p>\n<p class=\"fig-paragraph\">Adjoint charg\u00e9 de la d\u00e9fense, entra\u00eeneur principal int\u00e9rimaire, bras doit de Gonzalo Quesada puis de Laurent Labit\u2026 Le technicien anglais a tout connu depuis son arriv\u00e9e dans le staff parisien en 2022. Y compris les querelles d\u2019ego entre Laurent Labit et Karim Ghezal. Appr\u00e9ci\u00e9 des joueurs \u2013 sa science de la d\u00e9fense avait permis au SFP d\u2019\u00eatre demi-finaliste du championnat en 2024 \u2013 mais de plus en plus isol\u00e9 dans le staff,\u00a0<a href=\"http:\/\/www.lefigaro.fr\/sports\/rugby\/top-14\/top-14-paul-gustard-s-inscrit-dans-la-duree-au-stade-francais-20250607\" data-fig-type=\"NewsFlash\" data-gtm-custom-categorie=\"navigation\" data-gtm-custom-action=\"crossclick\" data-gtm-custom-label=\"Contextuel\" data-gtm-event=\"customEventSPE\" data-fig-domain=\"LEFIGARO\" target=\"_blank\" rel=\"noopener\">Paul Gustard avait des envies d\u2019ailleurs\u00a0<\/a>et \u00e9tait tout proche de r\u00e9pondre aux sir\u00e8nes de Leicester. Mais le pr\u00e9sident du club parisien, Hans Peter Wild voulait le conserver \u00e0 tout prix. Il lui a donc octroy\u00e9 les pleins pouvoirs, le laissant fa\u00e7onner son staff. Morgan Parra a sauv\u00e9 sa place, en charge de l\u2019attaque, seul Fran\u00e7ais dans un univers anglo-saxon\u00a0: Perry Freshwater est arriv\u00e9 de Perpignan pour s\u2019occuper des avants, Ian Vass pour les skills, Rory Kockott pour la d\u00e9fense, Scott Crean pour la pr\u00e9paration physique. Un staff enfin uni, partageant la m\u00eame philosophie de jeu, la m\u00eame exigence. Qui remis l\u2019effectif\u00a0<a href=\"http:\/\/www.lefigaro.fr\/sports\/rugby\/top-14\/top-14-le-stade-francais-attend-encore-pour-revoir-la-vie-en-rose-20251011\" data-fig-type=\"NewsFlash\" data-gtm-custom-categorie=\"navigation\" data-gtm-custom-action=\"crossclick\" data-gtm-custom-label=\"Contextuel\" data-gtm-event=\"customEventSPE\" data-fig-domain=\"LEFIGARO\" target=\"_blank\" rel=\"noopener\">sur les rails de la r\u00e9ussite<\/a>, 5e attaque et 4e d\u00e9fense du Top 14 apr\u00e8s 11 journ\u00e9es.<\/p>\n<p>                                            <strong>La m\u00eal\u00e9e emporte tout<\/strong><\/p>\n<p class=\"fig-paragraph\">Apr\u00e8s 21 saisons pass\u00e9es \u00e0 l\u2019Usap, l\u2019ancien pilier anglais Perry Freshwater a rejoint la capitale pour apporter son savoir-faire dans l\u2019art de la m\u00eal\u00e9e. Point fort de l\u2019\u00e9quipe parisienne il y a deux ans, elle s\u2019\u00e9tait \u00e9croul\u00e9e la saison derni\u00e8re. Le sp\u00e9cialiste lui a rendu toute sa solidit\u00e9, permettant aux avants aux \u00e9clairs de r\u00e9colter moults p\u00e9nalit\u00e9s dans cette \u00e9preuve de force. Une rampe de lancement pour les Soldats roses et une assurance tous risques. Un exemple, parmi d\u2019autres\u00a0: c\u2019est le huit de devant qui a arrach\u00e9, dans les derni\u00e8res secondes, la p\u00e9nalit\u00e9 de la victoire lors de la venue du Stade Rochelais. Le no scrum, no win a \u00e9t\u00e9 r\u00e9gl\u00e9.<\/p>\n<p class=\"fig-body-link\">\n            \u00c0 lire aussi<br \/>\n        <a class=\"fig-body-link__link\" href=\"http:\/\/www.lefigaro.fr\/sports\/rugby\/top-14\/top-14-a-quelle-heure-et-sur-quelle-chaine-suivre-le-derby-entre-le-stade-francais-paris-et-le-racing-92-20251216\" data-fig-type=\"NewsFlash\" data-gtm-custom-categorie=\"navigation\" data-gtm-custom-action=\"crossclick\" data-gtm-custom-label=\"Contextuel\" data-gtm-event=\"customEventSPE\" data-fig-domain=\"LEFIGARO\" target=\"_blank\" rel=\"noopener\"><\/p>\n<p>        Top 14\u00a0: \u00e0 quelle heure et sur quelle cha\u00eene suivre le derby entre le Stade Fran\u00e7ais Paris et le Racing 92\u00a0?<br \/>\n    <\/a>\n<\/p>\n<p>                                            <a class=\"fig-a11y-skip\" href=\"#fig-a11y-skip-main-inarticle\" data-module=\"a11y-skip\" data-context=\"was @visible\"><br \/>\n    Passer la publicit\u00e9<br \/>\n<\/a>            <\/p>\n<p>                                            <strong>Kerr-Barlow, le nouveau guide<\/strong><\/p>\n<p class=\"fig-paragraph\">Certains pouvaient craindre que l\u2019ancien All Black, champion du monde en 2015, venait \u00e0 Paris en pr\u00e9retraite, non conserv\u00e9 par le Stade Rochelais apr\u00e8s huit ann\u00e9es de bons et loyaux services. \u00c0 35 ans, Tawera Kerr-Barlow a prouv\u00e9 que ce n\u2019\u00e9tait pas le cas. Comp\u00e9titeur dans l\u2019\u00e2me, \u00abMister T\u00bb apporte sa rage de vaincre et toute son exp\u00e9rience au poste strat\u00e9gique de demi de m\u00eal\u00e9e o\u00f9 le Stade Fran\u00e7ais en manquait. Le N\u00e9o-Z\u00e9landais g\u00e8re les temps faibles, anime les temps forts, conna\u00eet toutes les ficelles du m\u00e9tier. Et favorise un apprentissage acc\u00e9l\u00e9r\u00e9 au jeune Thibaut Motassi. Un pari gagnant apr\u00e8s celui, rat\u00e9, de son compatriote, et \u00e9galement All Black,\u00a0<a href=\"http:\/\/www.lefigaro.fr\/sports\/rugby\/top-14\/top-14-le-neo-zelandais-brad-weber-va-quitter-le-stade-francais-pour-aller-au-japon-20251204\" data-fig-type=\"NewsFlash\" data-gtm-custom-categorie=\"navigation\" data-gtm-custom-action=\"crossclick\" data-gtm-custom-label=\"Contextuel\" data-gtm-event=\"customEventSPE\" data-fig-domain=\"LEFIGARO\" target=\"_blank\" rel=\"noopener\">Brad Weber, qui vient d\u2019\u00eatre lib\u00e9r\u00e9 de son contrat.<\/a><\/p>\n<p>                                            <strong>Carbonel, le brio d\u00e9brid\u00e9<\/strong><\/p>\n<p class=\"fig-paragraph\">Son arriv\u00e9e au Stade Fran\u00e7ais, durant l\u2019\u00e9t\u00e9 2024, devait \u00eatre le point de d\u00e9part de son retour au premier plan. \u00c9vinc\u00e9 de chez lui, Toulon, Louis Carbonel avait mollement rebondi \u00e0 Montpellier. O\u00f9, comme une mal\u00e9diction, il avait retrouv\u00e9 celui qui avait bris\u00e9 son \u00e9lan au RCT, Patrice Collazo. \u00c0 Paris, le talentueux ouvreur, champion du monde des moins de 20 ans en 2018 et 2019, allait reprendre sa trajectoire. Las\u00a0! Dans un club min\u00e9 par les dissensions internes, le Varois avait sombr\u00e9, comme le reste de l\u2019\u00e9quipe. Sa chance \u00e9tait pass\u00e9e croyait-on. Mais Paul Gustard lui a maintenu sa confiance, l\u2019a assur\u00e9 du statut de ma\u00eetre \u00e0 jouer des Soldats roses.\u00a0<a href=\"http:\/\/www.lefigaro.fr\/sports\/rugby\/top-14\/top-14-apres-une-saison-galere-avec-le-stade-francais-retour-de-flamme-pour-louis-carbonel-20251101\" data-fig-type=\"NewsFlash\" data-gtm-custom-categorie=\"navigation\" data-gtm-custom-action=\"crossclick\" data-gtm-custom-label=\"Contextuel\" data-gtm-event=\"customEventSPE\" data-fig-domain=\"LEFIGARO\" target=\"_blank\" rel=\"noopener\">Une confiance qui a revigor\u00e9 \u00abThe Carbonator\u00bb<\/a>. Non seulement, il empile les points (121 en 9 matchs disput\u00e9s, 13,4 de moyenne pour le deuxi\u00e8me r\u00e9alisateur du Top 14) mais, confort\u00e9 par la volont\u00e9 de tenter de l\u2019entra\u00eeneur anglais, Louis Carbonel ouvre des br\u00e8ches dans les d\u00e9fenses adverses (18 plaquages cass\u00e9s), alterne avec justesse entre jeu au pied et lancement \u00e0 la main. Redevenu maestro, il dirige avec brio une attaque parisienne retrouv\u00e9e.<\/p>\n<p>                                            <strong>Nene, le facteur X<\/strong><\/p>\n<p class=\"fig-paragraph\">Pr\u00eat\u00e9 \u00e0 Dax la saison derni\u00e8re pour s\u2019aguerrir, le jeune centre de 21 ans est revenu au bercail encore un peu plus solide physiquement. Et, avec son m\u00e8tre 92 et ses 108 kg, \u00e7a d\u00e9m\u00e9nage. Mais ce serait r\u00e9ducteur de r\u00e9duire Noah Nene \u00e0 ses \u00e9paules de d\u00e9m\u00e9nageur. L\u2019ancien footballeur form\u00e9 au ballon ovale \u00e0 Villejuif poss\u00e8de toute la panoplie de l\u2019attaquant moderne\u00a0: coup de reins pour prendre les intervalles, acc\u00e9l\u00e9ration pour relancer son \u00e9quipe, jeu au pied aussi puissant que pr\u00e9cis. Ce qui en fait le parfait compl\u00e9ment de l\u2019exp\u00e9riment\u00e9 Sud-Africain Ward. D\u00e9j\u00e0 convoqu\u00e9 par Fabien Galthi\u00e9 \u2013 sans suite pour cause de blessure \u00e0 l\u2019\u00e9paule -,\u00a0<a href=\"http:\/\/www.lefigaro.fr\/sports\/rugby\/xv-de-france\/xv-de-france-qui-est-noah-nene-le-nouvel-ovni-appele-avec-les-bleus-pour-preparer-le-tournoi-des-six-nations-20250115\" data-fig-type=\"NewsFlash\" data-gtm-custom-categorie=\"navigation\" data-gtm-custom-action=\"crossclick\" data-gtm-custom-label=\"Contextuel\" data-gtm-event=\"customEventSPE\" data-fig-domain=\"LEFIGARO\" target=\"_blank\" rel=\"noopener\">Nene ne devrait pas tarder \u00e0 revenir \u00e0 Marcoussis<\/a>. Pour une premi\u00e8re s\u00e9lection qui lui semble promise en 2026.<\/p>\n","protected":false},"excerpt":{"rendered":"Triste 12e du championnat la saison derni\u00e8re, le club parisien est de nouveau aux avant-postes (4e) avant le&hellip;\n","protected":false},"author":2,"featured_media":609057,"comment_status":"","ping_status":"","sticky":false,"template":"","format":"standard","meta":{"footnotes":""},"categories":[1416],"tags":[1011,27,36939,479,1468,60,2558],"class_list":{"0":"post-609056","1":"post","2":"type-post","3":"status-publish","4":"format-standard","5":"has-post-thumbnail","7":"category-rugby","8":"tag-fr","9":"tag-france","10":"tag-louis-carbonel","11":"tag-rugby","12":"tag-rugby-football","13":"tag-sports","14":"tag-stade-francais"},"share_on_mastodon":{"url":"https:\/\/pubeurope.com\/@fr\/115745084203966660","error":""},"_links":{"self":[{"href":"https:\/\/www.europesays.com\/fr\/wp-json\/wp\/v2\/posts\/609056","targetHints":{"allow":["GET"]}}],"collection":[{"href":"https:\/\/www.europesays.com\/fr\/wp-json\/wp\/v2\/posts"}],"about":[{"href":"https:\/\/www.europesays.com\/fr\/wp-json\/wp\/v2\/types\/post"}],"author":[{"embeddable":true,"href":"https:\/\/www.europesays.com\/fr\/wp-json\/wp\/v2\/users\/2"}],"replies":[{"embeddable":true,"href":"https:\/\/www.europesays.com\/fr\/wp-json\/wp\/v2\/comments?post=609056"}],"version-history":[{"count":0,"href":"https:\/\/www.europesays.com\/fr\/wp-json\/wp\/v2\/posts\/609056\/revisions"}],"wp:featuredmedia":[{"embeddable":true,"href":"https:\/\/www.europesays.com\/fr\/wp-json\/wp\/v2\/media\/609057"}],"wp:attachment":[{"href":"https:\/\/www.europesays.com\/fr\/wp-json\/wp\/v2\/media?parent=609056"}],"wp:term":[{"taxonomy":"category","embeddable":true,"href":"https:\/\/www.europesays.com\/fr\/wp-json\/wp\/v2\/categories?post=609056"},{"taxonomy":"post_tag","embeddable":true,"href":"https:\/\/www.europesays.com\/fr\/wp-json\/wp\/v2\/tags?post=609056"}],"curies":[{"name":"wp","href":"https:\/\/api.w.org\/{rel}","templated":true}]}}