{"id":609058,"date":"2025-12-19T07:36:17","date_gmt":"2025-12-19T07:36:17","guid":{"rendered":"https:\/\/www.europesays.com\/fr\/609058\/"},"modified":"2025-12-19T07:36:17","modified_gmt":"2025-12-19T07:36:17","slug":"des-nouveaux-noms-du-plateau-du-bastide-uts-de-nimes-reveles-deux-joueurs-dont-un-classe-dans-le-top-5-mondial-seront-dans-les-arenes","status":"publish","type":"post","link":"https:\/\/www.europesays.com\/fr\/609058\/","title":{"rendered":"Des nouveaux noms du plateau du Bastide UTS de N\u00eemes r\u00e9v\u00e9l\u00e9s\u00a0: deux joueurs, dont un class\u00e9 dans le Top 5 mondial, seront dans les ar\u00e8nes"},"content":{"rendered":"<p>\n                                                                Les noms de deux nouveaux joueurs qui \u00e9volueront dans les ar\u00e8nes lors de la prochaine \u00e9dition du tournoi de tennis Bastide UTS N\u00eemes ont \u00e9t\u00e9 d\u00e9voil\u00e9s ce vendredi 19\u00a0d\u00e9cembre.\n                            <\/p>\n<p>La prochaine<a href=\"https:\/\/www.midilibre.fr\/2025\/10\/28\/le-tournoi-de-tennis-bastide-uts-a-nimes-deuxieme-service-en-avril-2026-13017974.php\" target=\"_self\" rel=\"noopener\"> \u00e9dition aura lieu les 3 et 4\u00a0avril prochains<\/a>. Apr\u00e8s le succ\u00e8s rencontr\u00e9 par le Bastide UTS N\u00eemes, tournoi de tennis aux r\u00e8gles innovantes, le plateau qui composera ce nouveau rendez-vous commence \u00e0 s\u2019\u00e9toffer. Et la billetterie est d\u2019ores et d\u00e9j\u00e0 sur de bons rails, m\u00eame si l\u00e9g\u00e8rement en retrait par rapport \u00e0 l\u2019ann\u00e9e derni\u00e8re.<\/p>\n<p>D\u00e9j\u00e0 10\u00a0000 places vendues pour le samedi<\/p>\n<p>\u00ab\u00a0Mais ce qu\u2019il faut int\u00e9grer, pr\u00e9cise Vincent Bastide, sponsor principal du tournoi avec Bastide M\u00e9dical, c\u2019est que la pr\u00e9sentation s\u2019est d\u00e9roul\u00e9e plus tard cette ann\u00e9e et que nous n\u2019avons donn\u00e9 que trois joueurs. On est un peu en dessous, mais sur le samedi, on a d\u00e9j\u00e0\u00a0d\u00e9pass\u00e9 les 10\u00a0000 billets vendus et cela devrait\u00a0\u00eatre complet \u00e0 partir du mois de janvier, au vu de la quantit\u00e9 de places vendues chaque jour. Et cela devrait se renforcer avec l\u2019annonce de nouveaux joueurs.\u00a0\u00bb<\/p>\n<p>Apr\u00e8s Casper Ruud, Ugo Humbert et Alexander Bublik, deux nouveaux noms ont justement \u00e9t\u00e9 d\u00e9voil\u00e9s par Vincent Bastide\u00a0: \u00ab\u00a0Nous aurons un\u00a0joueur qui \u00e9tait d\u00e9j\u00e0 pr\u00e9sent lors de l\u2019\u00e9dition pr\u00e9c\u00e9dente, le Russe\u00a0Andrey Rublev, qui est 16e joueur mondial, vainqueur de deux tournois UTS, avec un palmar\u00e8s de 17 titres en ATP qui l\u2019a class\u00e9 dans les cinq-six meilleurs joueurs mondiaux. Il est\u00a0extr\u00eamement r\u00e9gulier, extr\u00eamement efficace sur terre battue\u00a0\u00bb, juge le PDG de Bastide M\u00e9dical.<\/p>\n<p>Auger-Aliassime, le joueur qui monte<\/p>\n<p>Qui se f\u00e9licite \u00e9galement de la venue de \u00ab\u00a0F\u00e9lix Auger-Aliassime, 5e joueur mondial, qui a fait un parcours 2025 assez brillant, puisqu\u2019il a fait notamment finaliste au Master 1\u00a0000 de Paris-Bercy derni\u00e8rement, qu\u2019il finit fort l\u2019ann\u00e9e. C\u2019est vraiment un joueur en pleine ascension. Et il se trouve qu\u2019il est canadien et francophone, ce qui est int\u00e9ressant d\u2019un\u00a0point de vue ludique car il va pouvoir jouer avec le public. Il est en plus super \u00e9l\u00e9gant \u00e0 la fois dans l\u2019attitude et\u00a0dans le jeu. C\u2019\u00e9tait une tr\u00e8s belle surprise de pouvoir le faire venir.\u00a0\u00bb<\/p>\n<p>Avec ces deux nouvelles pointures, restent d\u00e9sormais trois places pour compl\u00e9ter le tournoi. Et sans pr\u00e9juger de qui seront les derniers invit\u00e9s, Vincent Bastide ne cache pas sa pr\u00e9f\u00e9rence pour admirer un tennisman avec \u00ab\u00a0un revers \u00e0 une main. Parce que c\u2019est peut-\u00eatre un peu ce qu\u2019il manquait sur le dernier tournoi je trouve. Il y a des joueurs que j\u2019appr\u00e9cie beaucoup comme le Bulgare Grigor Dimitrov, qui a un revers \u00e0 une main qui est absolument incroyable. Ou aussi l\u2019Italien Lorenzo Musetti ou le Canadien Denis Shapovalov. Apr\u00e8s je donne des pr\u00e9conisations, mais je ne suis pas le seul d\u00e9cideur. Mais je veux quand m\u00eame que cet \u00e9v\u00e9nement-l\u00e0 r\u00e9unisse le top des meilleurs joueurs du circuit. C\u2019est un peu dans cet \u00e9tat d\u2019esprit qu\u2019on essaie de construire le sujet\u00a0\u00bb, conclut Vincent Bastide.<\/p>\n","protected":false},"excerpt":{"rendered":"Les noms de deux nouveaux joueurs qui \u00e9volueront dans les ar\u00e8nes lors de la prochaine \u00e9dition du tournoi&hellip;\n","protected":false},"author":2,"featured_media":609059,"comment_status":"","ping_status":"","sticky":false,"template":"","format":"standard","meta":{"footnotes":""},"categories":[1415],"tags":[1011,27,2679,2682,517,60,1467],"class_list":{"0":"post-609058","1":"post","2":"type-post","3":"status-publish","4":"format-standard","5":"has-post-thumbnail","7":"category-tennis","8":"tag-fr","9":"tag-france","10":"tag-gard","11":"tag-nimes","12":"tag-sport","13":"tag-sports","14":"tag-tennis"},"share_on_mastodon":{"url":"https:\/\/pubeurope.com\/@fr\/115745088046154346","error":""},"_links":{"self":[{"href":"https:\/\/www.europesays.com\/fr\/wp-json\/wp\/v2\/posts\/609058","targetHints":{"allow":["GET"]}}],"collection":[{"href":"https:\/\/www.europesays.com\/fr\/wp-json\/wp\/v2\/posts"}],"about":[{"href":"https:\/\/www.europesays.com\/fr\/wp-json\/wp\/v2\/types\/post"}],"author":[{"embeddable":true,"href":"https:\/\/www.europesays.com\/fr\/wp-json\/wp\/v2\/users\/2"}],"replies":[{"embeddable":true,"href":"https:\/\/www.europesays.com\/fr\/wp-json\/wp\/v2\/comments?post=609058"}],"version-history":[{"count":0,"href":"https:\/\/www.europesays.com\/fr\/wp-json\/wp\/v2\/posts\/609058\/revisions"}],"wp:featuredmedia":[{"embeddable":true,"href":"https:\/\/www.europesays.com\/fr\/wp-json\/wp\/v2\/media\/609059"}],"wp:attachment":[{"href":"https:\/\/www.europesays.com\/fr\/wp-json\/wp\/v2\/media?parent=609058"}],"wp:term":[{"taxonomy":"category","embeddable":true,"href":"https:\/\/www.europesays.com\/fr\/wp-json\/wp\/v2\/categories?post=609058"},{"taxonomy":"post_tag","embeddable":true,"href":"https:\/\/www.europesays.com\/fr\/wp-json\/wp\/v2\/tags?post=609058"}],"curies":[{"name":"wp","href":"https:\/\/api.w.org\/{rel}","templated":true}]}}