{"id":609070,"date":"2025-12-19T07:46:14","date_gmt":"2025-12-19T07:46:14","guid":{"rendered":"https:\/\/www.europesays.com\/fr\/609070\/"},"modified":"2025-12-19T07:46:14","modified_gmt":"2025-12-19T07:46:14","slug":"cest-toujours-un-oui-celine-dion-rend-un-vibrant-hommage-a-rene-angelil-pour-celebrer-une-date-chere-a-son-coeur","status":"publish","type":"post","link":"https:\/\/www.europesays.com\/fr\/609070\/","title":{"rendered":"\u00ab\u00a0C&rsquo;est toujours un oui\u00a0\u00bb\u00a0: C\u00e9line Dion rend un vibrant hommage \u00e0 Ren\u00e9 Ang\u00e9lil pour c\u00e9l\u00e9brer une date ch\u00e8re \u00e0 son c\u0153ur"},"content":{"rendered":"<p class=\"ap-StoryElement ap-StoryElement--mb ap-StoryText\">Le temps n&rsquo;a pas d&#8217;emprise sur l&rsquo;amour que porte <b>C\u00e9line Dion<\/b> \u00e0 <b>Ren\u00e9 Ang\u00e9lil<\/b>. Malgr\u00e9 le poids des ann\u00e9es, la chanteuse canadienne n&rsquo;a naturellement pas oubli\u00e9 son d\u00e9funt \u00e9poux avec qui elle a eu trois enfants et qui est d\u00e9c\u00e9d\u00e9 en janvier\u00a02016 apr\u00e8s de tr\u00e8s nombreuses ann\u00e9es \u00e0 ses c\u00f4t\u00e9s. En ce milieu de semaine, elle a profit\u00e9 d&rsquo;une date symbolique pour saluer sa m\u00e9moire.<\/p>\n<p class=\"ap-StoryElement ap-StoryElement--mb ap-StoryText\">Le <b>17\u00a0d\u00e9cembre 1994<\/b>, les deux tourtereaux unissaient, en effet, leur destin au sein de la basilique Notre-Dame de Montr\u00e9al. Plus de trente ans plus tard, l&rsquo;impr\u00e9sario de la superstar de la chanson est d\u00e9c\u00e9d\u00e9 mais son souvenir reste ind\u00e9l\u00e9bile.<\/p>\n<p>Pour acc\u00e9der \u00e0 cet article, veuillez vous connecter au r\u00e9seau internet.<\/p>\n","protected":false},"excerpt":{"rendered":"Le temps n&rsquo;a pas d&#8217;emprise sur l&rsquo;amour que porte C\u00e9line Dion \u00e0 Ren\u00e9 Ang\u00e9lil. Malgr\u00e9 le poids des&hellip;\n","protected":false},"author":2,"featured_media":609071,"comment_status":"","ping_status":"","sticky":false,"template":"","format":"standard","meta":{"footnotes":""},"categories":[1355],"tags":[574,972,7043,58,59,1011,27,1361,873,973,8449],"class_list":{"0":"post-609070","1":"post","2":"type-post","3":"status-publish","4":"format-standard","5":"has-post-thumbnail","7":"category-musique","8":"tag-canada","9":"tag-celebrite","10":"tag-celine-dion","11":"tag-divertissement","12":"tag-entertainment","13":"tag-fr","14":"tag-france","15":"tag-music","16":"tag-musique","17":"tag-people","18":"tag-rene-angelil"},"share_on_mastodon":{"url":"https:\/\/pubeurope.com\/@fr\/115745127609675434","error":""},"_links":{"self":[{"href":"https:\/\/www.europesays.com\/fr\/wp-json\/wp\/v2\/posts\/609070","targetHints":{"allow":["GET"]}}],"collection":[{"href":"https:\/\/www.europesays.com\/fr\/wp-json\/wp\/v2\/posts"}],"about":[{"href":"https:\/\/www.europesays.com\/fr\/wp-json\/wp\/v2\/types\/post"}],"author":[{"embeddable":true,"href":"https:\/\/www.europesays.com\/fr\/wp-json\/wp\/v2\/users\/2"}],"replies":[{"embeddable":true,"href":"https:\/\/www.europesays.com\/fr\/wp-json\/wp\/v2\/comments?post=609070"}],"version-history":[{"count":0,"href":"https:\/\/www.europesays.com\/fr\/wp-json\/wp\/v2\/posts\/609070\/revisions"}],"wp:featuredmedia":[{"embeddable":true,"href":"https:\/\/www.europesays.com\/fr\/wp-json\/wp\/v2\/media\/609071"}],"wp:attachment":[{"href":"https:\/\/www.europesays.com\/fr\/wp-json\/wp\/v2\/media?parent=609070"}],"wp:term":[{"taxonomy":"category","embeddable":true,"href":"https:\/\/www.europesays.com\/fr\/wp-json\/wp\/v2\/categories?post=609070"},{"taxonomy":"post_tag","embeddable":true,"href":"https:\/\/www.europesays.com\/fr\/wp-json\/wp\/v2\/tags?post=609070"}],"curies":[{"name":"wp","href":"https:\/\/api.w.org\/{rel}","templated":true}]}}