{"id":609099,"date":"2025-12-19T08:05:11","date_gmt":"2025-12-19T08:05:11","guid":{"rendered":"https:\/\/www.europesays.com\/fr\/609099\/"},"modified":"2025-12-19T08:05:11","modified_gmt":"2025-12-19T08:05:11","slug":"un-homme-agresse-a-lattes","status":"publish","type":"post","link":"https:\/\/www.europesays.com\/fr\/609099\/","title":{"rendered":"un homme agress\u00e9 \u00e0 Lattes"},"content":{"rendered":"<p>                    Par<br \/>\n        <strong><br \/>\n            <a href=\"https:\/\/actu.fr\/auteur\/jm-aubert\" title=\"Consulter tous les articles de Jean-Marc Aubert\" target=\"_blank\" rel=\"noopener\">Jean-Marc Aubert<\/a><br \/>\n                    <\/strong><\/p>\n<p>        Publi\u00e9 le<\/p>\n<p>            19 d\u00e9c. 2025 \u00e0 8h58        <\/p>\n<p>Un homme est tomb\u00e9 dans un<strong> guet-apens,<\/strong> la nuit derni\u00e8re, \u00e0 <strong>Lattes<\/strong>, aux sud de Montpellier : il a re\u00e7u des <strong>coups de couteau<\/strong>. Il est hors de danger.<\/p>\n<p class=\" wall-content\">Selon l\u2019unique version de la victime, il \u00e9tait environ 1h15, en cette nuit de jeudi 18 \u00e0 ce vendredi 19 d\u00e9cembre 2025, quand son ex-concubine se serait pr\u00e9sent\u00e9e \u00e0 son domicile, au lieu-dit le Mas de Fromiga, une zone isol\u00e9e dans la commune de Lattes, pour r\u00e9cup\u00e9rer des affaires qu\u2019elle avait laiss\u00e9s lors de leur rupture.<\/p>\n<p>    <a href=\"https:\/\/www.google.com\/maps\/embed?pb=!1m18!1m12!1m3!1d12830.128628453775!2d3.8645483171805104!3d43.56926106960895!2m3!1f0!2f0!3f0!3m2!1i1024!2i768!4f13.1!3m3!1m2!1s0x12b6b028f15b761f%3A0xa5a8018999c11d08!2sFromiga%2C%2034970%20Lattes!5e0!3m2!1sfr!2sfr!4v1766130949791!5m2!1sfr!2sfr\" title=\"Ouvrie le lien\" target=\"_blank\" rel=\"noopener\">Cliquez ici pour visualiser le contenu<\/a><\/p>\n<p class=\" wall-content\">L\u2019ex-compagnon se serait alors ex\u00e9cut\u00e9, mais, \u00e0 peine arriv\u00e9 dans la cour du mas, un individu tapi dans l\u2019obscurit\u00e9 aurait surgi et arm\u00e9 d\u2019un couteau lui aurait port\u00e9 des coups \u00e0 la t\u00eate et dans le dos, avant de prendre la fuite \u00e0 bord d\u2019une voiture gar\u00e9e \u00e0 proximit\u00e9, en compagnie de son ex-concubine.<\/p>\n<p class=\" wall-content\">\u00c0 l\u2019arriv\u00e9e des sapeurs-pompiers du <strong>Sdis 34<\/strong> et de la <strong>police nationale<\/strong> -DIPN 34-, la victime pr\u00e9sentait des plaies saignantes sur le cr\u00e2ne et des blessures dans le dos provoqu\u00e9es par des coups de lame. Conscient, il a \u00e9t\u00e9 transport\u00e9 aux urgences de l\u2019h\u00f4pital Lapeyronie, o\u00f9 son \u00e9tat n\u2019inspire aucune inqui\u00e9tude. Les policiers vont pouvoir l\u2019entendre longuement sur ce guet-apens nocturne qui aurait \u00e9t\u00e9 foment\u00e9 par son ex-conjointe et un complice.<\/p>\n<p class=\" wall-content\">Personnalisez votre actualit\u00e9 en ajoutant vos villes et m\u00e9dias en favori avec <a href=\"https:\/\/moncompte.actu.fr\" title=\"D\u00e9couvez Mon Actu\" rel=\"nofollow noopener\" data-trk=\"{&quot;cta&quot;:{&quot;action&quot;:&quot;https:\\\/\\\/moncompte.actu.fr&quot;,&quot;category&quot;:&quot;mon compte&quot;,&quot;from&quot;:&quot;article footer&quot;,&quot;name&quot;:&quot;Mon actu&quot;,&quot;type&quot;:&quot;cta&quot;}}\" target=\"_blank\">Mon Actu<\/a>.<\/p>\n","protected":false},"excerpt":{"rendered":"Par Jean-Marc Aubert Publi\u00e9 le 19 d\u00e9c. 2025 \u00e0 8h58 Un homme est tomb\u00e9 dans un guet-apens, la&hellip;\n","protected":false},"author":2,"featured_media":609100,"comment_status":"","ping_status":"","sticky":false,"template":"","format":"standard","meta":{"footnotes":""},"categories":[9599],"tags":[1111,11,15154,1777,674,118,1011,27,303,2208,12,2680,1072,25],"class_list":{"0":"post-609099","1":"post","2":"type-post","3":"status-publish","4":"format-standard","5":"has-post-thumbnail","7":"category-montpellier","8":"tag-actu","9":"tag-actualites","10":"tag-chu-de-montpellier","11":"tag-eu","12":"tag-europe","13":"tag-faits-divers","14":"tag-fr","15":"tag-france","16":"tag-justice","17":"tag-montpellier","18":"tag-news","19":"tag-occitanie","20":"tag-police","21":"tag-republique-francaise"},"share_on_mastodon":{"url":"https:\/\/pubeurope.com\/@fr\/115745202140088206","error":""},"_links":{"self":[{"href":"https:\/\/www.europesays.com\/fr\/wp-json\/wp\/v2\/posts\/609099","targetHints":{"allow":["GET"]}}],"collection":[{"href":"https:\/\/www.europesays.com\/fr\/wp-json\/wp\/v2\/posts"}],"about":[{"href":"https:\/\/www.europesays.com\/fr\/wp-json\/wp\/v2\/types\/post"}],"author":[{"embeddable":true,"href":"https:\/\/www.europesays.com\/fr\/wp-json\/wp\/v2\/users\/2"}],"replies":[{"embeddable":true,"href":"https:\/\/www.europesays.com\/fr\/wp-json\/wp\/v2\/comments?post=609099"}],"version-history":[{"count":0,"href":"https:\/\/www.europesays.com\/fr\/wp-json\/wp\/v2\/posts\/609099\/revisions"}],"wp:featuredmedia":[{"embeddable":true,"href":"https:\/\/www.europesays.com\/fr\/wp-json\/wp\/v2\/media\/609100"}],"wp:attachment":[{"href":"https:\/\/www.europesays.com\/fr\/wp-json\/wp\/v2\/media?parent=609099"}],"wp:term":[{"taxonomy":"category","embeddable":true,"href":"https:\/\/www.europesays.com\/fr\/wp-json\/wp\/v2\/categories?post=609099"},{"taxonomy":"post_tag","embeddable":true,"href":"https:\/\/www.europesays.com\/fr\/wp-json\/wp\/v2\/tags?post=609099"}],"curies":[{"name":"wp","href":"https:\/\/api.w.org\/{rel}","templated":true}]}}