{"id":609105,"date":"2025-12-19T08:08:20","date_gmt":"2025-12-19T08:08:20","guid":{"rendered":"https:\/\/www.europesays.com\/fr\/609105\/"},"modified":"2025-12-19T08:08:20","modified_gmt":"2025-12-19T08:08:20","slug":"une-cinquantaine-de-tracteurs-a-rouen-contre-le-mercosur","status":"publish","type":"post","link":"https:\/\/www.europesays.com\/fr\/609105\/","title":{"rendered":"Une cinquantaine de tracteurs \u00e0 Rouen contre le Mercosur"},"content":{"rendered":"<p melodystyle=\"texte\">\u00ab\u00a0Macron trahison, Genevard d\u00e9mission\u00a0\u00bb, lance Nathalie, \u00e9leveuse dans le pays de Bray devant la cit\u00e9 administrative de Rouen, jeudi 18\u00a0d\u00e9cembre dans l&rsquo;apr\u00e8s-midi. Comme une centaine d&rsquo;agriculteurs de la Coordination rurale, venus avec une cinquantaine de tracteurs, elle est venue crier son ras-le-bol et le sentiment d&rsquo;abandon du monde agricole. \u00ab\u00a0On veut pas crever, on le dit\u00a0! Les normes nous submergent\u00a0\u00bb, lance-t-elle exc\u00e9d\u00e9e. Et le sujet du trait\u00e9 entre l&rsquo;UE et le Mercosur, dont la signature a finalement \u00e9t\u00e9 report\u00e9e au mois de janvier, est bien s\u00fbr au c\u0153ur des discussions. \u00ab\u00a0On est contre le libre-\u00e9change, tout ce qui va nous envahir en France\u00a0\u00bb, insiste-t-elle.<\/p>\n<p melodystyle=\"texte\">M\u00eame r\u00e9flexion pour Dorian, \u00e9leveur \u00e0 Sainte-Croix-sur-Buchy, qui craint que le march\u00e9 europ\u00e9en soit inond\u00e9 de produits en provenance d&rsquo;Am\u00e9rique latine. \u00ab\u00a0C&rsquo;est de la viande qui va entrer qui n&rsquo;est pas produite avec les m\u00eames normes que nous. \u00c7a va faire baisser les prix\u00a0! Il faut dire au consommateur que la qualit\u00e9 d&rsquo;une b\u00eate produite chez moi ou n&rsquo;importe o\u00f9 en France est nettement sup\u00e9rieure\u00a0\u00bb, ass\u00e8ne-t-il.<\/p>\n<p class=\"article_photo\" data-num=\"2\"><img decoding=\"async\" alt=\"Une centaine d'agriculteurs de la Coordination rurale se sont mobilis\u00e9s.\" src=\"https:\/\/www.europesays.com\/fr\/wp-content\/uploads\/2025\/12\/1405-tab.jpg\"\/>Une centaine d&rsquo;agriculteurs de la Coordination rurale se sont mobilis\u00e9s. &#8211; Pierre Durand-Gratian<\/p>\n<p>Un soutien aux agriculteurs touch\u00e9s par la dermatose nodulaire<\/p>\n<p melodystyle=\"texte\">Les agriculteurs mobilis\u00e9s tenaient aussi \u00e0 soutenir leurs coll\u00e8gues touch\u00e9s par la dermatose nodulaire contagieuse. Eux n&rsquo;acceptent pas le protocole actuel face \u00e0 la maladie et les abattages massifs mais d\u00e9fendent une vaccination \u00e0 grande \u00e9chelle.<\/p>\n<p melodystyle=\"texte\">Apr\u00e8s qu&rsquo;une d\u00e9l\u00e9gation a \u00e9t\u00e9 re\u00e7ue \u00e0 la Direction d\u00e9partementale des territoires et de la mer, les tracteurs ont converg\u00e9 vers la pr\u00e9fecture, pour rencontrer le pr\u00e9fet.<\/p>\n<p melodystyle=\"texte\">Un mouvement pacifique. En tout cas pour l&rsquo;instant. \u00ab\u00a0On veut alerter les pouvoirs publics. C&rsquo;est \u00e9vident que si le Mercosur est sign\u00e9, on passera vers des blocages\u00a0\u00bb, lance Sylvain de Bosschere, pr\u00e9sident de la Coordination rurale en Seine-Maritime.<\/p>\n<p class=\"article_photo\" data-num=\"3\"><img decoding=\"async\" alt=\"Sylvain de Bosschere est le pr\u00e9sident de la Coordination rurale de Seine-Maritime.\" src=\"https:\/\/www.europesays.com\/fr\/wp-content\/uploads\/2025\/12\/9796-tab.jpg\"\/>Sylvain de Bosschere est le pr\u00e9sident de la Coordination rurale de Seine-Maritime. &#8211; Pierre Durand-Gratian<\/p>\n","protected":false},"excerpt":{"rendered":"\u00ab\u00a0Macron trahison, Genevard d\u00e9mission\u00a0\u00bb, lance Nathalie, \u00e9leveuse dans le pays de Bray devant la cit\u00e9 administrative de Rouen,&hellip;\n","protected":false},"author":2,"featured_media":609106,"comment_status":"","ping_status":"","sticky":false,"template":"","format":"standard","meta":{"footnotes":""},"categories":[9587],"tags":[1111,11,1777,674,1011,27,12,5161,25,9590],"class_list":{"0":"post-609105","1":"post","2":"type-post","3":"status-publish","4":"format-standard","5":"has-post-thumbnail","7":"category-rouen","8":"tag-actu","9":"tag-actualites","10":"tag-eu","11":"tag-europe","12":"tag-fr","13":"tag-france","14":"tag-news","15":"tag-normandie","16":"tag-republique-francaise","17":"tag-rouen"},"share_on_mastodon":{"url":"https:\/\/pubeurope.com\/@fr\/115745215098194658","error":""},"_links":{"self":[{"href":"https:\/\/www.europesays.com\/fr\/wp-json\/wp\/v2\/posts\/609105","targetHints":{"allow":["GET"]}}],"collection":[{"href":"https:\/\/www.europesays.com\/fr\/wp-json\/wp\/v2\/posts"}],"about":[{"href":"https:\/\/www.europesays.com\/fr\/wp-json\/wp\/v2\/types\/post"}],"author":[{"embeddable":true,"href":"https:\/\/www.europesays.com\/fr\/wp-json\/wp\/v2\/users\/2"}],"replies":[{"embeddable":true,"href":"https:\/\/www.europesays.com\/fr\/wp-json\/wp\/v2\/comments?post=609105"}],"version-history":[{"count":0,"href":"https:\/\/www.europesays.com\/fr\/wp-json\/wp\/v2\/posts\/609105\/revisions"}],"wp:featuredmedia":[{"embeddable":true,"href":"https:\/\/www.europesays.com\/fr\/wp-json\/wp\/v2\/media\/609106"}],"wp:attachment":[{"href":"https:\/\/www.europesays.com\/fr\/wp-json\/wp\/v2\/media?parent=609105"}],"wp:term":[{"taxonomy":"category","embeddable":true,"href":"https:\/\/www.europesays.com\/fr\/wp-json\/wp\/v2\/categories?post=609105"},{"taxonomy":"post_tag","embeddable":true,"href":"https:\/\/www.europesays.com\/fr\/wp-json\/wp\/v2\/tags?post=609105"}],"curies":[{"name":"wp","href":"https:\/\/api.w.org\/{rel}","templated":true}]}}